{"id":4830,"date":"2021-06-02T18:04:22","date_gmt":"2021-06-02T21:04:22","guid":{"rendered":"https:\/\/radiorevelacionfm.cl\/?p=4830"},"modified":"2021-06-02T18:04:22","modified_gmt":"2021-06-02T21:04:22","slug":"obras-de-nueva-sede-comunitaria-en-puyuhuapi-se-encuentra-en-etapa-final-de-construccion","status":"publish","type":"post","link":"https:\/\/radiorevelacionfm.cl\/?p=4830","title":{"rendered":"Obras de nueva Sede Comunitaria en Puyuhuapi se encuentra en etapa final de construcci\u00f3n"},"content":{"rendered":"<div class=\"flex_column av_one_full  flex_column_div av-zero-column-padding first  avia-builder-el-0  el_before_av_one_full  avia-builder-el-first  \" style='border-radius:0px; '><div  class='avia-image-container  av-styling-    avia-builder-el-1  avia-builder-el-no-sibling  avia-align-center '  itemprop=\"image\" itemscope=\"itemscope\" itemtype=\"https:\/\/schema.org\/ImageObject\"  ><div class='avia-image-container-inner'><div class='avia-image-overlay-wrap'><img decoding=\"async\" class='wp-image-4831 avia-img-lazy-loading-not-4831 avia_image' src=\"https:\/\/radiorevelacionfm.cl\/wp-content\/uploads\/2021\/06\/Sede-Vecinal-Puyuhuapi-2-1-1.jpeg\" alt='' title='Sede Vecinal Puyuhuapi 2 (1) (1)' height=\"600\" width=\"1333\"  itemprop=\"thumbnailUrl\" srcset=\"https:\/\/radiorevelacionfm.cl\/wp-content\/uploads\/2021\/06\/Sede-Vecinal-Puyuhuapi-2-1-1.jpeg 1333w, https:\/\/radiorevelacionfm.cl\/wp-content\/uploads\/2021\/06\/Sede-Vecinal-Puyuhuapi-2-1-1-300x135.jpeg 300w, https:\/\/radiorevelacionfm.cl\/wp-content\/uploads\/2021\/06\/Sede-Vecinal-Puyuhuapi-2-1-1-1030x464.jpeg 1030w, https:\/\/radiorevelacionfm.cl\/wp-content\/uploads\/2021\/06\/Sede-Vecinal-Puyuhuapi-2-1-1-768x346.jpeg 768w, https:\/\/radiorevelacionfm.cl\/wp-content\/uploads\/2021\/06\/Sede-Vecinal-Puyuhuapi-2-1-1-705x317.jpeg 705w, https:\/\/radiorevelacionfm.cl\/wp-content\/uploads\/2021\/06\/Sede-Vecinal-Puyuhuapi-2-1-1-600x270.jpeg 600w\" sizes=\"(max-width: 1333px) 100vw, 1333px\" \/><\/div><\/div><\/div><\/div><div class=\"flex_column av_one_full  flex_column_div av-zero-column-padding first  avia-builder-el-2  el_after_av_one_full  el_before_av_one_full  column-top-margin\" style='border-radius:0px; '><section class=\"av_textblock_section \"  itemscope=\"itemscope\" itemtype=\"https:\/\/schema.org\/BlogPosting\" itemprop=\"blogPost\" ><div class='avia_textblock  '   itemprop=\"text\" ><p style=\"text-align: center;\"><strong><span style=\"font-size: 18pt;\">Obras de nueva Sede Comunitaria en Puyuhuapi se encuentra en etapa final de construcci\u00f3n <\/span><\/strong><\/p>\n<div id=\"gtx-trans\" style=\"position: absolute; left: -50px; top: 4.31534px;\">\n<div class=\"gtx-trans-icon\"><\/div>\n<\/div>\n<\/div><\/section><\/div><div class=\"flex_column av_one_full  flex_column_div av-zero-column-padding first  avia-builder-el-4  el_after_av_one_full  el_before_av_hr  column-top-margin\" style='border-radius:0px; '><section class=\"av_textblock_section \"  itemscope=\"itemscope\" itemtype=\"https:\/\/schema.org\/BlogPosting\" itemprop=\"blogPost\" ><div class='avia_textblock  '   itemprop=\"text\" ><p style=\"text-align: justify;\">Un gran anhelo de la Junta de Vecinos de Puyuhuapi por muchos a\u00f1os ha sido contar con una sede social propia, en cual puedan realizan sus reuniones, actividades, campa\u00f1as y otras iniciativas propias de la organizaci\u00f3n. Este tema lo conversaron con el Alcalde Francisco Roncagliolo, quien dispuso la elaboraci\u00f3n de un proyecto mediante la unidad de planificaci\u00f3n del Municipio de Cisnes.<\/p>\n<p style=\"text-align: justify;\">Hoy gracias a los recursos otorgados por el Gobierno Regional de Ays\u00e9n y el importante respaldo del Core la nueva infraestructura es una realidad y las obras est\u00e1n muy pr\u00f3ximas a finalizar. Algo que fue destacado por el Alcalde Roncagliolo.<\/p>\n<p style=\"text-align: justify;\">\u201cEn nuestra administraci\u00f3n es muy importante apoyar a las organizaciones comunitarias de toda nuestra comuna, es por eso que, adquirimos este gran compromiso con la junta de vecinos de Puerto Puyuhuapi y a trav\u00e9s un proyecto Fril se est\u00e1 financiando esta sede social. Con esto adem\u00e1s, estamos cumpliendo un sue\u00f1o de muchos a\u00f1os, cumpliendo tambi\u00e9n un desaf\u00edo de la localidad de contar con un espacio propio y donde nuestra junta de vecinos pueda llevar adelante sus funciones con total autonom\u00eda, en beneficio directo de cada uno de los vecinos y vecinas. Agradecemos el apoyo que siempre nos ha brindado el Gobierno Regional de Ays\u00e9n, a trav\u00e9s de su Consejo Regional en pleno, que ha permitido llevar adelante este nuevo desaf\u00edo para la junta de vecinos de Puerto Puyuhuapi\u201d.<\/p>\n<p style=\"text-align: justify;\">Fueron muchos a\u00f1os para lograr este objetivo, lo cual ha sido posible gracias al respaldo de la Municipalidad de Cisnes, enfatiz\u00f3 la presidenta de la junta de vecinos de Puyuhuapi, Paola Rodr\u00edguez.<\/p>\n<p style=\"text-align: justify;\">\u201cHace much\u00edsimo tiempo la junta de vecinos tenia esta aspiraci\u00f3n de tener un lugar propio, en Puerto Puyuhuapi hay muy pocas infraestructuras que den el espacio para tener las reuniones y a la junta de vecinos de verdad que se hac\u00eda necesario. As\u00ed es que, estamos esperando dichosos, muy contentos, agradecemos infinitamente al Municipio por acoger la solicitud de esta directiva, esperando pronto la inauguraci\u00f3n. La junta de vecinos aqu\u00ed en Puyuhuapi es la madre de todas las otras organizaciones, entonces, para nosotros se hac\u00eda prioritario tener este espacio para que as\u00ed pudi\u00e9ramos reunirnos y prestar ayuda a otras organizaciones que no tienen sede\u201d.<\/p>\n<p style=\"text-align: justify;\">Son 45 millones de pesos los que se invierten, gracias a recursos del Gobierno Regional de Ays\u00e9n mediante un proyecto financiado a trav\u00e9s del programa Fril y que permitir\u00e1 muy pronto a la junta de vecinos de Puyuhuapi contar con la esperada sede comunitaria.<\/p>\n<\/div><\/section><\/div><div  style='height:50px' class='hr hr-invisible   avia-builder-el-6  el_after_av_one_full  el_before_av_social_share '><span class='hr-inner ' ><span class='hr-inner-style'><\/span><\/span><\/div><\/p>\n<div  class='av-social-sharing-box  avia-builder-el-7  el_after_av_hr  el_before_av_hr  '><div class='av-share-box'><h5 class='av-share-link-description av-no-toc '>Compartir esta noticia<\/h5><ul class='av-share-box-list noLightbox'><li class='av-share-link av-social-link-facebook' ><a target=\"_blank\" aria-label=\"Compartir en Facebook\" href='https:\/\/www.facebook.com\/sharer.php?u=https:\/\/radiorevelacionfm.cl\/?p=4830&#038;t=Obras%20de%20nueva%20Sede%20Comunitaria%20en%20Puyuhuapi%20se%20encuentra%20en%20etapa%20final%20de%20construcci%C3%B3n' aria-hidden='false' data-av_icon='\ue8f3' data-av_iconfont='entypo-fontello' title='' data-avia-related-tooltip='Compartir en Facebook' rel=\"noopener\"><span class='avia_hidden_link_text'>Compartir en Facebook<\/span><\/a><\/li><li class='av-share-link av-social-link-twitter' ><a target=\"_blank\" aria-label=\"Compartir en Twitter\" href='https:\/\/twitter.com\/share?text=Obras%20de%20nueva%20Sede%20Comunitaria%20en%20Puyuhuapi%20se%20encuentra%20en%20etapa%20final%20de%20construcci%C3%B3n&#038;url=https:\/\/radiorevelacionfm.cl\/?p=4830' aria-hidden='false' data-av_icon='\ue8f1' data-av_iconfont='entypo-fontello' title='' data-avia-related-tooltip='Compartir en Twitter' rel=\"noopener\"><span class='avia_hidden_link_text'>Compartir en Twitter<\/span><\/a><\/li><li class='av-share-link av-social-link-whatsapp' ><a target=\"_blank\" aria-label=\"Compartir en Whatsapp\" href='https:\/\/api.whatsapp.com\/send?text=https:\/\/radiorevelacionfm.cl\/?p=4830' aria-hidden='false' data-av_icon='\uf232' data-av_iconfont='entypo-fontello' title='' data-avia-related-tooltip='Compartir en Whatsapp' rel=\"noopener\"><span class='avia_hidden_link_text'>Compartir en Whatsapp<\/span><\/a><\/li><li class='av-share-link av-social-link-linkedin' ><a target=\"_blank\" aria-label=\"Compartir en LinkedIn\" href='https:\/\/linkedin.com\/shareArticle?mini=true&#038;title=Obras%20de%20nueva%20Sede%20Comunitaria%20en%20Puyuhuapi%20se%20encuentra%20en%20etapa%20final%20de%20construcci%C3%B3n&#038;url=https:\/\/radiorevelacionfm.cl\/?p=4830' aria-hidden='false' data-av_icon='\ue8fc' data-av_iconfont='entypo-fontello' title='' data-avia-related-tooltip='Compartir en LinkedIn' rel=\"noopener\"><span class='avia_hidden_link_text'>Compartir en LinkedIn<\/span><\/a><\/li><li class='av-share-link av-social-link-mail' ><a  aria-label=\"Compartir por correo\" href='mailto:?subject=Obras%20de%20nueva%20Sede%20Comunitaria%20en%20Puyuhuapi%20se%20encuentra%20en%20etapa%20final%20de%20construcci%C3%B3n&#038;body=https:\/\/radiorevelacionfm.cl\/?p=4830' aria-hidden='false' data-av_icon='\ue805' data-av_iconfont='entypo-fontello' title='' data-avia-related-tooltip='Compartir por correo'><span class='avia_hidden_link_text'>Compartir por correo<\/span><\/a><\/li><\/ul><\/div><\/div>\n<div  style='height:50px' class='hr hr-invisible   avia-builder-el-8  el_after_av_social_share  el_before_av_comments_list '><span class='hr-inner ' ><span class='hr-inner-style'><\/span><\/span><\/div>\n<div  class='av-buildercomment  av-blog-meta-html-info-disabled av-blog-meta-tag-disabled  '><\/div>\n","protected":false},"excerpt":{"rendered":"","protected":false},"author":1,"featured_media":4831,"comment_status":"open","ping_status":"open","sticky":false,"template":"","format":"standard","meta":{"footnotes":""},"categories":[38],"tags":[],"class_list":["post-4830","post","type-post","status-publish","format-standard","has-post-thumbnail","hentry","category-regional"],"jetpack_featured_media_url":"https:\/\/radiorevelacionfm.cl\/wp-content\/uploads\/2021\/06\/Sede-Vecinal-Puyuhuapi-2-1-1.jpeg","_links":{"self":[{"href":"https:\/\/radiorevelacionfm.cl\/index.php?rest_route=\/wp\/v2\/posts\/4830","targetHints":{"allow":["GET"]}}],"collection":[{"href":"https:\/\/radiorevelacionfm.cl\/index.php?rest_route=\/wp\/v2\/posts"}],"about":[{"href":"https:\/\/radiorevelacionfm.cl\/index.php?rest_route=\/wp\/v2\/types\/post"}],"author":[{"embeddable":true,"href":"https:\/\/radiorevelacionfm.cl\/index.php?rest_route=\/wp\/v2\/users\/1"}],"replies":[{"embeddable":true,"href":"https:\/\/radiorevelacionfm.cl\/index.php?rest_route=%2Fwp%2Fv2%2Fcomments&post=4830"}],"version-history":[{"count":1,"href":"https:\/\/radiorevelacionfm.cl\/index.php?rest_route=\/wp\/v2\/posts\/4830\/revisions"}],"predecessor-version":[{"id":4832,"href":"https:\/\/radiorevelacionfm.cl\/index.php?rest_route=\/wp\/v2\/posts\/4830\/revisions\/4832"}],"wp:featuredmedia":[{"embeddable":true,"href":"https:\/\/radiorevelacionfm.cl\/index.php?rest_route=\/wp\/v2\/media\/4831"}],"wp:attachment":[{"href":"https:\/\/radiorevelacionfm.cl\/index.php?rest_route=%2Fwp%2Fv2%2Fmedia&parent=4830"}],"wp:term":[{"taxonomy":"category","embeddable":true,"href":"https:\/\/radiorevelacionfm.cl\/index.php?rest_route=%2Fwp%2Fv2%2Fcategories&post=4830"},{"taxonomy":"post_tag","embeddable":true,"href":"https:\/\/radiorevelacionfm.cl\/index.php?rest_route=%2Fwp%2Fv2%2Ftags&post=4830"}],"curies":[{"name":"wp","href":"https:\/\/api.w.org\/{rel}","templated":true}]}}