{"id":48297,"date":"2024-12-09T11:20:24","date_gmt":"2024-12-09T14:20:24","guid":{"rendered":"https:\/\/radiorevelacionfm.cl\/?p=48297"},"modified":"2024-12-09T11:20:24","modified_gmt":"2024-12-09T14:20:24","slug":"universidad-de-chile-facultad-de-ciencias-fisicas-y-matematicas-abre-cupos-especiales-para-admision-2025","status":"publish","type":"post","link":"https:\/\/radiorevelacionfm.cl\/?p=48297","title":{"rendered":"Universidad de Chile: Facultad de Ciencias F\u00edsicas y Matem\u00e1ticas abre cupos especiales para admisi\u00f3n 2025"},"content":{"rendered":"<div class=\"flex_column av_one_full  flex_column_div av-zero-column-padding first  avia-builder-el-0  el_before_av_one_full  avia-builder-el-first  \" style='border-radius:0px; '><div  class='avia-image-container  av-styling-    avia-builder-el-1  avia-builder-el-no-sibling  avia-align-center '  itemprop=\"image\" itemscope=\"itemscope\" itemtype=\"https:\/\/schema.org\/ImageObject\"  ><div class='avia-image-container-inner'><div class='avia-image-overlay-wrap'><img decoding=\"async\" class='wp-image-48298 avia-img-lazy-loading-not-48298 avia_image' src=\"https:\/\/radiorevelacionfm.cl\/wp-content\/uploads\/2024\/11\/1-10-2_optimized.jpeg\" alt='' title='1-10-2_optimized' height=\"600\" width=\"800\"  itemprop=\"thumbnailUrl\" srcset=\"https:\/\/radiorevelacionfm.cl\/wp-content\/uploads\/2024\/11\/1-10-2_optimized.jpeg 800w, https:\/\/radiorevelacionfm.cl\/wp-content\/uploads\/2024\/11\/1-10-2_optimized-300x225.jpeg 300w, https:\/\/radiorevelacionfm.cl\/wp-content\/uploads\/2024\/11\/1-10-2_optimized-768x576.jpeg 768w, https:\/\/radiorevelacionfm.cl\/wp-content\/uploads\/2024\/11\/1-10-2_optimized-705x529.jpeg 705w, https:\/\/radiorevelacionfm.cl\/wp-content\/uploads\/2024\/11\/1-10-2_optimized-450x338.jpeg 450w, https:\/\/radiorevelacionfm.cl\/wp-content\/uploads\/2024\/11\/1-10-2_optimized-600x450.jpeg 600w\" sizes=\"(max-width: 800px) 100vw, 800px\" \/><\/div><\/div><\/div><\/div><div class=\"flex_column av_one_full  flex_column_div av-zero-column-padding first  avia-builder-el-2  el_after_av_one_full  el_before_av_one_full  column-top-margin\" style='border-radius:0px; '><section class=\"av_textblock_section \"  itemscope=\"itemscope\" itemtype=\"https:\/\/schema.org\/BlogPosting\" itemprop=\"blogPost\" ><div class='avia_textblock  '   itemprop=\"text\" ><p style=\"text-align: center;\"><strong><span style=\"font-size: 18pt;\">Universidad de Chile: Facultad de Ciencias F\u00edsicas y Matem\u00e1ticas abre cupos especiales para admisi\u00f3n 2025<\/span><\/strong><\/p>\n<div id=\"gtx-trans\" style=\"position: absolute; left: -50px; top: 4.31534px;\">\n<div class=\"gtx-trans-icon\"><\/div>\n<\/div>\n<\/div><\/section><\/div><div class=\"flex_column av_one_full  flex_column_div av-zero-column-padding first  avia-builder-el-4  el_after_av_one_full  el_before_av_hr  column-top-margin\" style='border-radius:0px; '><section class=\"av_textblock_section \"  itemscope=\"itemscope\" itemtype=\"https:\/\/schema.org\/BlogPosting\" itemprop=\"blogPost\" ><div class='avia_textblock  '   itemprop=\"text\" ><p style=\"text-align: justify;\">El Programa Especial de ingreso para la Admisi\u00f3n 2025 considera 30 cupos para estudiantes de pueblos ind\u00edgenas y 80 vacantes para mujeres que deseen ingresar a una carrera de ingenier\u00eda por plan com\u00fan en la Facultad de Ciencias F\u00edsicas y Matem\u00e1ticas (FCFM) de la Universidad de Chile.<\/p>\n<p style=\"text-align: justify;\">Seg\u00fan explic\u00f3 el subdirector de Pueblos Ind\u00edgenas de la FCFM, Nikolas St\u00fcdemann, \u201clos cupos ind\u00edgenas buscan incentivar el acceso a la educaci\u00f3n superior de las y los j\u00f3venes pertenecientes a los diez pueblos ind\u00edgenas chilenos reconocidos: aymara, atacame\u00f1o\/lickan-antay, chango, colla, diaguita, kaw\u00e9shkar, mapuche, rapanui, quechua y yag\u00e1n, que tengan inter\u00e9s por la ingenier\u00eda y que adem\u00e1s posean un buen desempe\u00f1o acad\u00e9mico\u201d.<\/p>\n<p style=\"text-align: justify;\">La autoridad agreg\u00f3 que, \u201cel programa es una v\u00eda de admisi\u00f3n especial de la Universidad de Chile, que permite que quienes rindan PAES, pertenezcan a alg\u00fan pueblo ind\u00edgena y cumplan con los requisitos solicitados postulen por esta v\u00eda\u201d.<\/p>\n<p style=\"text-align: justify;\">\u201cDesde la Subdirecci\u00f3n de Pueblos Ind\u00edgenas estamos conscientes de la importancia que tiene este proceso universitario para los j\u00f3venes, por esto quienes sean beneficiarias\/os de este ingreso especial, contar\u00e1n con el apoyo necesario en el proceso de vinculaci\u00f3n acad\u00e9mica, sobre todo en el primer a\u00f1o de vida universitario, mediante un sistema de acompa\u00f1amiento y tutor\u00edas a estudiantes pertenecientes a pueblos ind\u00edgenas, que entrega orientaci\u00f3n y apoyo\u201d, indic\u00f3 Nikolas St\u00fcdemann.<\/p>\n<p style=\"text-align: justify;\">Las tutor\u00edas son una instancia que brinda a los nuevos alumnos tutor\u00edas integrales personales, apoyo acad\u00e9mico y actividades de distensi\u00f3n y esparcimiento.En tanto, el ingreso especial \u201cCupos M\u00e1s Mujeres Cient\u00edficas +MC\u201d tiene por objeto contribuir a disminuir las brechas de g\u00e9nero, as\u00ed como potenciar y aumentar la participaci\u00f3n de mujeres en carreras relacionadas a las ciencias, tecnolog\u00eda, ingenier\u00eda y matem\u00e1ticas (STEM).<\/p>\n<p style=\"text-align: justify;\"><strong>\u00bfC\u00f3mo postular a los cupos ind\u00edgenas?<\/strong><\/p>\n<p style=\"text-align: justify;\">Para acceder a alguno de los 30 cupos de admisi\u00f3n especial para pueblos ind\u00edgenas, las y los j\u00f3venes deber\u00e1n cumplir los siguientes requisitos:<\/p>\n<ul style=\"text-align: justify;\">\n<li>Realizar la postulaci\u00f3n entre el 3 de agosto de 2024 y el 9 de enero de 2025 hasta las 13:00 horas.<\/li>\n<li>Postular al Plan Com\u00fan de Ingenier\u00eda y Ciencias de la Universidad de Chile (c\u00f3d. 11045) dentro de las primeras cuatro preferencias en el Sistema \u00danico de Admisi\u00f3n y ser parte de la lista de espera que se genera a continuaci\u00f3n de la lista de seleccionados en el proceso regular de admisi\u00f3n a dicho programa.<\/li>\n<li>Haber postulado en primera prioridad a alguna carrera de la Universidad de Chile.<\/li>\n<li>Contar con un puntaje ponderado para dicha carrera igual o superior a 680,00 puntos.<\/li>\n<li>No haber ingresado m\u00e1s de una vez mediante esta v\u00eda de admisi\u00f3n especial.<\/li>\n<li>Demostrar pertenencia a un pueblo ind\u00edgena presentando un certificado de acreditaci\u00f3n emitido por la\u00a0<a href=\"https:\/\/pueblosindigenas.ing.uchile.cl\/wp-content\/uploads\/2023\/09\/SPI-Guia-para-obtener-Certificado-de-Acreditacion-Indigena.pdf\">Corporaci\u00f3n Nacional de Desarrollo Ind\u00edgena (Conadi)<\/a>.<\/li>\n<\/ul>\n<p style=\"text-align: justify;\">Para quienes deseen preinscribirse a esta v\u00eda de admisi\u00f3n, deben enviar su certificado de acreditaci\u00f3n de\u00a0<a href=\"https:\/\/pueblosindigenas.ing.uchile.cl\/wp-content\/uploads\/2023\/09\/SPI-Guia-para-obtener-Certificado-de-Acreditacion-Indigena.pdf\">Conadi<\/a>, en el plazo indicado, a trav\u00e9s del siguiente formulario:\u00a0<a href=\"https:\/\/form.jotformz.com\/92515936956673\">Formulario de postulaci\u00f3n<\/a>. Quienes no env\u00eden sus antecedentes en las fechas indicadas no podr\u00e1n acceder a las vacantes especiales.<\/p>\n<p style=\"text-align: justify;\"><strong>\u00bfC\u00f3mo postular a los cupos\u00a0<\/strong><a href=\"https:\/\/ingenieria.uchile.cl\/admision\/ingresos-especiales\/cupos-equidad-de-genero\"><strong>M\u00e1s Mujeres Cient\u00edficas +MC\u00a0<\/strong><\/a><strong>?<\/strong><\/p>\n<ul style=\"text-align: justify;\">\n<li>Se considerar\u00e1 la postulaci\u00f3n centralizada a trav\u00e9s del Sistema de Acceso, entre el 6 y el 9 de enero de 2025.<\/li>\n<li>Durante el proceso, se deber\u00e1n indicar hasta 20 carreras de inter\u00e9s, en orden de preferencia.<\/li>\n<li>Solo se considerar\u00e1n para la selecci\u00f3n de los<a href=\"https:\/\/ingenieria.uchile.cl\/admision\/ingresos-especiales\/cupos-equidad-de-genero\">\u00a0cupos +MC<\/a>\u00a0las carreras que cuenten con vacantes disponibles mediante esta v\u00eda y en las que la postulante cumpla con todos los requisitos.<\/li>\n<li>No ser\u00e1 necesario realizar una postulaci\u00f3n adicional.<\/li>\n<li>Una vez concluido el proceso de postulaci\u00f3n, los\u00a0<a href=\"https:\/\/ingenieria.uchile.cl\/admision\/ingresos-especiales\/cupos-equidad-de-genero\">cupos +MC<\/a>\u00a0se asignar\u00e1n siguiendo el orden de puntaje ponderado, de mayor a menor, hasta completar la cantidad ofrecida por carrera.<\/li>\n<li>Los resultados de los cupos +MC se informar\u00e1n junto a los resultados de selecci\u00f3n de la admisi\u00f3n regular, BEA y PACE, el d\u00eda 20 de enero de 2025 en el sitio\u00a0<a href=\"http:\/\/acceso.mineduc.cl\/\">acceso.mineduc.cl<\/a>.<\/li>\n<\/ul>\n<\/div><\/section><\/div><div  style='height:50px' class='hr hr-invisible   avia-builder-el-6  el_after_av_one_full  el_before_av_social_share '><span class='hr-inner ' ><span class='hr-inner-style'><\/span><\/span><\/div><\/p>\n<div  class='av-social-sharing-box  avia-builder-el-7  el_after_av_hr  el_before_av_hr  '><div class='av-share-box'><h5 class='av-share-link-description av-no-toc '>Compartir esta noticia<\/h5><ul class='av-share-box-list noLightbox'><li class='av-share-link av-social-link-facebook' ><a target=\"_blank\" aria-label=\"Compartir en Facebook\" href='https:\/\/www.facebook.com\/sharer.php?u=https:\/\/radiorevelacionfm.cl\/?p=48297&#038;t=Universidad%20de%20Chile%3A%20Facultad%20de%20Ciencias%20F%C3%ADsicas%20y%20Matem%C3%A1ticas%20abre%20cupos%20especiales%20para%20admisi%C3%B3n%202025' aria-hidden='false' data-av_icon='\ue8f3' data-av_iconfont='entypo-fontello' title='' data-avia-related-tooltip='Compartir en Facebook' rel=\"noopener\"><span class='avia_hidden_link_text'>Compartir en Facebook<\/span><\/a><\/li><li class='av-share-link av-social-link-twitter' ><a target=\"_blank\" aria-label=\"Compartir en Twitter\" href='https:\/\/twitter.com\/share?text=Universidad%20de%20Chile%3A%20Facultad%20de%20Ciencias%20F%C3%ADsicas%20y%20Matem%C3%A1ticas%20abre%20cupos%20especiales%20para%20admisi%C3%B3n%202025&#038;url=https:\/\/radiorevelacionfm.cl\/?p=48297' aria-hidden='false' data-av_icon='\ue8f1' data-av_iconfont='entypo-fontello' title='' data-avia-related-tooltip='Compartir en Twitter' rel=\"noopener\"><span class='avia_hidden_link_text'>Compartir en Twitter<\/span><\/a><\/li><li class='av-share-link av-social-link-whatsapp' ><a target=\"_blank\" aria-label=\"Compartir en Whatsapp\" href='https:\/\/api.whatsapp.com\/send?text=https:\/\/radiorevelacionfm.cl\/?p=48297' aria-hidden='false' data-av_icon='\uf232' data-av_iconfont='entypo-fontello' title='' data-avia-related-tooltip='Compartir en Whatsapp' rel=\"noopener\"><span class='avia_hidden_link_text'>Compartir en Whatsapp<\/span><\/a><\/li><li class='av-share-link av-social-link-linkedin' ><a target=\"_blank\" aria-label=\"Compartir en LinkedIn\" href='https:\/\/linkedin.com\/shareArticle?mini=true&#038;title=Universidad%20de%20Chile%3A%20Facultad%20de%20Ciencias%20F%C3%ADsicas%20y%20Matem%C3%A1ticas%20abre%20cupos%20especiales%20para%20admisi%C3%B3n%202025&#038;url=https:\/\/radiorevelacionfm.cl\/?p=48297' aria-hidden='false' data-av_icon='\ue8fc' data-av_iconfont='entypo-fontello' title='' data-avia-related-tooltip='Compartir en LinkedIn' rel=\"noopener\"><span class='avia_hidden_link_text'>Compartir en LinkedIn<\/span><\/a><\/li><li class='av-share-link av-social-link-mail' ><a  aria-label=\"Compartir por correo\" href='mailto:?subject=Universidad%20de%20Chile%3A%20Facultad%20de%20Ciencias%20F%C3%ADsicas%20y%20Matem%C3%A1ticas%20abre%20cupos%20especiales%20para%20admisi%C3%B3n%202025&#038;body=https:\/\/radiorevelacionfm.cl\/?p=48297' aria-hidden='false' data-av_icon='\ue805' data-av_iconfont='entypo-fontello' title='' data-avia-related-tooltip='Compartir por correo'><span class='avia_hidden_link_text'>Compartir por correo<\/span><\/a><\/li><\/ul><\/div><\/div>\n<div  style='height:50px' class='hr hr-invisible   avia-builder-el-8  el_after_av_social_share  el_before_av_comments_list '><span class='hr-inner ' ><span class='hr-inner-style'><\/span><\/span><\/div>\n<div  class='av-buildercomment  av-blog-meta-html-info-disabled av-blog-meta-tag-disabled  '><\/div>\n","protected":false},"excerpt":{"rendered":"","protected":false},"author":1,"featured_media":48298,"comment_status":"open","ping_status":"open","sticky":false,"template":"","format":"standard","meta":{"footnotes":""},"categories":[49],"tags":[],"class_list":["post-48297","post","type-post","status-publish","format-standard","has-post-thumbnail","hentry","category-educacion"],"jetpack_featured_media_url":"https:\/\/radiorevelacionfm.cl\/wp-content\/uploads\/2024\/11\/1-10-2_optimized.jpeg","_links":{"self":[{"href":"https:\/\/radiorevelacionfm.cl\/index.php?rest_route=\/wp\/v2\/posts\/48297","targetHints":{"allow":["GET"]}}],"collection":[{"href":"https:\/\/radiorevelacionfm.cl\/index.php?rest_route=\/wp\/v2\/posts"}],"about":[{"href":"https:\/\/radiorevelacionfm.cl\/index.php?rest_route=\/wp\/v2\/types\/post"}],"author":[{"embeddable":true,"href":"https:\/\/radiorevelacionfm.cl\/index.php?rest_route=\/wp\/v2\/users\/1"}],"replies":[{"embeddable":true,"href":"https:\/\/radiorevelacionfm.cl\/index.php?rest_route=%2Fwp%2Fv2%2Fcomments&post=48297"}],"version-history":[{"count":1,"href":"https:\/\/radiorevelacionfm.cl\/index.php?rest_route=\/wp\/v2\/posts\/48297\/revisions"}],"predecessor-version":[{"id":48299,"href":"https:\/\/radiorevelacionfm.cl\/index.php?rest_route=\/wp\/v2\/posts\/48297\/revisions\/48299"}],"wp:featuredmedia":[{"embeddable":true,"href":"https:\/\/radiorevelacionfm.cl\/index.php?rest_route=\/wp\/v2\/media\/48298"}],"wp:attachment":[{"href":"https:\/\/radiorevelacionfm.cl\/index.php?rest_route=%2Fwp%2Fv2%2Fmedia&parent=48297"}],"wp:term":[{"taxonomy":"category","embeddable":true,"href":"https:\/\/radiorevelacionfm.cl\/index.php?rest_route=%2Fwp%2Fv2%2Fcategories&post=48297"},{"taxonomy":"post_tag","embeddable":true,"href":"https:\/\/radiorevelacionfm.cl\/index.php?rest_route=%2Fwp%2Fv2%2Ftags&post=48297"}],"curies":[{"name":"wp","href":"https:\/\/api.w.org\/{rel}","templated":true}]}}