{"id":48294,"date":"2024-11-27T09:45:42","date_gmt":"2024-11-27T12:45:42","guid":{"rendered":"https:\/\/radiorevelacionfm.cl\/?p=48294"},"modified":"2024-11-27T09:45:42","modified_gmt":"2024-11-27T12:45:42","slug":"escuela-de-bahia-murta-recibio-obras-de-mejoramiento-de-su-infraestructura","status":"publish","type":"post","link":"https:\/\/radiorevelacionfm.cl\/?p=48294","title":{"rendered":"Escuela de Bah\u00eda Murta recibi\u00f3 obras de mejoramiento de su infraestructura"},"content":{"rendered":"<div class=\"flex_column av_one_full  flex_column_div av-zero-column-padding first  avia-builder-el-0  el_before_av_one_full  avia-builder-el-first  \" style='border-radius:0px; '><div  class='avia-image-container  av-styling-    avia-builder-el-1  avia-builder-el-no-sibling  avia-align-center '  itemprop=\"image\" itemscope=\"itemscope\" itemtype=\"https:\/\/schema.org\/ImageObject\"  ><div class='avia-image-container-inner'><div class='avia-image-overlay-wrap'><img decoding=\"async\" class='wp-image-48295 avia-img-lazy-loading-not-48295 avia_image' src=\"https:\/\/radiorevelacionfm.cl\/wp-content\/uploads\/2024\/11\/ninos-bailando-chamame-2-2.jpeg\" alt='' title='ni\u00f1os bailando chamam\u00e9-2-2' height=\"600\" width=\"900\"  itemprop=\"thumbnailUrl\" srcset=\"https:\/\/radiorevelacionfm.cl\/wp-content\/uploads\/2024\/11\/ninos-bailando-chamame-2-2.jpeg 900w, https:\/\/radiorevelacionfm.cl\/wp-content\/uploads\/2024\/11\/ninos-bailando-chamame-2-2-300x200.jpeg 300w, https:\/\/radiorevelacionfm.cl\/wp-content\/uploads\/2024\/11\/ninos-bailando-chamame-2-2-768x512.jpeg 768w, https:\/\/radiorevelacionfm.cl\/wp-content\/uploads\/2024\/11\/ninos-bailando-chamame-2-2-705x470.jpeg 705w, https:\/\/radiorevelacionfm.cl\/wp-content\/uploads\/2024\/11\/ninos-bailando-chamame-2-2-450x300.jpeg 450w, https:\/\/radiorevelacionfm.cl\/wp-content\/uploads\/2024\/11\/ninos-bailando-chamame-2-2-600x400.jpeg 600w\" sizes=\"(max-width: 900px) 100vw, 900px\" \/><\/div><\/div><\/div><\/div><div class=\"flex_column av_one_full  flex_column_div av-zero-column-padding first  avia-builder-el-2  el_after_av_one_full  el_before_av_one_full  column-top-margin\" style='border-radius:0px; '><section class=\"av_textblock_section \"  itemscope=\"itemscope\" itemtype=\"https:\/\/schema.org\/BlogPosting\" itemprop=\"blogPost\" ><div class='avia_textblock  '   itemprop=\"text\" ><p style=\"text-align: center;\"><span style=\"font-size: 18pt;\"><b>Escuela de Bah\u00eda Murta recibi\u00f3 obras de mejoramiento de su infraestructura<\/b><\/span><\/p>\n<div id=\"gtx-trans\" style=\"position: absolute; left: -50px; top: 4.31534px;\">\n<div class=\"gtx-trans-icon\"><\/div>\n<\/div>\n<\/div><\/section><\/div><div class=\"flex_column av_one_full  flex_column_div av-zero-column-padding first  avia-builder-el-4  el_after_av_one_full  el_before_av_hr  column-top-margin\" style='border-radius:0px; '><section class=\"av_textblock_section \"  itemscope=\"itemscope\" itemtype=\"https:\/\/schema.org\/BlogPosting\" itemprop=\"blogPost\" ><div class='avia_textblock  '   itemprop=\"text\" ><p class=\"v1MsoNormal\" style=\"text-align: justify;\" align=\"center\"><em>Se trata de dos proyectos complementarios de mejoramiento energ\u00e9tico y conservaci\u00f3n integral financiados por los Ministerios de Energ\u00eda y Educaci\u00f3n cuya inversi\u00f3n supera en conjunto los 750 millones de pesos<\/em><\/p>\n<p class=\"v1MsoNormal\" style=\"text-align: justify;\">En una ceremonia realizada el lunes 25 de noviembre, en la que estudiantes y profesores fueron los entusiastas protagonistas, el Ministerio de Energ\u00eda y el Ministerio de Educaci\u00f3n entregaron oficialmente a la comunidad educacional de la Escuela Carretera Austral de Bah\u00eda Murta las obras de mejoramiento de infraestructura. Los proyectos incluyen:\u00a0 implementaci\u00f3n de mejoramiento integral con foco en acondicionamiento t\u00e9rmico y energ\u00edas renovables, impulsado por el Ministerio de Energ\u00eda, y la Conservaci\u00f3n Integral Convocatoria 2023, financiado por el Ministerio de Educaci\u00f3n y ejecutado por la Ilustre Municipalidad de R\u00edo Ib\u00e1\u00f1ez, ambas iniciativas que en conjunto representan una inversi\u00f3n cercana a los 800 millones de pesos.<\/p>\n<p class=\"v1MsoNormal\" style=\"text-align: justify;\">En el significado acto participaron los Secretarios Regionales Ministeriales de Energ\u00eda Tom\u00e1s Laibe y de Educaci\u00f3n Isabel Garrido, el Alcalde de R\u00edo Ib\u00e1\u00f1ez Juan Saldivia y la representante de la Delegaci\u00f3n Presidencial Provincial General Carrera Lorena Guerrero, quienes destacaron la relevancia de este hito para la comunidad.<\/p>\n<p class=\"v1MsoNormal\" style=\"text-align: justify;\"><b>Eficiencia energ\u00e9tica para un mejor aprendizaje<\/b><\/p>\n<p class=\"v1MsoNormal\" style=\"text-align: justify;\">En el marco del Programa de Mejoramiento Energ\u00e9tico de Infraestructura Escolar P\u00fablica, el Ministerio de Energ\u00eda llev\u00f3 a cabo la implementaci\u00f3n del proyecto de acondicionamiento t\u00e9rmico en la Escuela Rural Carretera Austral de Bah\u00eda Murta, comuna de R\u00edo Ib\u00e1\u00f1ez, con un presupuesto final de $331.392.742, ejecutado por la Agencia de Sostenibilidad Energ\u00e9tica.<\/p>\n<p class=\"v1MsoNormal\" style=\"text-align: justify;\">Las mejoras incluyeron medidas de eficiencia energ\u00e9tica tales como aislaci\u00f3n t\u00e9rmica de muros y techumbres, recambio de cristales de vidrio simple por doble vidriado herm\u00e9tico (DVH) en ventanas y puertas s\u00f3lidas de madera con sellos de infiltraciones en todas aquellas que dan al exterior.<\/p>\n<p class=\"v1MsoNormal\" style=\"text-align: justify;\">Adem\u00e1s, se implementaron sellos de hermeticidad, sistemas de ventilaci\u00f3n pasiva, rehabilitaci\u00f3n del sistema de distribuci\u00f3n de calor y radiadores y recambio de iluminaci\u00f3n existente por tecnolog\u00eda 100% LED, lo que permitir\u00e1 un ahorro de un 45% en comparaci\u00f3n al consumo anterior de iluminaci\u00f3n. En total el proyecto permite reducir cerca de 5 toneladas de CO2 al a\u00f1o.<\/p>\n<p class=\"v1MsoNormal\" style=\"text-align: justify;\">La iniciativa fue complementada con la instalaci\u00f3n de un sistema fotovoltaico de 10 kWp de potencia bajo la ley de generaci\u00f3n distribuida conectado a la red, cuyo costo fue de $17.999.845 pesos. Esta soluci\u00f3n ofrece m\u00faltiples beneficios: dota al establecimiento de otras fuentes de energ\u00eda, permite reducir costos en la facturaci\u00f3n el\u00e9ctrica y contribuye la sostenibilidad de la escuela.<\/p>\n<p class=\"v1MsoNormal\" style=\"text-align: justify;\">El Ministerio de Energ\u00eda y la Agencia en coordinaci\u00f3n con el SLEP de Ays\u00e9n, ya se encuentran trabajando en otros tres establecimientos educacionales de la regi\u00f3n, dise\u00f1ando proyectos de conservaci\u00f3n integral con foco en acondicionamiento t\u00e9rmico, normalizaci\u00f3n el\u00e9ctrica y evaluaci\u00f3n t\u00e9cnica de sistemas fotovoltaicos.<b><\/b><\/p>\n<p class=\"v1MsoNormal\" style=\"text-align: justify;\"><b>Obras Conservaci\u00f3n Ministerio de Educaci\u00f3n<\/b><\/p>\n<p class=\"v1MsoNormal\" style=\"text-align: justify;\">El proyecto de Conservaci\u00f3n Integral de la Convocatoria 2023 realizado en estos establecimientos considera la conservaci\u00f3n techumbre del establecimiento y evacuaci\u00f3n aguas lluvias, conservaci\u00f3n cierres exteriores (perimetral, acceso principal), conservaci\u00f3n pisos establecimiento, \u00e1reas comedor, pabellones, hall patio cubierto, salas de clases, inspector\u00eda y enfermer\u00eda ex internado, conservaci\u00f3n ex internado, remodelaci\u00f3n de ba\u00f1os (pisos, muros, redes agua potable, redes alcantarillado, redes el\u00e9ctricas, cielos, reposici\u00f3n artefactos sanitarios), pisos pasillo y recintos, implementaci\u00f3n cierre divisorio con acceso a \u00e1rea de gimnasio. La inversi\u00f3n sectorial del Ministerio de Educaci\u00f3n asciende a $408.146.270.<\/p>\n<p class=\"v1MsoNormal\" style=\"text-align: justify;\"><b>Reacciones de la comunidad<\/b><\/p>\n<p class=\"v1MsoNormal\" style=\"text-align: justify;\">Tras el corte de cinta con el que se inauguraron las obras, las autoridades acompa\u00f1adas del profesor encargado del establecimiento Juan Osorio hicieron un breve recorrido por las instalaciones, oportunidad en el que se constat\u00f3 el confort de temperatura logrado en el recinto.<\/p>\n<p class=\"v1MsoNormal\" style=\"text-align: justify;\">Tom\u00e1s Laibe, Seremi de Energ\u00eda: \u201cEste proyecto que hoy inauguramos tiene una gran importancia porque en nuestra regi\u00f3n en las \u00e1reas rurales hay escuelas que tienen problemas de habitabilidad y de uso eficiente de energ\u00eda. En esta escuela hemos hecho un acondicionamiento t\u00e9rmico que permite mejorar el confort y reducir el consumo de energ\u00eda\u201d.<\/p>\n<p class=\"v1MsoNormal\" style=\"text-align: justify;\">Isabel Garrido, Seremi de Educaci\u00f3n: \u201cComo Ministerio de Educaci\u00f3n valoramos el trabajo intersectorial realizado junto al Ministerio de Energ\u00eda y la Municipalidad de R\u00edo Ib\u00e1\u00f1ez. Nuestro ministerio dispuso de fondos especiales para asegurar el correcto traspaso de los establecimientos educacionales al Servicio Local de Educaci\u00f3n P\u00fablica Slep Ays\u00e9n, disponiendo de un fondo de m\u00e1s 9 mil millones de pesos. En esta escuela invertimos en conjunto m\u00e1s de 700 millones de pesos para intervenir distintas instalaciones y agradecemos la colaboraci\u00f3n de la Municipalidad de R\u00edo Ib\u00e1\u00f1ez que ha demostrado mucho compromiso con los plantes educacionales de su territorio. El fortalecimiento de la educaci\u00f3n p\u00fablica y el desaf\u00edo de mejorar los espacios educativos para una educaci\u00f3n integral de ni\u00f1as, ni\u00f1os, j\u00f3venes y adultos es uno de los compromisos de esta administraci\u00f3n. A trav\u00e9s de estos recursos, podemos construir una infraestructura escolar p\u00fablica que permita desarrollar los aprendizajes para el siglo XXI. As\u00ed, la educaci\u00f3n p\u00fablica avanza\u201d.<\/p>\n<p class=\"v1MsoNormal\" style=\"text-align: justify;\">Juan Saldivia Alcalde de R\u00edo Ib\u00e1\u00f1ez. \u201cContentos con estas obras que se logran a trav\u00e9s de una alianza con los ministerios de energ\u00eda y educaci\u00f3n y los principales beneficiados son los estudiantes de la Escuela Carretera Austral, los profesores y trabajadores del establecimiento, en un proyecto amable con el medio ambiente y que traer\u00e1 ahorro en el uso de energ\u00eda\u201d.<\/p>\n<p class=\"v1MsoNormal\" style=\"text-align: justify;\">Lorena Guerrero, representante de la Delegaci\u00f3n Presidencial Provincial General Carrera. \u201cEl Gobierno valora mucho esta obra que realizan en conjunto los ministerios de Energ\u00eda y Educaci\u00f3n y con la colaboraci\u00f3n de la Municipalidad de R\u00edo Ib\u00e1\u00f1ez Con ello, se mejora las condiciones de funcionamiento de esta escuela. El gobierno del Presidente Gabriel Boric valora la inversi\u00f3n en los territorios especialmente en localidades peque\u00f1as como estas\u201d.<\/p>\n<p class=\"v1MsoNormal\" style=\"text-align: justify;\">Juan Osorio, Profesor Encargado de la Escuela Carretera Austral. \u201cNuestros estudiantes nos comentan que ya no pasan fr\u00edo dentro de la escuela y eso es muy revelador del impacto positivo que traen estas dos obras. Los profesores, asistentes de la educaci\u00f3n y apoderados valoran que estemos en un lugar acogedor, c\u00e1lido y que es ideal para lograr los aprendizajes\u201d.<\/p>\n<\/div><\/section><\/div><div  style='height:50px' class='hr hr-invisible   avia-builder-el-6  el_after_av_one_full  el_before_av_social_share '><span class='hr-inner ' ><span class='hr-inner-style'><\/span><\/span><\/div><\/p>\n<div  class='av-social-sharing-box  avia-builder-el-7  el_after_av_hr  el_before_av_hr  '><div class='av-share-box'><h5 class='av-share-link-description av-no-toc '>Compartir esta noticia<\/h5><ul class='av-share-box-list noLightbox'><li class='av-share-link av-social-link-facebook' ><a target=\"_blank\" aria-label=\"Compartir en Facebook\" href='https:\/\/www.facebook.com\/sharer.php?u=https:\/\/radiorevelacionfm.cl\/?p=48294&#038;t=Escuela%20de%20Bah%C3%ADa%20Murta%20recibi%C3%B3%20obras%20de%20mejoramiento%20de%20su%20infraestructura' aria-hidden='false' data-av_icon='\ue8f3' data-av_iconfont='entypo-fontello' title='' data-avia-related-tooltip='Compartir en Facebook' rel=\"noopener\"><span class='avia_hidden_link_text'>Compartir en Facebook<\/span><\/a><\/li><li class='av-share-link av-social-link-twitter' ><a target=\"_blank\" aria-label=\"Compartir en Twitter\" href='https:\/\/twitter.com\/share?text=Escuela%20de%20Bah%C3%ADa%20Murta%20recibi%C3%B3%20obras%20de%20mejoramiento%20de%20su%20infraestructura&#038;url=https:\/\/radiorevelacionfm.cl\/?p=48294' aria-hidden='false' data-av_icon='\ue8f1' data-av_iconfont='entypo-fontello' title='' data-avia-related-tooltip='Compartir en Twitter' rel=\"noopener\"><span class='avia_hidden_link_text'>Compartir en Twitter<\/span><\/a><\/li><li class='av-share-link av-social-link-whatsapp' ><a target=\"_blank\" aria-label=\"Compartir en Whatsapp\" href='https:\/\/api.whatsapp.com\/send?text=https:\/\/radiorevelacionfm.cl\/?p=48294' aria-hidden='false' data-av_icon='\uf232' data-av_iconfont='entypo-fontello' title='' data-avia-related-tooltip='Compartir en Whatsapp' rel=\"noopener\"><span class='avia_hidden_link_text'>Compartir en Whatsapp<\/span><\/a><\/li><li class='av-share-link av-social-link-linkedin' ><a target=\"_blank\" aria-label=\"Compartir en LinkedIn\" href='https:\/\/linkedin.com\/shareArticle?mini=true&#038;title=Escuela%20de%20Bah%C3%ADa%20Murta%20recibi%C3%B3%20obras%20de%20mejoramiento%20de%20su%20infraestructura&#038;url=https:\/\/radiorevelacionfm.cl\/?p=48294' aria-hidden='false' data-av_icon='\ue8fc' data-av_iconfont='entypo-fontello' title='' data-avia-related-tooltip='Compartir en LinkedIn' rel=\"noopener\"><span class='avia_hidden_link_text'>Compartir en LinkedIn<\/span><\/a><\/li><li class='av-share-link av-social-link-mail' ><a  aria-label=\"Compartir por correo\" href='mailto:?subject=Escuela%20de%20Bah%C3%ADa%20Murta%20recibi%C3%B3%20obras%20de%20mejoramiento%20de%20su%20infraestructura&#038;body=https:\/\/radiorevelacionfm.cl\/?p=48294' aria-hidden='false' data-av_icon='\ue805' data-av_iconfont='entypo-fontello' title='' data-avia-related-tooltip='Compartir por correo'><span class='avia_hidden_link_text'>Compartir por correo<\/span><\/a><\/li><\/ul><\/div><\/div>\n<div  style='height:50px' class='hr hr-invisible   avia-builder-el-8  el_after_av_social_share  el_before_av_comments_list '><span class='hr-inner ' ><span class='hr-inner-style'><\/span><\/span><\/div>\n<div  class='av-buildercomment  av-blog-meta-html-info-disabled av-blog-meta-tag-disabled  '><\/div>\n","protected":false},"excerpt":{"rendered":"","protected":false},"author":1,"featured_media":48295,"comment_status":"open","ping_status":"open","sticky":false,"template":"","format":"standard","meta":{"footnotes":""},"categories":[49],"tags":[],"class_list":["post-48294","post","type-post","status-publish","format-standard","has-post-thumbnail","hentry","category-educacion"],"jetpack_featured_media_url":"https:\/\/radiorevelacionfm.cl\/wp-content\/uploads\/2024\/11\/ninos-bailando-chamame-2-2.jpeg","_links":{"self":[{"href":"https:\/\/radiorevelacionfm.cl\/index.php?rest_route=\/wp\/v2\/posts\/48294","targetHints":{"allow":["GET"]}}],"collection":[{"href":"https:\/\/radiorevelacionfm.cl\/index.php?rest_route=\/wp\/v2\/posts"}],"about":[{"href":"https:\/\/radiorevelacionfm.cl\/index.php?rest_route=\/wp\/v2\/types\/post"}],"author":[{"embeddable":true,"href":"https:\/\/radiorevelacionfm.cl\/index.php?rest_route=\/wp\/v2\/users\/1"}],"replies":[{"embeddable":true,"href":"https:\/\/radiorevelacionfm.cl\/index.php?rest_route=%2Fwp%2Fv2%2Fcomments&post=48294"}],"version-history":[{"count":1,"href":"https:\/\/radiorevelacionfm.cl\/index.php?rest_route=\/wp\/v2\/posts\/48294\/revisions"}],"predecessor-version":[{"id":48296,"href":"https:\/\/radiorevelacionfm.cl\/index.php?rest_route=\/wp\/v2\/posts\/48294\/revisions\/48296"}],"wp:featuredmedia":[{"embeddable":true,"href":"https:\/\/radiorevelacionfm.cl\/index.php?rest_route=\/wp\/v2\/media\/48295"}],"wp:attachment":[{"href":"https:\/\/radiorevelacionfm.cl\/index.php?rest_route=%2Fwp%2Fv2%2Fmedia&parent=48294"}],"wp:term":[{"taxonomy":"category","embeddable":true,"href":"https:\/\/radiorevelacionfm.cl\/index.php?rest_route=%2Fwp%2Fv2%2Fcategories&post=48294"},{"taxonomy":"post_tag","embeddable":true,"href":"https:\/\/radiorevelacionfm.cl\/index.php?rest_route=%2Fwp%2Fv2%2Ftags&post=48294"}],"curies":[{"name":"wp","href":"https:\/\/api.w.org\/{rel}","templated":true}]}}