{"id":48291,"date":"2024-11-27T10:42:23","date_gmt":"2024-11-27T13:42:23","guid":{"rendered":"https:\/\/radiorevelacionfm.cl\/?p=48291"},"modified":"2024-11-27T10:50:06","modified_gmt":"2024-11-27T13:50:06","slug":"destacan-avances-en-derechos-laborales-de-trabajadoras-de-casa-particular","status":"publish","type":"post","link":"https:\/\/radiorevelacionfm.cl\/?p=48291","title":{"rendered":"Destacan avances en derechos laborales de trabajadoras de casa particular"},"content":{"rendered":"<div class=\"flex_column av_one_full  flex_column_div av-zero-column-padding first  avia-builder-el-0  el_before_av_one_full  avia-builder-el-first  \" style='border-radius:0px; '><div  class='avia-image-container  av-styling-    avia-builder-el-1  avia-builder-el-no-sibling  avia-align-center '  itemprop=\"image\" itemscope=\"itemscope\" itemtype=\"https:\/\/schema.org\/ImageObject\"  ><div class='avia-image-container-inner'><div class='avia-image-overlay-wrap'><img decoding=\"async\" class='wp-image-48292 avia-img-lazy-loading-not-48292 avia_image' src=\"https:\/\/radiorevelacionfm.cl\/wp-content\/uploads\/2024\/11\/conmemoracion_diatrabajadoracasaparticular-1-2_optimized.jpeg\" alt='' title='conmemoracion_diatrabajadoracasaparticular-(1)-2_optimized' height=\"600\" width=\"800\"  itemprop=\"thumbnailUrl\" srcset=\"https:\/\/radiorevelacionfm.cl\/wp-content\/uploads\/2024\/11\/conmemoracion_diatrabajadoracasaparticular-1-2_optimized.jpeg 800w, https:\/\/radiorevelacionfm.cl\/wp-content\/uploads\/2024\/11\/conmemoracion_diatrabajadoracasaparticular-1-2_optimized-300x225.jpeg 300w, https:\/\/radiorevelacionfm.cl\/wp-content\/uploads\/2024\/11\/conmemoracion_diatrabajadoracasaparticular-1-2_optimized-768x576.jpeg 768w, https:\/\/radiorevelacionfm.cl\/wp-content\/uploads\/2024\/11\/conmemoracion_diatrabajadoracasaparticular-1-2_optimized-705x529.jpeg 705w, https:\/\/radiorevelacionfm.cl\/wp-content\/uploads\/2024\/11\/conmemoracion_diatrabajadoracasaparticular-1-2_optimized-450x338.jpeg 450w, https:\/\/radiorevelacionfm.cl\/wp-content\/uploads\/2024\/11\/conmemoracion_diatrabajadoracasaparticular-1-2_optimized-600x450.jpeg 600w\" sizes=\"(max-width: 800px) 100vw, 800px\" \/><\/div><\/div><\/div><\/div><div class=\"flex_column av_one_full  flex_column_div av-zero-column-padding first  avia-builder-el-2  el_after_av_one_full  el_before_av_one_full  column-top-margin\" style='border-radius:0px; '><section class=\"av_textblock_section \"  itemscope=\"itemscope\" itemtype=\"https:\/\/schema.org\/BlogPosting\" itemprop=\"blogPost\" ><div class='avia_textblock  '   itemprop=\"text\" ><div class=\"v1gmail_default\" style=\"text-align: center;\"><span style=\"font-size: 18pt;\"><b>Destacan avances en derechos laborales de trabajadoras de casa particular<\/b><\/span><\/div>\n<div id=\"gtx-trans\" style=\"position: absolute; left: -50px; top: 4.31534px;\">\n<div class=\"gtx-trans-icon\"><\/div>\n<\/div>\n<\/div><\/section><\/div><div class=\"flex_column av_one_full  flex_column_div av-zero-column-padding first  avia-builder-el-4  el_after_av_one_full  el_before_av_hr  column-top-margin\" style='border-radius:0px; '><section class=\"av_textblock_section \"  itemscope=\"itemscope\" itemtype=\"https:\/\/schema.org\/BlogPosting\" itemprop=\"blogPost\" ><div class='avia_textblock  '   itemprop=\"text\" ><p class=\"v1MsoNormal\" style=\"text-align: justify;\">El 21 de noviembre se conmemor\u00f3 el D\u00eda Nacional de las Trabajadoras de Casa Particular, instancia en la que la Seremi de Trabajo y Previsi\u00f3n Social, Camila Covarrubias junto a la directora regional del Instituto de Seguridad Laboral, ISL, J\u00e9ssica Coronado, se reunieron con el Sindicato ANECAP, Asociaci\u00f3n Nacional de Empleadas de Casa Particular, filial Coyhaique, donde revisaron los avances laborales de los \u00faltimos a\u00f1os y los desaf\u00edos venideros.<\/p>\n<p class=\"v1MsoNormal\" style=\"text-align: justify;\">La Seremi de Trabajo y Previsi\u00f3n Social, Camila Covarrubias, afirm\u00f3 sobre los avances en materia laboral que igualan sus condiciones de trabajo, \u00abEstamos junto a las trabajadoras de casa particular, porque el 21 de noviembre conmemoran este d\u00eda sumamente relevante, poder conocer el trabajo que ellas realizan y tambi\u00e9n hacer una revisi\u00f3n de los avances que hemos tenido en los \u00faltimos 10 a\u00f1os respecto a los derechos laborales de las trabajadoras. En particular, durante este Gobierno hemos aprobado leyes que incluyen a estas trabajadoras y que les reconocen derechos y en estos \u00faltimos 10 a\u00f1os, derechos como la igualdad salarial, igualdad en la jornada de trabajo. Ahora, la ley de 40 horas incluye a las trabajadoras de casa particular, la ley Karin tambi\u00e9n, obligando a los empleadores a tener un protocolo para poder abordar estas tem\u00e1ticas\u00bb, afirm\u00f3.<\/p>\n<p class=\"v1MsoNormal\" style=\"text-align: justify;\">La presidenta de la Anecap, Magdalena Hueitra, coment\u00f3 sobre la conmemoraci\u00f3n \u00abEl 21 de noviembre es el d\u00eda de la trabajadora de casa particular que se ha trabajado a nivel nacional con nuestras dirigentas y yo creo que es un hito importante para la trabajadora de casa particular, que este d\u00eda sea importante para ellas y aprovecho la oportunidad de saludar a cada una de las trabajadoras de la casa particular de la Regi\u00f3n de Ays\u00e9n, que hoy d\u00eda trabaja en pos de la sociedad de Chile\u00bb.<\/p>\n<p class=\"v1MsoNormal\" style=\"text-align: justify;\">La dirigenta adem\u00e1s se refiri\u00f3 a la organizaci\u00f3n del encuentro anual nacional de trabajadoras de casa particular que ser\u00e1 en Coyhaique, en enero 2025, \u00abEn esta ocasi\u00f3n tenemos un desaf\u00edo grande, muy importante y muy bonito, que es la jornada nacional de trabajadoras de casa particular, que se realiza anualmente en distintas regiones y ahora nos toca a nosotras en la regi\u00f3n. Desde marzo hemos trabajado como hormiguitas para reunir los fondos para poder atender a nuestras compa\u00f1eras que vienen a estas jornadas donde vamos a recibir capacitaciones e informaci\u00f3n sobre los derechos de los trabajadores de casa particular, tanto a nivel regional como nacional\u00bb.<\/p>\n<p class=\"v1MsoNormal\" style=\"text-align: justify;\">En la actividad estuvieron conversando con la directora regional del Instituto de Seguridad Laboral, ISL, quien manifest\u00f3, \u00abNosotros como Instituto de Seguridad laboral somos administradores del seguro de accidentes de trabajo y enfermedades profesionales de las trabajadoras de casas particulares. Estamos siempre enfocados en que las mujeres conozcan cu\u00e1les son sus derechos respecto de esta ley y hemos hecho un trabajo colaborativo y de acompa\u00f1amiento durante a\u00f1os con las trabajadoras de casas particulares\u00bb.<\/p>\n<p class=\"v1MsoNormal\" style=\"text-align: justify;\">En la ocasi\u00f3n, se realiz\u00f3 un punto de prensa y ANECAP recibi\u00f3 con mucha alegr\u00eda el traspaso por parte del ISL de 3 computadores para su quehacer sindical, recibieron tambi\u00e9n el saludo del director regional del Instituto de Previsi\u00f3n Social, IPS ChileAtiende, Rodrigo D\u00edaz.<\/p>\n<p class=\"v1MsoNormal\" style=\"text-align: justify;\">La Seremi Camila Covarrubias coment\u00f3 adem\u00e1s sobre la Ley de 40 Horas que da derecho a acumular d\u00edas en el caso de ser una trabajadora de casa particular puertas adentro, ya que a partir del 26 de abril de 2024 tienen derecho a dos d\u00edas de libre disposici\u00f3n en cada mes calendario, los que ser\u00e1n remunerados, les permitir\u00e1n ausentarse de sus labores y no podr\u00e1n compensarse en dinero. De com\u00fan acuerdo estos d\u00edas libres podr\u00e1n acumularse dentro de un periodo de tres meses, lo cual da facilidades para quienes no son de la regi\u00f3n o del pa\u00eds. Estos d\u00edas se suman al derecho a descanso semanal los d\u00edas domingo y los d\u00edas s\u00e1bado. En el caso de los d\u00edas s\u00e1bado, de com\u00fan acuerdo, se podr\u00e1n acumular, fraccionar o intercambiar por otros d\u00edas de la semana.<\/p>\n<p class=\"v1MsoNormal\" style=\"text-align: justify;\">A prop\u00f3sito de la conmemoraci\u00f3n del D\u00eda de la Eliminaci\u00f3n de la Violencia contra la Mujer, en el caso de la Ley Karin, en el sitio web <a href=\"http:\/\/www.leykarinparachile.cl\/\" target=\"_blank\" rel=\"noopener noreferrer\">www.leykarinparachile.cl<\/a> existe un protocolo tipo que puede ser utilizado. Para conocer m\u00e1s sobre los derechos laborales de las trabajadoras de casa particular, se puede ingresar al sitio web de la Direcci\u00f3n del Trabajo <a href=\"http:\/\/www.dt.gob.cl\/\" target=\"_blank\" rel=\"noopener noreferrer\">www.dt.gob.cl<\/a>.<\/p>\n<p class=\"v1MsoNormal\" style=\"text-align: justify;\">Adem\u00e1s, en el Facebook de ANECAP filial Coyhaique se pueden revisar los diferentes beneficios que est\u00e1n realizando las trabajadoras para reunir fondos para su encuentro nacional anual.<\/p>\n<\/div><\/section><\/div><div  style='height:50px' class='hr hr-invisible   avia-builder-el-6  el_after_av_one_full  el_before_av_social_share '><span class='hr-inner ' ><span class='hr-inner-style'><\/span><\/span><\/div><\/p>\n<div  class='av-social-sharing-box  avia-builder-el-7  el_after_av_hr  el_before_av_hr  '><div class='av-share-box'><h5 class='av-share-link-description av-no-toc '>Compartir esta noticia<\/h5><ul class='av-share-box-list noLightbox'><li class='av-share-link av-social-link-facebook' ><a target=\"_blank\" aria-label=\"Compartir en Facebook\" href='https:\/\/www.facebook.com\/sharer.php?u=https:\/\/radiorevelacionfm.cl\/?p=48291&#038;t=Destacan%20avances%20en%20derechos%20laborales%20de%20trabajadoras%20de%20casa%20particular' aria-hidden='false' data-av_icon='\ue8f3' data-av_iconfont='entypo-fontello' title='' data-avia-related-tooltip='Compartir en Facebook' rel=\"noopener\"><span class='avia_hidden_link_text'>Compartir en Facebook<\/span><\/a><\/li><li class='av-share-link av-social-link-twitter' ><a target=\"_blank\" aria-label=\"Compartir en Twitter\" href='https:\/\/twitter.com\/share?text=Destacan%20avances%20en%20derechos%20laborales%20de%20trabajadoras%20de%20casa%20particular&#038;url=https:\/\/radiorevelacionfm.cl\/?p=48291' aria-hidden='false' data-av_icon='\ue8f1' data-av_iconfont='entypo-fontello' title='' data-avia-related-tooltip='Compartir en Twitter' rel=\"noopener\"><span class='avia_hidden_link_text'>Compartir en Twitter<\/span><\/a><\/li><li class='av-share-link av-social-link-whatsapp' ><a target=\"_blank\" aria-label=\"Compartir en Whatsapp\" href='https:\/\/api.whatsapp.com\/send?text=https:\/\/radiorevelacionfm.cl\/?p=48291' aria-hidden='false' data-av_icon='\uf232' data-av_iconfont='entypo-fontello' title='' data-avia-related-tooltip='Compartir en Whatsapp' rel=\"noopener\"><span class='avia_hidden_link_text'>Compartir en Whatsapp<\/span><\/a><\/li><li class='av-share-link av-social-link-linkedin' ><a target=\"_blank\" aria-label=\"Compartir en LinkedIn\" href='https:\/\/linkedin.com\/shareArticle?mini=true&#038;title=Destacan%20avances%20en%20derechos%20laborales%20de%20trabajadoras%20de%20casa%20particular&#038;url=https:\/\/radiorevelacionfm.cl\/?p=48291' aria-hidden='false' data-av_icon='\ue8fc' data-av_iconfont='entypo-fontello' title='' data-avia-related-tooltip='Compartir en LinkedIn' rel=\"noopener\"><span class='avia_hidden_link_text'>Compartir en LinkedIn<\/span><\/a><\/li><li class='av-share-link av-social-link-mail' ><a  aria-label=\"Compartir por correo\" href='mailto:?subject=Destacan%20avances%20en%20derechos%20laborales%20de%20trabajadoras%20de%20casa%20particular&#038;body=https:\/\/radiorevelacionfm.cl\/?p=48291' aria-hidden='false' data-av_icon='\ue805' data-av_iconfont='entypo-fontello' title='' data-avia-related-tooltip='Compartir por correo'><span class='avia_hidden_link_text'>Compartir por correo<\/span><\/a><\/li><\/ul><\/div><\/div>\n<div  style='height:50px' class='hr hr-invisible   avia-builder-el-8  el_after_av_social_share  el_before_av_comments_list '><span class='hr-inner ' ><span class='hr-inner-style'><\/span><\/span><\/div>\n<div  class='av-buildercomment  av-blog-meta-html-info-disabled av-blog-meta-tag-disabled  '><\/div>\n","protected":false},"excerpt":{"rendered":"","protected":false},"author":1,"featured_media":48292,"comment_status":"open","ping_status":"open","sticky":false,"template":"","format":"standard","meta":{"footnotes":""},"categories":[56],"tags":[],"class_list":["post-48291","post","type-post","status-publish","format-standard","has-post-thumbnail","hentry","category-trabajo"],"jetpack_featured_media_url":"https:\/\/radiorevelacionfm.cl\/wp-content\/uploads\/2024\/11\/conmemoracion_diatrabajadoracasaparticular-1-2_optimized.jpeg","_links":{"self":[{"href":"https:\/\/radiorevelacionfm.cl\/index.php?rest_route=\/wp\/v2\/posts\/48291","targetHints":{"allow":["GET"]}}],"collection":[{"href":"https:\/\/radiorevelacionfm.cl\/index.php?rest_route=\/wp\/v2\/posts"}],"about":[{"href":"https:\/\/radiorevelacionfm.cl\/index.php?rest_route=\/wp\/v2\/types\/post"}],"author":[{"embeddable":true,"href":"https:\/\/radiorevelacionfm.cl\/index.php?rest_route=\/wp\/v2\/users\/1"}],"replies":[{"embeddable":true,"href":"https:\/\/radiorevelacionfm.cl\/index.php?rest_route=%2Fwp%2Fv2%2Fcomments&post=48291"}],"version-history":[{"count":2,"href":"https:\/\/radiorevelacionfm.cl\/index.php?rest_route=\/wp\/v2\/posts\/48291\/revisions"}],"predecessor-version":[{"id":48303,"href":"https:\/\/radiorevelacionfm.cl\/index.php?rest_route=\/wp\/v2\/posts\/48291\/revisions\/48303"}],"wp:featuredmedia":[{"embeddable":true,"href":"https:\/\/radiorevelacionfm.cl\/index.php?rest_route=\/wp\/v2\/media\/48292"}],"wp:attachment":[{"href":"https:\/\/radiorevelacionfm.cl\/index.php?rest_route=%2Fwp%2Fv2%2Fmedia&parent=48291"}],"wp:term":[{"taxonomy":"category","embeddable":true,"href":"https:\/\/radiorevelacionfm.cl\/index.php?rest_route=%2Fwp%2Fv2%2Fcategories&post=48291"},{"taxonomy":"post_tag","embeddable":true,"href":"https:\/\/radiorevelacionfm.cl\/index.php?rest_route=%2Fwp%2Fv2%2Ftags&post=48291"}],"curies":[{"name":"wp","href":"https:\/\/api.w.org\/{rel}","templated":true}]}}