{"id":48285,"date":"2024-11-26T20:03:27","date_gmt":"2024-11-26T23:03:27","guid":{"rendered":"https:\/\/radiorevelacionfm.cl\/?p=48285"},"modified":"2024-11-26T20:03:27","modified_gmt":"2024-11-26T23:03:27","slug":"nuevo-sendero-interpretativo-naturaleza-con-ciencia-y-con-sentir","status":"publish","type":"post","link":"https:\/\/radiorevelacionfm.cl\/?p=48285","title":{"rendered":"Nuevo Sendero interpretativo: \u00abNaturaleza con-ciencia y con-sentir\u00bb"},"content":{"rendered":"<div class=\"flex_column av_one_full  flex_column_div av-zero-column-padding first  avia-builder-el-0  el_before_av_one_full  avia-builder-el-first  \" style='border-radius:0px; '><div  class='avia-image-container  av-styling-    avia-builder-el-1  avia-builder-el-no-sibling  avia-align-center '  itemprop=\"image\" itemscope=\"itemscope\" itemtype=\"https:\/\/schema.org\/ImageObject\"  ><div class='avia-image-container-inner'><div class='avia-image-overlay-wrap'><img decoding=\"async\" class='wp-image-48286 avia-img-lazy-loading-not-48286 avia_image' src=\"https:\/\/radiorevelacionfm.cl\/wp-content\/uploads\/2024\/11\/dji_0091-2-2_optimized-2.jpg\" alt='' title='dji_0091-2-2_optimized-2' height=\"600\" width=\"1067\"  itemprop=\"thumbnailUrl\" srcset=\"https:\/\/radiorevelacionfm.cl\/wp-content\/uploads\/2024\/11\/dji_0091-2-2_optimized-2.jpg 1067w, https:\/\/radiorevelacionfm.cl\/wp-content\/uploads\/2024\/11\/dji_0091-2-2_optimized-2-300x169.jpg 300w, https:\/\/radiorevelacionfm.cl\/wp-content\/uploads\/2024\/11\/dji_0091-2-2_optimized-2-1030x579.jpg 1030w, https:\/\/radiorevelacionfm.cl\/wp-content\/uploads\/2024\/11\/dji_0091-2-2_optimized-2-768x432.jpg 768w, https:\/\/radiorevelacionfm.cl\/wp-content\/uploads\/2024\/11\/dji_0091-2-2_optimized-2-705x396.jpg 705w, https:\/\/radiorevelacionfm.cl\/wp-content\/uploads\/2024\/11\/dji_0091-2-2_optimized-2-450x253.jpg 450w, https:\/\/radiorevelacionfm.cl\/wp-content\/uploads\/2024\/11\/dji_0091-2-2_optimized-2-600x337.jpg 600w\" sizes=\"(max-width: 1067px) 100vw, 1067px\" \/><\/div><\/div><\/div><\/div><div class=\"flex_column av_one_full  flex_column_div av-zero-column-padding first  avia-builder-el-2  el_after_av_one_full  el_before_av_one_full  column-top-margin\" style='border-radius:0px; '><section class=\"av_textblock_section \"  itemscope=\"itemscope\" itemtype=\"https:\/\/schema.org\/BlogPosting\" itemprop=\"blogPost\" ><div class='avia_textblock  '   itemprop=\"text\" ><div class=\"v1elementToProof\" style=\"text-align: center;\"><strong><span style=\"font-size: 18pt;\">Nuevo Sendero interpretativo:\u00a0\u00abNaturaleza con-ciencia y con-sentir\u00bb<\/span><\/strong><\/div>\n<div id=\"gtx-trans\" style=\"position: absolute; left: -50px; top: 4.31534px;\">\n<div class=\"gtx-trans-icon\"><\/div>\n<\/div>\n<\/div><\/section><\/div><div class=\"flex_column av_one_full  flex_column_div av-zero-column-padding first  avia-builder-el-4  el_after_av_one_full  el_before_av_hr  column-top-margin\" style='border-radius:0px; '><section class=\"av_textblock_section \"  itemscope=\"itemscope\" itemtype=\"https:\/\/schema.org\/BlogPosting\" itemprop=\"blogPost\" ><div class='avia_textblock  '   itemprop=\"text\" ><p style=\"text-align: justify;\">El Centro de Investigaci\u00f3n en Ecosistemas de la Patagonia (CIEP), en colaboraci\u00f3n con la Corporaci\u00f3n Nacional Forestal (CONAF), inauguraron un nuevo sendero interpretativo en el sector Laguna Verde de la Reserva Nacional Coyhaique. Este espacio invita a las y los visitantes a conectarse con los ecosistemas locales a trav\u00e9s de una experiencia inmersiva y educativa.<\/p>\n<p style=\"text-align: justify;\">La Reserva Nacional Coyhaique, un entorno privilegiado de bosques, arroyos y lagunas, alberga una rica biodiversidad que desempe\u00f1a un papel fundamental en el equilibrio ecol\u00f3gico. Motivado por la necesidad de comprender y conservar estos ecosistemas, un equipo interdisciplinario de cient\u00edficos y cient\u00edficas ha trabajado de manera transdisciplinaria con la comunidad para implementar una experiencia de inmersi\u00f3n en la naturaleza.<\/p>\n<p style=\"text-align: justify;\">El sendero, denominado \u00abNaturaleza con-ciencia y con-sentir\u00bb, promueve la apreciaci\u00f3n del entorno ac\u00fastico natural y la ecolog\u00eda del paisaje. A trav\u00e9s de actividades como la \u00abescucha atenta\u00bb, se busca sensibilizar sobre la importancia del paisaje sonoro y el impacto de nuestras acciones en el equilibrio ambiental. \u00abEl sendero es un espacio donde la ciencia se comparte con la comunidad, fomentando la educaci\u00f3n ambiental y fortaleciendo la oferta tur\u00edstica de las \u00c1reas Silvestres Protegidas de la Regi\u00f3n de Ays\u00e9n\u00bb, se\u00f1ala Andr\u00e9s Adiego, investigador del Laboratorio Social del CIEP, y parte del equipo responsable del proyecto.<\/p>\n<p style=\"text-align: justify;\">Para el director regional de CONAF, Sr. Ronald Valenzuela, este sendero interpretativo\u00a0 es motivo de orgullo \u00abNos abre una experiencia sensorial y el conocimiento se genera a trav\u00e9s de la percepci\u00f3n del entorno. Genera identificaci\u00f3n, pertenencia y apropiaci\u00f3n del patrimonio ambiental y cultural que como Corporaci\u00f3n Nacional Forestal estamos encargados de tutelar y administrar, pero que es de todos y todas y ojal\u00e1 podamos sentirnos parte del mismo\u00bb. Por su parte el Seremi de agricultura, Sr. Eugenio Ruiz\u00a0 se\u00f1ala que \u00abLa conservaci\u00f3n requiere mucha informaci\u00f3n, por eso CIEP junto con la Corporaci\u00f3n Nacional Forestal cumplen un rol fundamental de entablar esta relaci\u00f3n para la investigaci\u00f3n. La informaci\u00f3n de CIEP permite conocer los recursos que tenemos dentro de las \u00c1reas Silvestres Protegidas, y entregar valor agregado a estos espacios. Los invitamos a todos a recorrer este sendero que provee distintos recursos sensoriales\u00bb.<\/p>\n<p style=\"text-align: justify;\">Esta iniciativa se enmarca en el financiamiento del CIEP mediante el proyecto de Fortalecimiento de Centros Regionales de ANID (PATSER), el cual se enfoca en la investigaci\u00f3n de los ecosistemas, el cambio clim\u00e1tico y las interacciones socioambientales en la Patagonia, y ha sido liderada por la Dra. Trace Gale, subdirectora del proyecto PATSER, quien destaca la relevancia del enfoque ecosist\u00e9mico interdisciplinario que caracteriza este proyecto:\u00a0\u00abEn los \u00faltimos a\u00f1os, hemos trabajado juntos como cient\u00edficos PATSER con guardaparques, estudiantes y visitantes, para estudiar la ecolog\u00eda de los paisajes de la Reserva Nacional Coyhaique, el impacto del sonido en las visitas y el uso del monitoreo ac\u00fastico para mejorar la conservaci\u00f3n y gesti\u00f3n del \u00e1rea. El sendero es una herramienta tangible para devolver todos los aprendizajes a la comunidad de manera did\u00e1ctica y divertida, que tambi\u00e9n proporciona infraestructura para la creaci\u00f3n de experiencias educativas y tur\u00edsticas\u00bb.<\/p>\n<p style=\"text-align: justify;\">El dise\u00f1o y habilitaci\u00f3n del sendero han sido posibles gracias a la colaboraci\u00f3n de diversas instituciones y expertos, entre ellos la Dra. Trace Gale, Dra. Anna Astorga, y Dr. Brian Reid, junto al apoyo t\u00e9cnico de profesionales como Tatiana Olivos, Javier Medel, Andr\u00e9s Adiego, Dr. I\u00f1igo Irarr\u00e1zaval, Luis Uribe, y otros miembros del CIEP, incluyendo la Dra. Andrea B\u00e1ez-Montenegro, investigadora asociada del proyecto PATSER y directora del Instituto de Estad\u00edstica de la Universidad Austral de Chile. Adem\u00e1s, se cont\u00f3 con la participaci\u00f3n de Jorge Osses, Orlando Beltr\u00e1n, Mireya Az\u00f3car, y Dominique Dattwyler de CONAF, as\u00ed como el apoyo del Centro Internacional Cabo de Hornos (CHIC) y de investigadoras internacionales como la Dra. Andrea Ednie (University of Wisconsin Whitewater) y la Dra. Karen Beeftink (University of Maine).<\/p>\n<p style=\"text-align: justify;\">En sus jornada de lanzamiento se invit\u00f3 el d\u00eda jueves 21 de noviembre a estudiantes de la carrera de Turismo y Naturaleza de la Universidad Austral de Chile, luego el viernes 22 de noviembre se llev\u00f3 cabo una inauguraci\u00f3n formal con autoridades e instituciones invitadas, donde se destacan: Ministerio de Agricultura, Ministerio de Medio Ambiente, PER Turismo Ays\u00e9n, Servicio Nacional de la Discapacidad, Servicio Nacional de turismo, Municipio de Coyhaique y representantes \u00e1mbito de las ciencias, la educaci\u00f3n y el turismo local. Finalmente, el s\u00e1bado 23 de noviembre se abrieron las puertas de la Reserva de manera gratuita a la comunidad, donde se realizaron estaciones cient\u00edficas a lo largo del sendero, puntos informativos de CONAF sobre fauna silvestre y un entretenido taller de cuaderno naturalista con la artista de acuarela, Giannina Toledo. Todos estos hitos tuvieron el fin de socializar esta nueva implementaci\u00f3n e invitar a la ciudadan\u00eda aysenina a visitarla.<\/p>\n<p style=\"text-align: justify;\">Este nuevo sendero interpretativo es una valiosa contribuci\u00f3n a la recreaci\u00f3n, el turismo y la educaci\u00f3n ambiental en una de las \u00e1reas silvestres m\u00e1s emblem\u00e1ticas de la regi\u00f3n. \u00a1Te invitamos a visitarlo y descubrir los beneficios de conectarse estrechamente con la naturaleza!<\/p>\n<\/div><\/section><\/div><div  style='height:50px' class='hr hr-invisible   avia-builder-el-6  el_after_av_one_full  el_before_av_social_share '><span class='hr-inner ' ><span class='hr-inner-style'><\/span><\/span><\/div><\/p>\n<div  class='av-social-sharing-box  avia-builder-el-7  el_after_av_hr  el_before_av_hr  '><div class='av-share-box'><h5 class='av-share-link-description av-no-toc '>Compartir esta noticia<\/h5><ul class='av-share-box-list noLightbox'><li class='av-share-link av-social-link-facebook' ><a target=\"_blank\" aria-label=\"Compartir en Facebook\" href='https:\/\/www.facebook.com\/sharer.php?u=https:\/\/radiorevelacionfm.cl\/?p=48285&#038;t=Nuevo%20Sendero%20interpretativo%3A%20%C2%ABNaturaleza%20con-ciencia%20y%20con-sentir%C2%BB' aria-hidden='false' data-av_icon='\ue8f3' data-av_iconfont='entypo-fontello' title='' data-avia-related-tooltip='Compartir en Facebook' rel=\"noopener\"><span class='avia_hidden_link_text'>Compartir en Facebook<\/span><\/a><\/li><li class='av-share-link av-social-link-twitter' ><a target=\"_blank\" aria-label=\"Compartir en Twitter\" href='https:\/\/twitter.com\/share?text=Nuevo%20Sendero%20interpretativo%3A%20%C2%ABNaturaleza%20con-ciencia%20y%20con-sentir%C2%BB&#038;url=https:\/\/radiorevelacionfm.cl\/?p=48285' aria-hidden='false' data-av_icon='\ue8f1' data-av_iconfont='entypo-fontello' title='' data-avia-related-tooltip='Compartir en Twitter' rel=\"noopener\"><span class='avia_hidden_link_text'>Compartir en Twitter<\/span><\/a><\/li><li class='av-share-link av-social-link-whatsapp' ><a target=\"_blank\" aria-label=\"Compartir en Whatsapp\" href='https:\/\/api.whatsapp.com\/send?text=https:\/\/radiorevelacionfm.cl\/?p=48285' aria-hidden='false' data-av_icon='\uf232' data-av_iconfont='entypo-fontello' title='' data-avia-related-tooltip='Compartir en Whatsapp' rel=\"noopener\"><span class='avia_hidden_link_text'>Compartir en Whatsapp<\/span><\/a><\/li><li class='av-share-link av-social-link-linkedin' ><a target=\"_blank\" aria-label=\"Compartir en LinkedIn\" href='https:\/\/linkedin.com\/shareArticle?mini=true&#038;title=Nuevo%20Sendero%20interpretativo%3A%20%C2%ABNaturaleza%20con-ciencia%20y%20con-sentir%C2%BB&#038;url=https:\/\/radiorevelacionfm.cl\/?p=48285' aria-hidden='false' data-av_icon='\ue8fc' data-av_iconfont='entypo-fontello' title='' data-avia-related-tooltip='Compartir en LinkedIn' rel=\"noopener\"><span class='avia_hidden_link_text'>Compartir en LinkedIn<\/span><\/a><\/li><li class='av-share-link av-social-link-mail' ><a  aria-label=\"Compartir por correo\" href='mailto:?subject=Nuevo%20Sendero%20interpretativo%3A%20%C2%ABNaturaleza%20con-ciencia%20y%20con-sentir%C2%BB&#038;body=https:\/\/radiorevelacionfm.cl\/?p=48285' aria-hidden='false' data-av_icon='\ue805' data-av_iconfont='entypo-fontello' title='' data-avia-related-tooltip='Compartir por correo'><span class='avia_hidden_link_text'>Compartir por correo<\/span><\/a><\/li><\/ul><\/div><\/div>\n<div  style='height:50px' class='hr hr-invisible   avia-builder-el-8  el_after_av_social_share  el_before_av_comments_list '><span class='hr-inner ' ><span class='hr-inner-style'><\/span><\/span><\/div>\n<div  class='av-buildercomment  av-blog-meta-html-info-disabled av-blog-meta-tag-disabled  '><\/div>\n","protected":false},"excerpt":{"rendered":"","protected":false},"author":1,"featured_media":48286,"comment_status":"open","ping_status":"open","sticky":false,"template":"","format":"standard","meta":{"footnotes":""},"categories":[38],"tags":[],"class_list":["post-48285","post","type-post","status-publish","format-standard","has-post-thumbnail","hentry","category-regional"],"jetpack_featured_media_url":"https:\/\/radiorevelacionfm.cl\/wp-content\/uploads\/2024\/11\/dji_0091-2-2_optimized-2.jpg","_links":{"self":[{"href":"https:\/\/radiorevelacionfm.cl\/index.php?rest_route=\/wp\/v2\/posts\/48285","targetHints":{"allow":["GET"]}}],"collection":[{"href":"https:\/\/radiorevelacionfm.cl\/index.php?rest_route=\/wp\/v2\/posts"}],"about":[{"href":"https:\/\/radiorevelacionfm.cl\/index.php?rest_route=\/wp\/v2\/types\/post"}],"author":[{"embeddable":true,"href":"https:\/\/radiorevelacionfm.cl\/index.php?rest_route=\/wp\/v2\/users\/1"}],"replies":[{"embeddable":true,"href":"https:\/\/radiorevelacionfm.cl\/index.php?rest_route=%2Fwp%2Fv2%2Fcomments&post=48285"}],"version-history":[{"count":1,"href":"https:\/\/radiorevelacionfm.cl\/index.php?rest_route=\/wp\/v2\/posts\/48285\/revisions"}],"predecessor-version":[{"id":48287,"href":"https:\/\/radiorevelacionfm.cl\/index.php?rest_route=\/wp\/v2\/posts\/48285\/revisions\/48287"}],"wp:featuredmedia":[{"embeddable":true,"href":"https:\/\/radiorevelacionfm.cl\/index.php?rest_route=\/wp\/v2\/media\/48286"}],"wp:attachment":[{"href":"https:\/\/radiorevelacionfm.cl\/index.php?rest_route=%2Fwp%2Fv2%2Fmedia&parent=48285"}],"wp:term":[{"taxonomy":"category","embeddable":true,"href":"https:\/\/radiorevelacionfm.cl\/index.php?rest_route=%2Fwp%2Fv2%2Fcategories&post=48285"},{"taxonomy":"post_tag","embeddable":true,"href":"https:\/\/radiorevelacionfm.cl\/index.php?rest_route=%2Fwp%2Fv2%2Ftags&post=48285"}],"curies":[{"name":"wp","href":"https:\/\/api.w.org\/{rel}","templated":true}]}}