{"id":48282,"date":"2024-11-26T19:15:32","date_gmt":"2024-11-26T22:15:32","guid":{"rendered":"https:\/\/radiorevelacionfm.cl\/?p=48282"},"modified":"2024-11-26T19:15:32","modified_gmt":"2024-11-26T22:15:32","slug":"la-region-de-aysen-se-suma-el-dia-del-cine-chileno-con-funciones-a-1-000","status":"publish","type":"post","link":"https:\/\/radiorevelacionfm.cl\/?p=48282","title":{"rendered":"La Regi\u00f3n de Ays\u00e9n se suma el D\u00eda del Cine Chileno con funciones a $1.000"},"content":{"rendered":"<div class=\"flex_column av_one_full  flex_column_div av-zero-column-padding first  avia-builder-el-0  el_before_av_one_full  avia-builder-el-first  \" style='border-radius:0px; '><div  class='avia-image-container  av-styling-    avia-builder-el-1  avia-builder-el-no-sibling  avia-align-center '  itemprop=\"image\" itemscope=\"itemscope\" itemtype=\"https:\/\/schema.org\/ImageObject\"  ><div class='avia-image-container-inner'><div class='avia-image-overlay-wrap'><img decoding=\"async\" class='wp-image-48283 avia-img-lazy-loading-not-48283 avia_image' src=\"https:\/\/radiorevelacionfm.cl\/wp-content\/uploads\/2024\/11\/HistoriaG-1-2-2.jpg\" alt='' title='HistoriaG 1 -2-2' height=\"600\" width=\"800\"  itemprop=\"thumbnailUrl\" srcset=\"https:\/\/radiorevelacionfm.cl\/wp-content\/uploads\/2024\/11\/HistoriaG-1-2-2.jpg 800w, https:\/\/radiorevelacionfm.cl\/wp-content\/uploads\/2024\/11\/HistoriaG-1-2-2-300x225.jpg 300w, https:\/\/radiorevelacionfm.cl\/wp-content\/uploads\/2024\/11\/HistoriaG-1-2-2-768x576.jpg 768w, https:\/\/radiorevelacionfm.cl\/wp-content\/uploads\/2024\/11\/HistoriaG-1-2-2-705x529.jpg 705w, https:\/\/radiorevelacionfm.cl\/wp-content\/uploads\/2024\/11\/HistoriaG-1-2-2-450x338.jpg 450w, https:\/\/radiorevelacionfm.cl\/wp-content\/uploads\/2024\/11\/HistoriaG-1-2-2-600x450.jpg 600w\" sizes=\"(max-width: 800px) 100vw, 800px\" \/><\/div><\/div><\/div><\/div><div class=\"flex_column av_one_full  flex_column_div av-zero-column-padding first  avia-builder-el-2  el_after_av_one_full  el_before_av_one_full  column-top-margin\" style='border-radius:0px; '><section class=\"av_textblock_section \"  itemscope=\"itemscope\" itemtype=\"https:\/\/schema.org\/BlogPosting\" itemprop=\"blogPost\" ><div class='avia_textblock  '   itemprop=\"text\" ><p style=\"text-align: center;\"><span style=\"font-size: 18pt;\"><b>La Regi\u00f3n de Ays\u00e9n se suma el D\u00eda del Cine Chileno con funciones a $1.000\u00a0<\/b><\/span><\/p>\n<div id=\"gtx-trans\" style=\"position: absolute; left: -50px; top: 4.31534px;\">\n<div class=\"gtx-trans-icon\"><\/div>\n<\/div>\n<\/div><\/section><\/div><div class=\"flex_column av_one_full  flex_column_div av-zero-column-padding first  avia-builder-el-4  el_after_av_one_full  el_before_av_hr  column-top-margin\" style='border-radius:0px; '><section class=\"av_textblock_section \"  itemscope=\"itemscope\" itemtype=\"https:\/\/schema.org\/BlogPosting\" itemprop=\"blogPost\" ><div class='avia_textblock  '   itemprop=\"text\" ><p style=\"text-align: justify;\">Esta semana, el Ministerio de las Culturas, las Artes y el Patrimonio pone a disposici\u00f3n de la ciudadan\u00eda una variada cartelera en todo el pa\u00eds y la Regi\u00f3n de Ays\u00e9n no es la excepci\u00f3n. El D\u00eda del Cine Chileno es organizado por el ministerio y producido por la Asociaci\u00f3n Gremial Red de Salas Independientes de Cine de Chile.<\/p>\n<p style=\"text-align: justify;\">Adem\u00e1s de funciones gratuitas para comunidades escolares, puedes comprar tus entradas a mil pesos directamente en el Centro Cultural Coyhaique, donde se har\u00e1n las exhibiciones.<\/p>\n<p style=\"text-align: justify;\">Todo comenz\u00f3 este martes con la proyecci\u00f3n de la pel\u00edcula Nahuel y el libro m\u00e1gico, que disfrutaron estudiantes de la Escuela Baquedano en la sala principal del edificio. Durante la tarde hubo una funci\u00f3n especial para personas con discapacidad visual de la pel\u00edcula chilena La Nana en el microcine.<\/p>\n<p style=\"text-align: justify;\">El seremi de Culturas Ays\u00e9n, Felipe Quiroz, invit\u00f3 a la comunidad a sumarse a esta conmemoraci\u00f3n del s\u00e9ptimo arte en Chile: \u00abEste a\u00f1o no solo tenemos actividades gratuitas para grupos escolares de diferentes escuelas, sino funciones especiales para personas con discapacidad visual, gracias a un trabajo que estamos haciendo con el Senadis, y tambi\u00e9n estrenos recientes como Bremen, del director y m\u00fasico Crist\u00f3bal Brice\u00f1o, y la premiada pel\u00edcula Los colonos. Esta fecha conmemora la desaparici\u00f3n de dos talentos cinematogr\u00e1ficos, como fueron Carmen Bueno y Jorge M\u00fcller. Y en su memoria, conmemoramos reflej\u00e1ndonos en nuestra propia historia\u00bb.<\/p>\n<p style=\"text-align: justify;\">Este mi\u00e9rcoles, estudiantes de las escuelas Altamira, Espa\u00f1a y San Jos\u00e9 Obrero disfrutar\u00e1n del D\u00eda del Cine Chileno con nuevas funciones de Nahuel y el libro m\u00e1gico, Papelucho y el Marciano, y la pel\u00edcula chilena Fiebre, que mezcla animaciones con actuaciones reales.<\/p>\n<p style=\"text-align: justify;\">Adem\u00e1s, habr\u00e1 funciones a solo $1.000 de las pel\u00edculas Los Colonos (martes 26 a las 19 horas) e Historia y geograf\u00eda (viernes 29 a las 20:30 horas).<\/p>\n<\/div><\/section><\/div><div  style='height:50px' class='hr hr-invisible   avia-builder-el-6  el_after_av_one_full  el_before_av_social_share '><span class='hr-inner ' ><span class='hr-inner-style'><\/span><\/span><\/div><\/p>\n<div  class='av-social-sharing-box  avia-builder-el-7  el_after_av_hr  el_before_av_hr  '><div class='av-share-box'><h5 class='av-share-link-description av-no-toc '>Compartir esta noticia<\/h5><ul class='av-share-box-list noLightbox'><li class='av-share-link av-social-link-facebook' ><a target=\"_blank\" aria-label=\"Compartir en Facebook\" href='https:\/\/www.facebook.com\/sharer.php?u=https:\/\/radiorevelacionfm.cl\/?p=48282&#038;t=La%20Regi%C3%B3n%20de%20Ays%C3%A9n%20se%20suma%20el%20D%C3%ADa%20del%20Cine%20Chileno%20con%20funciones%20a%20%241.000' aria-hidden='false' data-av_icon='\ue8f3' data-av_iconfont='entypo-fontello' title='' data-avia-related-tooltip='Compartir en Facebook' rel=\"noopener\"><span class='avia_hidden_link_text'>Compartir en Facebook<\/span><\/a><\/li><li class='av-share-link av-social-link-twitter' ><a target=\"_blank\" aria-label=\"Compartir en Twitter\" href='https:\/\/twitter.com\/share?text=La%20Regi%C3%B3n%20de%20Ays%C3%A9n%20se%20suma%20el%20D%C3%ADa%20del%20Cine%20Chileno%20con%20funciones%20a%20%241.000&#038;url=https:\/\/radiorevelacionfm.cl\/?p=48282' aria-hidden='false' data-av_icon='\ue8f1' data-av_iconfont='entypo-fontello' title='' data-avia-related-tooltip='Compartir en Twitter' rel=\"noopener\"><span class='avia_hidden_link_text'>Compartir en Twitter<\/span><\/a><\/li><li class='av-share-link av-social-link-whatsapp' ><a target=\"_blank\" aria-label=\"Compartir en Whatsapp\" href='https:\/\/api.whatsapp.com\/send?text=https:\/\/radiorevelacionfm.cl\/?p=48282' aria-hidden='false' data-av_icon='\uf232' data-av_iconfont='entypo-fontello' title='' data-avia-related-tooltip='Compartir en Whatsapp' rel=\"noopener\"><span class='avia_hidden_link_text'>Compartir en Whatsapp<\/span><\/a><\/li><li class='av-share-link av-social-link-linkedin' ><a target=\"_blank\" aria-label=\"Compartir en LinkedIn\" href='https:\/\/linkedin.com\/shareArticle?mini=true&#038;title=La%20Regi%C3%B3n%20de%20Ays%C3%A9n%20se%20suma%20el%20D%C3%ADa%20del%20Cine%20Chileno%20con%20funciones%20a%20%241.000&#038;url=https:\/\/radiorevelacionfm.cl\/?p=48282' aria-hidden='false' data-av_icon='\ue8fc' data-av_iconfont='entypo-fontello' title='' data-avia-related-tooltip='Compartir en LinkedIn' rel=\"noopener\"><span class='avia_hidden_link_text'>Compartir en LinkedIn<\/span><\/a><\/li><li class='av-share-link av-social-link-mail' ><a  aria-label=\"Compartir por correo\" href='mailto:?subject=La%20Regi%C3%B3n%20de%20Ays%C3%A9n%20se%20suma%20el%20D%C3%ADa%20del%20Cine%20Chileno%20con%20funciones%20a%20%241.000&#038;body=https:\/\/radiorevelacionfm.cl\/?p=48282' aria-hidden='false' data-av_icon='\ue805' data-av_iconfont='entypo-fontello' title='' data-avia-related-tooltip='Compartir por correo'><span class='avia_hidden_link_text'>Compartir por correo<\/span><\/a><\/li><\/ul><\/div><\/div>\n<div  style='height:50px' class='hr hr-invisible   avia-builder-el-8  el_after_av_social_share  el_before_av_comments_list '><span class='hr-inner ' ><span class='hr-inner-style'><\/span><\/span><\/div>\n<div  class='av-buildercomment  av-blog-meta-html-info-disabled av-blog-meta-tag-disabled  '><\/div>\n","protected":false},"excerpt":{"rendered":"","protected":false},"author":1,"featured_media":48283,"comment_status":"open","ping_status":"open","sticky":false,"template":"","format":"standard","meta":{"footnotes":""},"categories":[52],"tags":[],"class_list":["post-48282","post","type-post","status-publish","format-standard","has-post-thumbnail","hentry","category-cultura"],"jetpack_featured_media_url":"https:\/\/radiorevelacionfm.cl\/wp-content\/uploads\/2024\/11\/HistoriaG-1-2-2.jpg","_links":{"self":[{"href":"https:\/\/radiorevelacionfm.cl\/index.php?rest_route=\/wp\/v2\/posts\/48282","targetHints":{"allow":["GET"]}}],"collection":[{"href":"https:\/\/radiorevelacionfm.cl\/index.php?rest_route=\/wp\/v2\/posts"}],"about":[{"href":"https:\/\/radiorevelacionfm.cl\/index.php?rest_route=\/wp\/v2\/types\/post"}],"author":[{"embeddable":true,"href":"https:\/\/radiorevelacionfm.cl\/index.php?rest_route=\/wp\/v2\/users\/1"}],"replies":[{"embeddable":true,"href":"https:\/\/radiorevelacionfm.cl\/index.php?rest_route=%2Fwp%2Fv2%2Fcomments&post=48282"}],"version-history":[{"count":1,"href":"https:\/\/radiorevelacionfm.cl\/index.php?rest_route=\/wp\/v2\/posts\/48282\/revisions"}],"predecessor-version":[{"id":48284,"href":"https:\/\/radiorevelacionfm.cl\/index.php?rest_route=\/wp\/v2\/posts\/48282\/revisions\/48284"}],"wp:featuredmedia":[{"embeddable":true,"href":"https:\/\/radiorevelacionfm.cl\/index.php?rest_route=\/wp\/v2\/media\/48283"}],"wp:attachment":[{"href":"https:\/\/radiorevelacionfm.cl\/index.php?rest_route=%2Fwp%2Fv2%2Fmedia&parent=48282"}],"wp:term":[{"taxonomy":"category","embeddable":true,"href":"https:\/\/radiorevelacionfm.cl\/index.php?rest_route=%2Fwp%2Fv2%2Fcategories&post=48282"},{"taxonomy":"post_tag","embeddable":true,"href":"https:\/\/radiorevelacionfm.cl\/index.php?rest_route=%2Fwp%2Fv2%2Ftags&post=48282"}],"curies":[{"name":"wp","href":"https:\/\/api.w.org\/{rel}","templated":true}]}}