{"id":48279,"date":"2024-11-26T17:26:42","date_gmt":"2024-11-26T20:26:42","guid":{"rendered":"https:\/\/radiorevelacionfm.cl\/?p=48279"},"modified":"2024-11-26T17:26:42","modified_gmt":"2024-11-26T20:26:42","slug":"puerto-aysen-conmemoro-el-25n-con-una-vision-transversal-de-las-violencias","status":"publish","type":"post","link":"https:\/\/radiorevelacionfm.cl\/?p=48279","title":{"rendered":"Puerto Ays\u00e9n conmemor\u00f3 el 25N con una visi\u00f3n transversal de las violencias"},"content":{"rendered":"<div class=\"flex_column av_one_full  flex_column_div av-zero-column-padding first  avia-builder-el-0  el_before_av_one_full  avia-builder-el-first  \" style='border-radius:0px; '><div  class='avia-image-container  av-styling-    avia-builder-el-1  avia-builder-el-no-sibling  avia-align-center '  itemprop=\"image\" itemscope=\"itemscope\" itemtype=\"https:\/\/schema.org\/ImageObject\"  ><div class='avia-image-container-inner'><div class='avia-image-overlay-wrap'><img decoding=\"async\" class='wp-image-48280 avia-img-lazy-loading-not-48280 avia_image' src=\"https:\/\/radiorevelacionfm.cl\/wp-content\/uploads\/2024\/11\/20241125_161928-2_optimized.jpg\" alt='' title='20241125_161928-2_optimized' height=\"600\" width=\"800\"  itemprop=\"thumbnailUrl\" srcset=\"https:\/\/radiorevelacionfm.cl\/wp-content\/uploads\/2024\/11\/20241125_161928-2_optimized.jpg 800w, https:\/\/radiorevelacionfm.cl\/wp-content\/uploads\/2024\/11\/20241125_161928-2_optimized-300x225.jpg 300w, https:\/\/radiorevelacionfm.cl\/wp-content\/uploads\/2024\/11\/20241125_161928-2_optimized-768x576.jpg 768w, https:\/\/radiorevelacionfm.cl\/wp-content\/uploads\/2024\/11\/20241125_161928-2_optimized-705x529.jpg 705w, https:\/\/radiorevelacionfm.cl\/wp-content\/uploads\/2024\/11\/20241125_161928-2_optimized-450x338.jpg 450w, https:\/\/radiorevelacionfm.cl\/wp-content\/uploads\/2024\/11\/20241125_161928-2_optimized-600x450.jpg 600w\" sizes=\"(max-width: 800px) 100vw, 800px\" \/><\/div><\/div><\/div><\/div><div class=\"flex_column av_one_full  flex_column_div av-zero-column-padding first  avia-builder-el-2  el_after_av_one_full  el_before_av_one_full  column-top-margin\" style='border-radius:0px; '><section class=\"av_textblock_section \"  itemscope=\"itemscope\" itemtype=\"https:\/\/schema.org\/BlogPosting\" itemprop=\"blogPost\" ><div class='avia_textblock  '   itemprop=\"text\" ><p style=\"text-align: center;\"><strong><span style=\"font-size: 18pt;\">Puerto Ays\u00e9n conmemor\u00f3 el 25N con una visi\u00f3n transversal de las violencias<\/span><\/strong><\/p>\n<div id=\"gtx-trans\" style=\"position: absolute; left: -50px; top: 4.31534px;\">\n<div class=\"gtx-trans-icon\"><\/div>\n<\/div>\n<\/div><\/section><\/div><div class=\"flex_column av_one_full  flex_column_div av-zero-column-padding first  avia-builder-el-4  el_after_av_one_full  el_before_av_hr  column-top-margin\" style='border-radius:0px; '><section class=\"av_textblock_section \"  itemscope=\"itemscope\" itemtype=\"https:\/\/schema.org\/BlogPosting\" itemprop=\"blogPost\" ><div class='avia_textblock  '   itemprop=\"text\" ><p style=\"text-align: justify;\"><em>Nuevamente la Municipalidad de Ays\u00e9n, junto a diversos entes p\u00fablicos y privados se hicieron presentes realizando actividades en solemne memoria a las mujeres v\u00edctimas de la violencia de g\u00e9nero que lamentablemente fallecieron en estas circunstancias.<\/em><\/p>\n<p style=\"text-align: justify;\">Cada 25 de noviembre se conmemora de manera internacional el \u201cd\u00eda de la Eliminaci\u00f3n de la Violencia contra la Mujer\u201d, es por eso que desde las peque\u00f1as comunidades del sur de Chile, no se quedan indiferentes ante tan primordial fecha. La actividad fue organizada por la Red de Prevenci\u00f3n de las Violencias de G\u00e9nero de Puerto Ays\u00e9n en la Biblioteca P\u00fablica de la ciudad, en la cual se dieron momentos de reflexi\u00f3n y de contemplaci\u00f3n cultural.<\/p>\n<p style=\"text-align: justify;\">La violencia de g\u00e9nero es uno de los problemas que m\u00e1s sufren las mujeres a nivel comunal, as\u00ed explica Valentina Bauerle coordinadora del Centro de la Mujer de Puerto Ays\u00e9n, \u201clamentablemente todos los a\u00f1os la cifra se iguala o se aumenta al anterior. Este a\u00f1o ya llevamos cerca de 800 v\u00edctimas de violencia intrafamiliar en lo que respecta a delitos. Entonces nosotros nos preguntamos qu\u00e9 pasa con las mujeres que no han denunciado o estas denuncias que tambi\u00e9n pasan al Tribunal de Familia y no son consideradas delito como lo es la violencia psicol\u00f3gica o las que no son constitutivas de delito, como el maltrato habitual; pero eso, si no se toma con seriedad, puede ir escalando a lesiones leves, grav\u00edsimas o el hecho m\u00e1s grave de violencia, que es el femicidio\u201d.<\/p>\n<p style=\"text-align: justify;\">Es tambi\u00e9n por aquello, que en la jornada se pudo conversar acerca de distintos tipos de violencias que adolecen distintos grupos etarios. La Corporaci\u00f3n Opci\u00f3n trabaj\u00f3 con los ni\u00f1os y ni\u00f1as de una manera m\u00e1s did\u00e1ctica, Redapef hizo lo propio con un cuentacuentos para las infancias.<\/p>\n<p style=\"text-align: justify;\">Por su lado, el Instituto Nacional de Derechos Humanos regional realiz\u00f3 una presentaci\u00f3n de violencias que afectan a los adultos mayores, como el abandono o el mal uso de sus bienes.<\/p>\n<p style=\"text-align: justify;\">De la ocasi\u00f3n tambi\u00e9n fueron parte diversas artistas como las cantantes \u201cCeleste\u201d y\u00a0 Bel\u00e9n Saldivia, la poetisa Ivette, las actuaciones de la agrupaci\u00f3n Patagonia Finis Terrae, la banda de mujeres Las Chuc\u00e1, todas mostrando un claro mensaje de apoyo hacia la situaci\u00f3n en la que viven muchas mujeres todos los d\u00edas.<\/p>\n<p style=\"text-align: justify;\">La Concejala Tatiana Villarroel, como presidenta del Concejo Municipal expres\u00f3 que, \u201cel eliminar o erradicar la violencia de g\u00e9nero es fundamental a la hora de avanzar como sociedad. Considero que todos tenemos parte de la responsabilidad para que las malas pr\u00e1cticas de la violencia de g\u00e9nero se vayan eliminando poco a poco, en avanzar en la igualdad, en hacer que nuestra sociedad sea m\u00e1s equitativa. As\u00ed que, por parte del municipio, estamos trabajando para entregar esta igualdad tan anhelada para todos y todas, y por supuesto, en erradicar lo m\u00e1s pronto posible y de una manera sustancial la violencia de g\u00e9nero de nuestra sociedad\u201d.<\/p>\n<p style=\"text-align: justify;\">Cabe destacar que la Municipalidad de Ays\u00e9n, a trav\u00e9s del Centro de la Mujer y el Programa de Prevenci\u00f3n de las Violencias de G\u00e9nero este mes ha lanzado dos campa\u00f1as, una de concientizaci\u00f3n para las denuncias en conjunto con Carabineros y la otra para la donaci\u00f3n de ropa para mujeres que est\u00e1n escapando de la violencia, ambas mostradas en la jornada y publicadas tambi\u00e9n en redes sociales municipales.<\/p>\n<p style=\"text-align: justify;\">Por \u00faltimo, el d\u00eda 26 de noviembre, tambi\u00e9n en la biblioteca de Puerto Ays\u00e9n, se present\u00f3 el seminario \u201cViolencia obst\u00e9trica y su impacto al bienestar integral\u201d impartido por Mar\u00eda Jos\u00e9 Valderas Solaligue, Matrona, experta en sexualidad diversidad funcional, ginecolog\u00eda y diversidad sexual. Un debate poco visto en la comuna y regi\u00f3n, es por eso que se invit\u00f3 a la experta para que se pueda dialogar m\u00e1s sobre la violencia que sufren muchas veces las futuras madres en los procedimientos previos al nacimiento del beb\u00e9.<\/p>\n<\/div><\/section><\/div><div  style='height:50px' class='hr hr-invisible   avia-builder-el-6  el_after_av_one_full  el_before_av_social_share '><span class='hr-inner ' ><span class='hr-inner-style'><\/span><\/span><\/div><\/p>\n<div  class='av-social-sharing-box  avia-builder-el-7  el_after_av_hr  el_before_av_hr  '><div class='av-share-box'><h5 class='av-share-link-description av-no-toc '>Compartir esta noticia<\/h5><ul class='av-share-box-list noLightbox'><li class='av-share-link av-social-link-facebook' ><a target=\"_blank\" aria-label=\"Compartir en Facebook\" href='https:\/\/www.facebook.com\/sharer.php?u=https:\/\/radiorevelacionfm.cl\/?p=48279&#038;t=Puerto%20Ays%C3%A9n%20conmemor%C3%B3%20el%2025N%20con%20una%20visi%C3%B3n%20transversal%20de%20las%20violencias' aria-hidden='false' data-av_icon='\ue8f3' data-av_iconfont='entypo-fontello' title='' data-avia-related-tooltip='Compartir en Facebook' rel=\"noopener\"><span class='avia_hidden_link_text'>Compartir en Facebook<\/span><\/a><\/li><li class='av-share-link av-social-link-twitter' ><a target=\"_blank\" aria-label=\"Compartir en Twitter\" href='https:\/\/twitter.com\/share?text=Puerto%20Ays%C3%A9n%20conmemor%C3%B3%20el%2025N%20con%20una%20visi%C3%B3n%20transversal%20de%20las%20violencias&#038;url=https:\/\/radiorevelacionfm.cl\/?p=48279' aria-hidden='false' data-av_icon='\ue8f1' data-av_iconfont='entypo-fontello' title='' data-avia-related-tooltip='Compartir en Twitter' rel=\"noopener\"><span class='avia_hidden_link_text'>Compartir en Twitter<\/span><\/a><\/li><li class='av-share-link av-social-link-whatsapp' ><a target=\"_blank\" aria-label=\"Compartir en Whatsapp\" href='https:\/\/api.whatsapp.com\/send?text=https:\/\/radiorevelacionfm.cl\/?p=48279' aria-hidden='false' data-av_icon='\uf232' data-av_iconfont='entypo-fontello' title='' data-avia-related-tooltip='Compartir en Whatsapp' rel=\"noopener\"><span class='avia_hidden_link_text'>Compartir en Whatsapp<\/span><\/a><\/li><li class='av-share-link av-social-link-linkedin' ><a target=\"_blank\" aria-label=\"Compartir en LinkedIn\" href='https:\/\/linkedin.com\/shareArticle?mini=true&#038;title=Puerto%20Ays%C3%A9n%20conmemor%C3%B3%20el%2025N%20con%20una%20visi%C3%B3n%20transversal%20de%20las%20violencias&#038;url=https:\/\/radiorevelacionfm.cl\/?p=48279' aria-hidden='false' data-av_icon='\ue8fc' data-av_iconfont='entypo-fontello' title='' data-avia-related-tooltip='Compartir en LinkedIn' rel=\"noopener\"><span class='avia_hidden_link_text'>Compartir en LinkedIn<\/span><\/a><\/li><li class='av-share-link av-social-link-mail' ><a  aria-label=\"Compartir por correo\" href='mailto:?subject=Puerto%20Ays%C3%A9n%20conmemor%C3%B3%20el%2025N%20con%20una%20visi%C3%B3n%20transversal%20de%20las%20violencias&#038;body=https:\/\/radiorevelacionfm.cl\/?p=48279' aria-hidden='false' data-av_icon='\ue805' data-av_iconfont='entypo-fontello' title='' data-avia-related-tooltip='Compartir por correo'><span class='avia_hidden_link_text'>Compartir por correo<\/span><\/a><\/li><\/ul><\/div><\/div>\n<div  style='height:50px' class='hr hr-invisible   avia-builder-el-8  el_after_av_social_share  el_before_av_comments_list '><span class='hr-inner ' ><span class='hr-inner-style'><\/span><\/span><\/div>\n<div  class='av-buildercomment  av-blog-meta-html-info-disabled av-blog-meta-tag-disabled  '><\/div>\n","protected":false},"excerpt":{"rendered":"","protected":false},"author":1,"featured_media":48280,"comment_status":"open","ping_status":"open","sticky":false,"template":"","format":"standard","meta":{"footnotes":""},"categories":[38],"tags":[],"class_list":["post-48279","post","type-post","status-publish","format-standard","has-post-thumbnail","hentry","category-regional"],"jetpack_featured_media_url":"https:\/\/radiorevelacionfm.cl\/wp-content\/uploads\/2024\/11\/20241125_161928-2_optimized.jpg","_links":{"self":[{"href":"https:\/\/radiorevelacionfm.cl\/index.php?rest_route=\/wp\/v2\/posts\/48279","targetHints":{"allow":["GET"]}}],"collection":[{"href":"https:\/\/radiorevelacionfm.cl\/index.php?rest_route=\/wp\/v2\/posts"}],"about":[{"href":"https:\/\/radiorevelacionfm.cl\/index.php?rest_route=\/wp\/v2\/types\/post"}],"author":[{"embeddable":true,"href":"https:\/\/radiorevelacionfm.cl\/index.php?rest_route=\/wp\/v2\/users\/1"}],"replies":[{"embeddable":true,"href":"https:\/\/radiorevelacionfm.cl\/index.php?rest_route=%2Fwp%2Fv2%2Fcomments&post=48279"}],"version-history":[{"count":1,"href":"https:\/\/radiorevelacionfm.cl\/index.php?rest_route=\/wp\/v2\/posts\/48279\/revisions"}],"predecessor-version":[{"id":48281,"href":"https:\/\/radiorevelacionfm.cl\/index.php?rest_route=\/wp\/v2\/posts\/48279\/revisions\/48281"}],"wp:featuredmedia":[{"embeddable":true,"href":"https:\/\/radiorevelacionfm.cl\/index.php?rest_route=\/wp\/v2\/media\/48280"}],"wp:attachment":[{"href":"https:\/\/radiorevelacionfm.cl\/index.php?rest_route=%2Fwp%2Fv2%2Fmedia&parent=48279"}],"wp:term":[{"taxonomy":"category","embeddable":true,"href":"https:\/\/radiorevelacionfm.cl\/index.php?rest_route=%2Fwp%2Fv2%2Fcategories&post=48279"},{"taxonomy":"post_tag","embeddable":true,"href":"https:\/\/radiorevelacionfm.cl\/index.php?rest_route=%2Fwp%2Fv2%2Ftags&post=48279"}],"curies":[{"name":"wp","href":"https:\/\/api.w.org\/{rel}","templated":true}]}}