{"id":48276,"date":"2024-11-26T17:17:17","date_gmt":"2024-11-26T20:17:17","guid":{"rendered":"https:\/\/radiorevelacionfm.cl\/?p=48276"},"modified":"2024-11-26T17:17:17","modified_gmt":"2024-11-26T20:17:17","slug":"personas-emprendedoras-cuidadoras-y-usuarias-de-instituto-teleton-reciben-apoyo-del-fosis","status":"publish","type":"post","link":"https:\/\/radiorevelacionfm.cl\/?p=48276","title":{"rendered":"Personas emprendedoras cuidadoras y usuarias de Instituto Telet\u00f3n reciben apoyo del FOSIS"},"content":{"rendered":"<div class=\"flex_column av_one_full  flex_column_div av-zero-column-padding first  avia-builder-el-0  el_before_av_one_full  avia-builder-el-first  \" style='border-radius:0px; '><div  class='avia-image-container  av-styling-    avia-builder-el-1  avia-builder-el-no-sibling  avia-align-center '  itemprop=\"image\" itemscope=\"itemscope\" itemtype=\"https:\/\/schema.org\/ImageObject\"  ><div class='avia-image-container-inner'><div class='avia-image-overlay-wrap'><img decoding=\"async\" class='wp-image-48277 avia-img-lazy-loading-not-48277 avia_image' src=\"https:\/\/radiorevelacionfm.cl\/wp-content\/uploads\/2024\/11\/ES-Teleton-FOSIS-2-2.jpeg\" alt='' title='ES Telet\u00f3n FOSIS-2-2' height=\"600\" width=\"1067\"  itemprop=\"thumbnailUrl\" srcset=\"https:\/\/radiorevelacionfm.cl\/wp-content\/uploads\/2024\/11\/ES-Teleton-FOSIS-2-2.jpeg 1067w, https:\/\/radiorevelacionfm.cl\/wp-content\/uploads\/2024\/11\/ES-Teleton-FOSIS-2-2-300x169.jpeg 300w, https:\/\/radiorevelacionfm.cl\/wp-content\/uploads\/2024\/11\/ES-Teleton-FOSIS-2-2-1030x579.jpeg 1030w, https:\/\/radiorevelacionfm.cl\/wp-content\/uploads\/2024\/11\/ES-Teleton-FOSIS-2-2-768x432.jpeg 768w, https:\/\/radiorevelacionfm.cl\/wp-content\/uploads\/2024\/11\/ES-Teleton-FOSIS-2-2-705x396.jpeg 705w, https:\/\/radiorevelacionfm.cl\/wp-content\/uploads\/2024\/11\/ES-Teleton-FOSIS-2-2-450x253.jpeg 450w, https:\/\/radiorevelacionfm.cl\/wp-content\/uploads\/2024\/11\/ES-Teleton-FOSIS-2-2-600x337.jpeg 600w\" sizes=\"(max-width: 1067px) 100vw, 1067px\" \/><\/div><\/div><\/div><\/div><div class=\"flex_column av_one_full  flex_column_div av-zero-column-padding first  avia-builder-el-2  el_after_av_one_full  el_before_av_one_full  column-top-margin\" style='border-radius:0px; '><section class=\"av_textblock_section \"  itemscope=\"itemscope\" itemtype=\"https:\/\/schema.org\/BlogPosting\" itemprop=\"blogPost\" ><div class='avia_textblock  '   itemprop=\"text\" ><p style=\"text-align: center;\"><strong><span style=\"font-size: 18pt;\">Personas emprendedoras cuidadoras y usuarias de Instituto Telet\u00f3n reciben apoyo del FOSIS<\/span><\/strong><\/p>\n<div id=\"gtx-trans\" style=\"position: absolute; left: -50px; top: 4.31534px;\">\n<div class=\"gtx-trans-icon\"><\/div>\n<\/div>\n<\/div><\/section><\/div><div class=\"flex_column av_one_full  flex_column_div av-zero-column-padding first  avia-builder-el-4  el_after_av_one_full  el_before_av_hr  column-top-margin\" style='border-radius:0px; '><section class=\"av_textblock_section \"  itemscope=\"itemscope\" itemtype=\"https:\/\/schema.org\/BlogPosting\" itemprop=\"blogPost\" ><div class='avia_textblock  '   itemprop=\"text\" ><p style=\"text-align: justify;\"><em>12 familias de Coyhaique y Puerto Ays\u00e9n participaron del programa Emprendamos Semilla, donde recibieron capacitaci\u00f3n, asesor\u00eda y financiamiento para concretar un emprendimiento o fortalecer un negocio incipiente.<\/em><\/p>\n<p style=\"text-align: justify;\">Hasta el Instituto Telet\u00f3n de Coyhaique lleg\u00f3 la directora regional del FOSIS, Fernanda Leiva, para compartir en la ceremonia de certificaci\u00f3n y muestra de productos del programa Emprendamos Semilla, ejecutado gracias al convenio del Fondo de Solidaridad e Inversi\u00f3n Social y el Instituto Telet\u00f3n.<\/p>\n<p style=\"text-align: justify;\">Las doce personas que finalizaron exitosamente las distintas etapas comprendidas por este programa para la autonom\u00eda econ\u00f3mica del FOSIS, recibieron la certificaci\u00f3n de esta instancia donde pudieron participar de capacitaciones, asesor\u00edas t\u00e9cnicas y el financiamiento de un plan de negocios para adquirir insumos, equipamiento, herramientas o maquinaria.<\/p>\n<p style=\"text-align: justify;\">La directora regional del FOSIS, Fernanda Leiva, destac\u00f3 que \u201ceste a\u00f1o nuevamente realizamos un Emprendamos Semilla con personas usuarias, familiares y cuidadores de personas de la Telet\u00f3n. Dimos cierre a este proceso que busca apoyar a familias que necesitan generar ingresos y tener un sustento a trav\u00e9s de estos emprendimientos que se est\u00e1n iniciando. Como Gobierno estamos muy conscientes del apoyo que requieren las familias que ejercen labores de cuidado permanente como es el caso de pacientes Telet\u00f3n, as\u00ed que estamos disponibles a seguir trabajando para que las familias reciban este y otros apoyos para ejercer bien sus labores\u201d.<\/p>\n<p style=\"text-align: justify;\">Mar\u00eda Teresa Figueroa, madre cuidadora de usuario del Instituto Telet\u00f3n, coment\u00f3 que \u201cme siento contenta y orgullosa de m\u00ed por poder hacer estos hermosos talleres y tambi\u00e9n recibir del FOSIS y la Telet\u00f3n el gran apoyo que necesitamos. Nada m\u00e1s que agradecer y seguir esforz\u00e1ndome, d\u00e1ndome mis tiempos y seguir con mi emprendimiento. Ahora tengo una hermosa m\u00e1quina de coser as\u00ed que me voy a apoyar en la m\u00e1quina para seguir haciendo varias cosas nuevas que tengo en mente y quiero realizar ahora. Lo del telar lo llevo de muchos a\u00f1os porque lo hered\u00e9 de mi madre que hoy tiene 104 a\u00f1os y me voy por el camino de ella\u201d.<\/p>\n<p style=\"text-align: justify;\">La coordinadora administrativa del Instituto Telet\u00f3n de Coyhaique, Daniela Jim\u00e9nez, agreg\u00f3 que \u201cesta alianza entre el FOSIS y la Unidad Laboral de Telet\u00f3n, va muy en l\u00ednea con el tratamiento integral por el que apostamos en Telet\u00f3n, donde tratamos de abarcar todas las esferas en que una persona se desarrolla en comunidad. Que tengamos estos cuidadores y usuarios que se atrevan a emprender y desarrollar habilidad para tener sus propios recursos, releva este rol de no solamente cuidadores, sino que un rol m\u00e1s protag\u00f3nico de sus vidas. Es muy positivo para nosotros verlos como se desarrollan, se atreven y van innovado\u201d.<\/p>\n<p style=\"text-align: justify;\">El programa Emprendamos Semilla apoya el desarrollo un negocio o trabajo independiente que permita generar o aumentar ingresos y est\u00e1 dirigido a quienes tienen una idea de negocio o quieren empezar un emprendimiento y no tienen trabajo o tienen un trabajo precario.<\/p>\n<\/div><\/section><\/div><div  style='height:50px' class='hr hr-invisible   avia-builder-el-6  el_after_av_one_full  el_before_av_social_share '><span class='hr-inner ' ><span class='hr-inner-style'><\/span><\/span><\/div><\/p>\n<div  class='av-social-sharing-box  avia-builder-el-7  el_after_av_hr  el_before_av_hr  '><div class='av-share-box'><h5 class='av-share-link-description av-no-toc '>Compartir esta noticia<\/h5><ul class='av-share-box-list noLightbox'><li class='av-share-link av-social-link-facebook' ><a target=\"_blank\" aria-label=\"Compartir en Facebook\" href='https:\/\/www.facebook.com\/sharer.php?u=https:\/\/radiorevelacionfm.cl\/?p=48276&#038;t=Personas%20emprendedoras%20cuidadoras%20y%20usuarias%20de%20Instituto%20Telet%C3%B3n%20reciben%20apoyo%20del%20FOSIS' aria-hidden='false' data-av_icon='\ue8f3' data-av_iconfont='entypo-fontello' title='' data-avia-related-tooltip='Compartir en Facebook' rel=\"noopener\"><span class='avia_hidden_link_text'>Compartir en Facebook<\/span><\/a><\/li><li class='av-share-link av-social-link-twitter' ><a target=\"_blank\" aria-label=\"Compartir en Twitter\" href='https:\/\/twitter.com\/share?text=Personas%20emprendedoras%20cuidadoras%20y%20usuarias%20de%20Instituto%20Telet%C3%B3n%20reciben%20apoyo%20del%20FOSIS&#038;url=https:\/\/radiorevelacionfm.cl\/?p=48276' aria-hidden='false' data-av_icon='\ue8f1' data-av_iconfont='entypo-fontello' title='' data-avia-related-tooltip='Compartir en Twitter' rel=\"noopener\"><span class='avia_hidden_link_text'>Compartir en Twitter<\/span><\/a><\/li><li class='av-share-link av-social-link-whatsapp' ><a target=\"_blank\" aria-label=\"Compartir en Whatsapp\" href='https:\/\/api.whatsapp.com\/send?text=https:\/\/radiorevelacionfm.cl\/?p=48276' aria-hidden='false' data-av_icon='\uf232' data-av_iconfont='entypo-fontello' title='' data-avia-related-tooltip='Compartir en Whatsapp' rel=\"noopener\"><span class='avia_hidden_link_text'>Compartir en Whatsapp<\/span><\/a><\/li><li class='av-share-link av-social-link-linkedin' ><a target=\"_blank\" aria-label=\"Compartir en LinkedIn\" href='https:\/\/linkedin.com\/shareArticle?mini=true&#038;title=Personas%20emprendedoras%20cuidadoras%20y%20usuarias%20de%20Instituto%20Telet%C3%B3n%20reciben%20apoyo%20del%20FOSIS&#038;url=https:\/\/radiorevelacionfm.cl\/?p=48276' aria-hidden='false' data-av_icon='\ue8fc' data-av_iconfont='entypo-fontello' title='' data-avia-related-tooltip='Compartir en LinkedIn' rel=\"noopener\"><span class='avia_hidden_link_text'>Compartir en LinkedIn<\/span><\/a><\/li><li class='av-share-link av-social-link-mail' ><a  aria-label=\"Compartir por correo\" href='mailto:?subject=Personas%20emprendedoras%20cuidadoras%20y%20usuarias%20de%20Instituto%20Telet%C3%B3n%20reciben%20apoyo%20del%20FOSIS&#038;body=https:\/\/radiorevelacionfm.cl\/?p=48276' aria-hidden='false' data-av_icon='\ue805' data-av_iconfont='entypo-fontello' title='' data-avia-related-tooltip='Compartir por correo'><span class='avia_hidden_link_text'>Compartir por correo<\/span><\/a><\/li><\/ul><\/div><\/div>\n<div  style='height:50px' class='hr hr-invisible   avia-builder-el-8  el_after_av_social_share  el_before_av_comments_list '><span class='hr-inner ' ><span class='hr-inner-style'><\/span><\/span><\/div>\n<div  class='av-buildercomment  av-blog-meta-html-info-disabled av-blog-meta-tag-disabled  '><\/div>\n","protected":false},"excerpt":{"rendered":"","protected":false},"author":1,"featured_media":48277,"comment_status":"open","ping_status":"open","sticky":false,"template":"","format":"standard","meta":{"footnotes":""},"categories":[38],"tags":[],"class_list":["post-48276","post","type-post","status-publish","format-standard","has-post-thumbnail","hentry","category-regional"],"jetpack_featured_media_url":"https:\/\/radiorevelacionfm.cl\/wp-content\/uploads\/2024\/11\/ES-Teleton-FOSIS-2-2.jpeg","_links":{"self":[{"href":"https:\/\/radiorevelacionfm.cl\/index.php?rest_route=\/wp\/v2\/posts\/48276","targetHints":{"allow":["GET"]}}],"collection":[{"href":"https:\/\/radiorevelacionfm.cl\/index.php?rest_route=\/wp\/v2\/posts"}],"about":[{"href":"https:\/\/radiorevelacionfm.cl\/index.php?rest_route=\/wp\/v2\/types\/post"}],"author":[{"embeddable":true,"href":"https:\/\/radiorevelacionfm.cl\/index.php?rest_route=\/wp\/v2\/users\/1"}],"replies":[{"embeddable":true,"href":"https:\/\/radiorevelacionfm.cl\/index.php?rest_route=%2Fwp%2Fv2%2Fcomments&post=48276"}],"version-history":[{"count":1,"href":"https:\/\/radiorevelacionfm.cl\/index.php?rest_route=\/wp\/v2\/posts\/48276\/revisions"}],"predecessor-version":[{"id":48278,"href":"https:\/\/radiorevelacionfm.cl\/index.php?rest_route=\/wp\/v2\/posts\/48276\/revisions\/48278"}],"wp:featuredmedia":[{"embeddable":true,"href":"https:\/\/radiorevelacionfm.cl\/index.php?rest_route=\/wp\/v2\/media\/48277"}],"wp:attachment":[{"href":"https:\/\/radiorevelacionfm.cl\/index.php?rest_route=%2Fwp%2Fv2%2Fmedia&parent=48276"}],"wp:term":[{"taxonomy":"category","embeddable":true,"href":"https:\/\/radiorevelacionfm.cl\/index.php?rest_route=%2Fwp%2Fv2%2Fcategories&post=48276"},{"taxonomy":"post_tag","embeddable":true,"href":"https:\/\/radiorevelacionfm.cl\/index.php?rest_route=%2Fwp%2Fv2%2Ftags&post=48276"}],"curies":[{"name":"wp","href":"https:\/\/api.w.org\/{rel}","templated":true}]}}