{"id":4827,"date":"2021-06-02T17:37:52","date_gmt":"2021-06-02T20:37:52","guid":{"rendered":"https:\/\/radiorevelacionfm.cl\/?p=4827"},"modified":"2021-06-02T17:37:52","modified_gmt":"2021-06-02T20:37:52","slug":"seremi-constato-en-terreno-etapas-finales-de-la-construccion-de-68-viviendas-en-balmaceda","status":"publish","type":"post","link":"https:\/\/radiorevelacionfm.cl\/?p=4827","title":{"rendered":"Seremi constat\u00f3 en terreno etapas finales de la construcci\u00f3n de 68 Viviendas en Balmaceda"},"content":{"rendered":"<div class=\"flex_column av_one_full  flex_column_div av-zero-column-padding first  avia-builder-el-0  el_before_av_one_full  avia-builder-el-first  \" style='border-radius:0px; '><div  class='avia-image-container  av-styling-    avia-builder-el-1  avia-builder-el-no-sibling  avia-align-center '  itemprop=\"image\" itemscope=\"itemscope\" itemtype=\"https:\/\/schema.org\/ImageObject\"  ><div class='avia-image-container-inner'><div class='avia-image-overlay-wrap'><img decoding=\"async\" class='wp-image-0 avia-img-lazy-loading-not-0 avia_image' src=\"https:\/\/radiorevelacionfm.cl\/wp-content\/uploads\/2021\/06\/foto-visita-avance-construccion-68-viviendas-Los-Colonos-Balmaceda-1.jpeg\" alt='' title=''   itemprop=\"thumbnailUrl\"  \/><\/div><\/div><\/div><\/div><div class=\"flex_column av_one_full  flex_column_div av-zero-column-padding first  avia-builder-el-2  el_after_av_one_full  el_before_av_one_full  column-top-margin\" style='border-radius:0px; '><section class=\"av_textblock_section \"  itemscope=\"itemscope\" itemtype=\"https:\/\/schema.org\/BlogPosting\" itemprop=\"blogPost\" ><div class='avia_textblock  '   itemprop=\"text\" ><p style=\"text-align: center;\"><span style=\"font-size: 18pt;\"><strong>Seremi constat\u00f3 en terreno etapas finales de la construcci\u00f3n de 68 Viviendas en Balmaceda<\/strong><\/span><\/p>\n<div id=\"gtx-trans\" style=\"position: absolute; left: -50px; top: 4.31534px;\">\n<div class=\"gtx-trans-icon\"><\/div>\n<\/div>\n<\/div><\/section><\/div><div class=\"flex_column av_one_full  flex_column_div av-zero-column-padding first  avia-builder-el-4  el_after_av_one_full  el_before_av_hr  column-top-margin\" style='border-radius:0px; '><section class=\"av_textblock_section \"  itemscope=\"itemscope\" itemtype=\"https:\/\/schema.org\/BlogPosting\" itemprop=\"blogPost\" ><div class='avia_textblock  '   itemprop=\"text\" ><p style=\"text-align: justify;\">Como una obra de gran calidad, acorde a lo que se merecen las familias de Balmaceda y de toda la regi\u00f3n, calific\u00f3 el Seremi de Vivienda Diego Silva el nuevo conjunto habitacional que est\u00e1 en su fase de t\u00e9rmino y que dar\u00e1 soluci\u00f3n a los 68 integrantes del comit\u00e9 \u201cLos Colonos\u201d, los que tras varios a\u00f1os de trabajo muy pronto podr\u00e1n cumplir con el sue\u00f1o de la casa propia.<\/p>\n<p style=\"text-align: justify;\">La autoridad sectorial realiz\u00f3 este mi\u00e9rcoles una visita inspectiva a la obra, donde\u00a0 estuvo acompa\u00f1ado por el Director del Serviu, Nelson Quinteros y la presidenta del comit\u00e9 Los Colonos, Fernanda D\u00edaz, quien al finalizar el recorrido se mostr\u00f3 feliz con la calidad de la construcci\u00f3n y con el avance en las etapas de cierre del proyecto, lo que les permite pensar ya en la futura recepci\u00f3n de las viviendas.<\/p>\n<p style=\"text-align: justify;\">El Seremi Diego Silva destac\u00f3 la calidad de este gran proyecto habitacional, que sin duda cambiar\u00e1 positivamente la imagen y el futuro de Balmaceda. \u201cHemos realizado una visita con la dirigenta y con representantes de la empresa Entre R\u00edos, a cargo de la ejecuci\u00f3n del proyecto, para verificar que est\u00e9 todo en orden ya con el objetivo de ir cerrando todos los detalles que falten para organizar la futura entrega de las casas a sus felices propietarios. Este es un comit\u00e9 bastante grande, con el que hemos venido haciendo un trabajo muy ordenado, serio y responsable que hoy rinde sus frutos con una obra que realmente nos hace sentir orgullosos del trabajo que hemos logrado concretar aqu\u00ed y en las diferentes comunas de la regi\u00f3n, siempre pensando en que las familias tengan una mejor calidad de vida y una mejor futuro, ya que muchos de ellos est\u00e1n arrendando o viven de allegados\u201d, manifest\u00f3.<\/p>\n<p style=\"text-align: justify;\">Agreg\u00f3 la autoridad que se trata de un proyecto que implica una inversi\u00f3n que bordea los 3 mil 800 millones de pesos, donde no solo est\u00e1 el aporte del Ministerio de Vivienda sino tambi\u00e9n el ahorro de los vecinos y el aporte complementario del Gobierno regional para la habilitaci\u00f3n de los terrenos. \u201cPodemos ver adem\u00e1s que en el terreno aleda\u00f1o estamos construyendo otro importante conjunto habitacional para 50 familias, muchas de ellas de Coyhaique, entonces ser\u00e1n 118 nuevos hogares que le dar\u00e1n vida y alegr\u00eda a esta antigua y estrat\u00e9gica localidad, que adem\u00e1s es la entrada por v\u00eda a\u00e9rea a nuestra regi\u00f3n.\u00a0 Tal como ha dicho nuestro Ministro Felipe Ward, sabemos que estos proyectos son un sue\u00f1o que pronto se har\u00e1 realidad para estas familias, pero tambi\u00e9n sabemos que son un gran desaf\u00edo y una tremenda oportunidad de impulsar el desarrollo y la soberan\u00eda de nuestros pueblos, de crear barrios integrados, con transporte, servicios, espacios p\u00fablicos y todo lo que las familias necesitan y se merecen\u201d, afirm\u00f3.<\/p>\n<p style=\"text-align: justify;\">El comit\u00e9 Los Colonos de Balmaceda tiene como Entidad Patrocinante a Cornejo y Alert Consulores y considera en su proyecto 64 viviendas de 47,3 m2 y cuatro viviendas de 64,7 m2, adem\u00e1s de equipamiento, \u00e1reas verdes\u00a0 y obras complementarias. La obra ha significado adem\u00e1s un importante porte al empleo y al incentivo de las econom\u00edas locales, como parte del plan de recuperaci\u00f3n econ\u00f3mico y social impulsado por el Gobierno para hacer frente a las negativas consecuencias que ha tra\u00eddo la pandemia por Covid 19 en la regi\u00f3n y en el pa\u00eds.<\/p>\n<\/div><\/section><\/div><div  style='height:50px' class='hr hr-invisible   avia-builder-el-6  el_after_av_one_full  el_before_av_social_share '><span class='hr-inner ' ><span class='hr-inner-style'><\/span><\/span><\/div><\/p>\n<div  class='av-social-sharing-box  avia-builder-el-7  el_after_av_hr  el_before_av_hr  '><div class='av-share-box'><h5 class='av-share-link-description av-no-toc '>Compartir esta noticia<\/h5><ul class='av-share-box-list noLightbox'><li class='av-share-link av-social-link-facebook' ><a target=\"_blank\" aria-label=\"Compartir en Facebook\" href='https:\/\/www.facebook.com\/sharer.php?u=https:\/\/radiorevelacionfm.cl\/?p=4827&#038;t=Seremi%20constat%C3%B3%20en%20terreno%20etapas%20finales%20de%20la%20construcci%C3%B3n%20de%2068%20Viviendas%20en%20Balmaceda' aria-hidden='false' data-av_icon='\ue8f3' data-av_iconfont='entypo-fontello' title='' data-avia-related-tooltip='Compartir en Facebook' rel=\"noopener\"><span class='avia_hidden_link_text'>Compartir en Facebook<\/span><\/a><\/li><li class='av-share-link av-social-link-twitter' ><a target=\"_blank\" aria-label=\"Compartir en Twitter\" href='https:\/\/twitter.com\/share?text=Seremi%20constat%C3%B3%20en%20terreno%20etapas%20finales%20de%20la%20construcci%C3%B3n%20de%2068%20Viviendas%20en%20Balmaceda&#038;url=https:\/\/radiorevelacionfm.cl\/?p=4827' aria-hidden='false' data-av_icon='\ue8f1' data-av_iconfont='entypo-fontello' title='' data-avia-related-tooltip='Compartir en Twitter' rel=\"noopener\"><span class='avia_hidden_link_text'>Compartir en Twitter<\/span><\/a><\/li><li class='av-share-link av-social-link-whatsapp' ><a target=\"_blank\" aria-label=\"Compartir en Whatsapp\" href='https:\/\/api.whatsapp.com\/send?text=https:\/\/radiorevelacionfm.cl\/?p=4827' aria-hidden='false' data-av_icon='\uf232' data-av_iconfont='entypo-fontello' title='' data-avia-related-tooltip='Compartir en Whatsapp' rel=\"noopener\"><span class='avia_hidden_link_text'>Compartir en Whatsapp<\/span><\/a><\/li><li class='av-share-link av-social-link-linkedin' ><a target=\"_blank\" aria-label=\"Compartir en LinkedIn\" href='https:\/\/linkedin.com\/shareArticle?mini=true&#038;title=Seremi%20constat%C3%B3%20en%20terreno%20etapas%20finales%20de%20la%20construcci%C3%B3n%20de%2068%20Viviendas%20en%20Balmaceda&#038;url=https:\/\/radiorevelacionfm.cl\/?p=4827' aria-hidden='false' data-av_icon='\ue8fc' data-av_iconfont='entypo-fontello' title='' data-avia-related-tooltip='Compartir en LinkedIn' rel=\"noopener\"><span class='avia_hidden_link_text'>Compartir en LinkedIn<\/span><\/a><\/li><li class='av-share-link av-social-link-mail' ><a  aria-label=\"Compartir por correo\" href='mailto:?subject=Seremi%20constat%C3%B3%20en%20terreno%20etapas%20finales%20de%20la%20construcci%C3%B3n%20de%2068%20Viviendas%20en%20Balmaceda&#038;body=https:\/\/radiorevelacionfm.cl\/?p=4827' aria-hidden='false' data-av_icon='\ue805' data-av_iconfont='entypo-fontello' title='' data-avia-related-tooltip='Compartir por correo'><span class='avia_hidden_link_text'>Compartir por correo<\/span><\/a><\/li><\/ul><\/div><\/div>\n<div  style='height:50px' class='hr hr-invisible   avia-builder-el-8  el_after_av_social_share  el_before_av_comments_list '><span class='hr-inner ' ><span class='hr-inner-style'><\/span><\/span><\/div>\n<div  class='av-buildercomment  av-blog-meta-html-info-disabled av-blog-meta-tag-disabled  '><\/div>\n","protected":false},"excerpt":{"rendered":"","protected":false},"author":1,"featured_media":0,"comment_status":"open","ping_status":"open","sticky":false,"template":"","format":"standard","meta":{"footnotes":""},"categories":[57],"tags":[],"class_list":["post-4827","post","type-post","status-publish","format-standard","hentry","category-vivienda"],"jetpack_featured_media_url":"","_links":{"self":[{"href":"https:\/\/radiorevelacionfm.cl\/index.php?rest_route=\/wp\/v2\/posts\/4827","targetHints":{"allow":["GET"]}}],"collection":[{"href":"https:\/\/radiorevelacionfm.cl\/index.php?rest_route=\/wp\/v2\/posts"}],"about":[{"href":"https:\/\/radiorevelacionfm.cl\/index.php?rest_route=\/wp\/v2\/types\/post"}],"author":[{"embeddable":true,"href":"https:\/\/radiorevelacionfm.cl\/index.php?rest_route=\/wp\/v2\/users\/1"}],"replies":[{"embeddable":true,"href":"https:\/\/radiorevelacionfm.cl\/index.php?rest_route=%2Fwp%2Fv2%2Fcomments&post=4827"}],"version-history":[{"count":1,"href":"https:\/\/radiorevelacionfm.cl\/index.php?rest_route=\/wp\/v2\/posts\/4827\/revisions"}],"predecessor-version":[{"id":4829,"href":"https:\/\/radiorevelacionfm.cl\/index.php?rest_route=\/wp\/v2\/posts\/4827\/revisions\/4829"}],"wp:attachment":[{"href":"https:\/\/radiorevelacionfm.cl\/index.php?rest_route=%2Fwp%2Fv2%2Fmedia&parent=4827"}],"wp:term":[{"taxonomy":"category","embeddable":true,"href":"https:\/\/radiorevelacionfm.cl\/index.php?rest_route=%2Fwp%2Fv2%2Fcategories&post=4827"},{"taxonomy":"post_tag","embeddable":true,"href":"https:\/\/radiorevelacionfm.cl\/index.php?rest_route=%2Fwp%2Fv2%2Ftags&post=4827"}],"curies":[{"name":"wp","href":"https:\/\/api.w.org\/{rel}","templated":true}]}}