{"id":48269,"date":"2024-11-26T16:48:36","date_gmt":"2024-11-26T19:48:36","guid":{"rendered":"https:\/\/radiorevelacionfm.cl\/?p=48269"},"modified":"2024-11-26T16:48:36","modified_gmt":"2024-11-26T19:48:36","slug":"subsecretaria-elgueta-entrega-llaves-de-primer-barrio-indigena-de-la-region-de-ayse","status":"publish","type":"post","link":"https:\/\/radiorevelacionfm.cl\/?p=48269","title":{"rendered":"Subsecretaria Elgueta entrega llaves de primer barrio ind\u00edgena de la regi\u00f3n de Ays\u00e9"},"content":{"rendered":"<div class=\"flex_column av_one_full  flex_column_div av-zero-column-padding first  avia-builder-el-0  el_before_av_one_full  avia-builder-el-first  \" style='border-radius:0px; '><div  class='avia-image-container  av-styling-    avia-builder-el-1  avia-builder-el-no-sibling  avia-align-center '  itemprop=\"image\" itemscope=\"itemscope\" itemtype=\"https:\/\/schema.org\/ImageObject\"  ><div class='avia-image-container-inner'><div class='avia-image-overlay-wrap'><img decoding=\"async\" class='wp-image-48270 avia-img-lazy-loading-not-48270 avia_image' src=\"https:\/\/radiorevelacionfm.cl\/wp-content\/uploads\/2024\/11\/Familias-de-comite-Ruka-Kimun-reciben-llaves-de-su-casa-propia-2-2.jpeg\" alt='' title='Familias de comit\u00e9 Ruka Kimun reciben llaves de su casa propia-2-2' height=\"600\" width=\"893\"  itemprop=\"thumbnailUrl\" srcset=\"https:\/\/radiorevelacionfm.cl\/wp-content\/uploads\/2024\/11\/Familias-de-comite-Ruka-Kimun-reciben-llaves-de-su-casa-propia-2-2.jpeg 893w, https:\/\/radiorevelacionfm.cl\/wp-content\/uploads\/2024\/11\/Familias-de-comite-Ruka-Kimun-reciben-llaves-de-su-casa-propia-2-2-300x202.jpeg 300w, https:\/\/radiorevelacionfm.cl\/wp-content\/uploads\/2024\/11\/Familias-de-comite-Ruka-Kimun-reciben-llaves-de-su-casa-propia-2-2-768x516.jpeg 768w, https:\/\/radiorevelacionfm.cl\/wp-content\/uploads\/2024\/11\/Familias-de-comite-Ruka-Kimun-reciben-llaves-de-su-casa-propia-2-2-705x474.jpeg 705w, https:\/\/radiorevelacionfm.cl\/wp-content\/uploads\/2024\/11\/Familias-de-comite-Ruka-Kimun-reciben-llaves-de-su-casa-propia-2-2-450x302.jpeg 450w, https:\/\/radiorevelacionfm.cl\/wp-content\/uploads\/2024\/11\/Familias-de-comite-Ruka-Kimun-reciben-llaves-de-su-casa-propia-2-2-600x403.jpeg 600w\" sizes=\"(max-width: 893px) 100vw, 893px\" \/><\/div><\/div><\/div><\/div><div class=\"flex_column av_one_full  flex_column_div av-zero-column-padding first  avia-builder-el-2  el_after_av_one_full  el_before_av_one_full  column-top-margin\" style='border-radius:0px; '><section class=\"av_textblock_section \"  itemscope=\"itemscope\" itemtype=\"https:\/\/schema.org\/BlogPosting\" itemprop=\"blogPost\" ><div class='avia_textblock  '   itemprop=\"text\" ><p style=\"text-align: center;\"><strong><span style=\"font-size: 18pt;\">Subsecretaria Elgueta entrega llaves de primer barrio ind\u00edgena de la regi\u00f3n de Ays\u00e9n<\/span><\/strong><\/p>\n<div id=\"gtx-trans\" style=\"position: absolute; left: -50px; top: 4.31534px;\">\n<div class=\"gtx-trans-icon\"><\/div>\n<\/div>\n<\/div><\/section><\/div><div class=\"flex_column av_one_full  flex_column_div av-zero-column-padding first  avia-builder-el-4  el_after_av_one_full  el_before_av_hr  column-top-margin\" style='border-radius:0px; '><section class=\"av_textblock_section \"  itemscope=\"itemscope\" itemtype=\"https:\/\/schema.org\/BlogPosting\" itemprop=\"blogPost\" ><div class='avia_textblock  '   itemprop=\"text\" ><p style=\"text-align: justify;\"><em>La Subsecretaria anunci\u00f3 la adquisici\u00f3n del terreno Vicariato 3 de Ays\u00e9n una inversi\u00f3n de m\u00e1s de $ 823 millones, para la construcci\u00f3n de viviendas que beneficiar\u00e1 a 102 familias.<\/em><\/p>\n<p style=\"text-align: justify;\">La Subsecretaria de Vivienda y Urbanismo, Gabriela Elgueta junto al Gobernador (s) Omar Mu\u00f1oz; al Delegado Presidencial, Jorge D\u00edaz; al Alcalde de la Municipalidad de Coyhaique, Carlos Gatica, la Seremi de Vivienda y Urbanismo Ays\u00e9n Paulina Ruz; el Director SERVIU Ays\u00e9n,\u00a0V\u00edctor Contreras, entre otras autoridades, participaron en la ceremonia de entrega de llaves para 100 familias de 17 comunidades mapuches con que se alcanzaron 1027 viviendas entregadas, cumpliendo con el avance en el Plan de Emergencia Habitacional.<\/p>\n<p style=\"text-align: justify;\">El conjunto habitacional Ruka Kim\u00fcn (Casa de la Sabidur\u00eda), preserva la cosmovisi\u00f3n mapuche y es fruto del trabajo en conjunto entre el municipio, las comunidades ind\u00edgenas y el Minvu. Su dise\u00f1o consider\u00f3 un sector de \u00e1rea verde para huertos comunitarios, una cancha de pal\u00edn y una sede comunitaria que rescata las costumbres y ritos del Pueblo Mapuche con cocina, espacio de reuni\u00f3n con fog\u00f3n central, ba\u00f1o para discapacitados, ba\u00f1o general y bodega.<\/p>\n<p style=\"text-align: justify;\">La subsecretaria Elgueta subray\u00f3 que el proyecto cuenta con excelentes terminaciones y aislamiento t\u00e9rmico que permitir\u00e1 enfrentar de mejor manera las bajas y altas temperaturas, a\u00f1adiendo que \u201ces un gran orgullo para el Minvu entregar este primer proyecto de viviendas ind\u00edgenas con pertinencia del pueblo mapuche en la regi\u00f3n que beneficiar\u00e1 a 100 familias que llevan ya como 10 a\u00f1os esperando y organiz\u00e1ndose\u201d.<\/p>\n<p style=\"text-align: justify;\">Destacando la colaboraci\u00f3n para que esta entrega fuera realidad afirm\u00f3 que \u201cesto fue posible con la voluntad de la EP de la Municipalidad de Coyhaique, de los equipos SERVIU, porque ac\u00e1 ha habido un gran esfuerzo de poder expresar la cosmovisi\u00f3n y \/toda la identidad del pueblo mapuche que se expresa en c\u00f3mo est\u00e1n distribuidas las viviendas. Hay tambi\u00e9n un centro comunitario que recoge sus pr\u00e1cticas ancestrales, tiene un fog\u00f3n al medio, tiene una cancha de palin y tiene \u00e1reas verdes que van a permitir tambi\u00e9n poder a partir del trabajo en comunidad levantar un huerto comunitario\u201d.<\/p>\n<p style=\"text-align: justify;\">Las familias beneficiadas se mostraron muy emocionadas de recibir sus llaves, en especial Ver\u00f3nica Ojeda, tesorera de estas comunidades quien dijo que \u201cmuy feliz de esta entrega que pasaron muchos a\u00f1os, mucho tiempo, pero contentas por el trabajo que hicimos, por el esfuerzo que tuvimos, la \u00d1izol que fue nuestra parte fundamental en este comit\u00e9 de viviendas, as\u00ed que estamos felices. Muy agradecidos igual de todos los lamien que nos acompa\u00f1aron en esta celebraci\u00f3n, as\u00ed que felices y contentos\u201d.<\/p>\n<p style=\"text-align: justify;\">Similar opini\u00f3n tuvo la \u00d1izol, Elsa Canum\u00e1n, quien expres\u00f3 que \u201cagradezco al gobierno esta oportunidad que nos dieron de poder trabajar como autoridad mapuche con el Estado\u201d agregando que \u201cHoy me siento orgullosa de haber trabajado con mucho dolor convenciendo al Estado que nosotros estamos presentes. Y eso nos hace dar cuenta de que tenemos un valor importante\u201d.<\/p>\n<p style=\"text-align: justify;\">Por su parte, el Delegado Presidencial, dijo que \u201cpara el gobierno este es un hecho muy relevante, muy particular, porque por primera vez se entrega un barrio a nuestro pueblo originario, al pueblo mapuche y eso demuestra que la diversidad de nuestra sociedad tambi\u00e9n queda inserta en un nuevo barrio, donde dijimos que adem\u00e1s \u00edbamos a tener el nuevo hospital, la universidad. Hay equipamiento, no son solamente casas, es un concepto para que la gente viva mejor que en los lugares\u201d.<\/p>\n<p style=\"text-align: justify;\"><strong>Compra de terreno en Ays\u00e9n<\/strong><\/p>\n<p style=\"text-align: justify;\">Junto con felicitar el avance del Plan de Emergencia Habitacional en la regi\u00f3n, que ya cuenta con un 79,4% y que abarca la totalidad de sus 10 comunas, la Subsecretaria Elgueta y la Seremi Minvu anunci\u00f3 que se firm\u00f3 la adquisici\u00f3n del terreno Vicariato 3 de Ays\u00e9n, que tiene 32.503 metros cuadrados, para la construcci\u00f3n de viviendas que beneficiar\u00e1 a los comit\u00e9s Tesoro Austral, Mirando hacia el Futuro y Ahora Voy por Ustedes con 102 familias y que contempla una inversi\u00f3n que supera los 823 millones de pesos.<\/p>\n<\/div><\/section><\/div><div  style='height:50px' class='hr hr-invisible   avia-builder-el-6  el_after_av_one_full  el_before_av_social_share '><span class='hr-inner ' ><span class='hr-inner-style'><\/span><\/span><\/div><\/p>\n<div  class='av-social-sharing-box  avia-builder-el-7  el_after_av_hr  el_before_av_hr  '><div class='av-share-box'><h5 class='av-share-link-description av-no-toc '>Compartir esta noticia<\/h5><ul class='av-share-box-list noLightbox'><li class='av-share-link av-social-link-facebook' ><a target=\"_blank\" aria-label=\"Compartir en Facebook\" href='https:\/\/www.facebook.com\/sharer.php?u=https:\/\/radiorevelacionfm.cl\/?p=48269&#038;t=Subsecretaria%20Elgueta%20entrega%20llaves%20de%20primer%20barrio%20ind%C3%ADgena%20de%20la%20regi%C3%B3n%20de%20Ays%C3%A9' aria-hidden='false' data-av_icon='\ue8f3' data-av_iconfont='entypo-fontello' title='' data-avia-related-tooltip='Compartir en Facebook' rel=\"noopener\"><span class='avia_hidden_link_text'>Compartir en Facebook<\/span><\/a><\/li><li class='av-share-link av-social-link-twitter' ><a target=\"_blank\" aria-label=\"Compartir en Twitter\" href='https:\/\/twitter.com\/share?text=Subsecretaria%20Elgueta%20entrega%20llaves%20de%20primer%20barrio%20ind%C3%ADgena%20de%20la%20regi%C3%B3n%20de%20Ays%C3%A9&#038;url=https:\/\/radiorevelacionfm.cl\/?p=48269' aria-hidden='false' data-av_icon='\ue8f1' data-av_iconfont='entypo-fontello' title='' data-avia-related-tooltip='Compartir en Twitter' rel=\"noopener\"><span class='avia_hidden_link_text'>Compartir en Twitter<\/span><\/a><\/li><li class='av-share-link av-social-link-whatsapp' ><a target=\"_blank\" aria-label=\"Compartir en Whatsapp\" href='https:\/\/api.whatsapp.com\/send?text=https:\/\/radiorevelacionfm.cl\/?p=48269' aria-hidden='false' data-av_icon='\uf232' data-av_iconfont='entypo-fontello' title='' data-avia-related-tooltip='Compartir en Whatsapp' rel=\"noopener\"><span class='avia_hidden_link_text'>Compartir en Whatsapp<\/span><\/a><\/li><li class='av-share-link av-social-link-linkedin' ><a target=\"_blank\" aria-label=\"Compartir en LinkedIn\" href='https:\/\/linkedin.com\/shareArticle?mini=true&#038;title=Subsecretaria%20Elgueta%20entrega%20llaves%20de%20primer%20barrio%20ind%C3%ADgena%20de%20la%20regi%C3%B3n%20de%20Ays%C3%A9&#038;url=https:\/\/radiorevelacionfm.cl\/?p=48269' aria-hidden='false' data-av_icon='\ue8fc' data-av_iconfont='entypo-fontello' title='' data-avia-related-tooltip='Compartir en LinkedIn' rel=\"noopener\"><span class='avia_hidden_link_text'>Compartir en LinkedIn<\/span><\/a><\/li><li class='av-share-link av-social-link-mail' ><a  aria-label=\"Compartir por correo\" href='mailto:?subject=Subsecretaria%20Elgueta%20entrega%20llaves%20de%20primer%20barrio%20ind%C3%ADgena%20de%20la%20regi%C3%B3n%20de%20Ays%C3%A9&#038;body=https:\/\/radiorevelacionfm.cl\/?p=48269' aria-hidden='false' data-av_icon='\ue805' data-av_iconfont='entypo-fontello' title='' data-avia-related-tooltip='Compartir por correo'><span class='avia_hidden_link_text'>Compartir por correo<\/span><\/a><\/li><\/ul><\/div><\/div>\n<div  style='height:50px' class='hr hr-invisible   avia-builder-el-8  el_after_av_social_share  el_before_av_comments_list '><span class='hr-inner ' ><span class='hr-inner-style'><\/span><\/span><\/div>\n<div  class='av-buildercomment  av-blog-meta-html-info-disabled av-blog-meta-tag-disabled  '><\/div>\n","protected":false},"excerpt":{"rendered":"","protected":false},"author":1,"featured_media":48270,"comment_status":"open","ping_status":"open","sticky":false,"template":"","format":"standard","meta":{"footnotes":""},"categories":[57],"tags":[],"class_list":["post-48269","post","type-post","status-publish","format-standard","has-post-thumbnail","hentry","category-vivienda"],"jetpack_featured_media_url":"https:\/\/radiorevelacionfm.cl\/wp-content\/uploads\/2024\/11\/Familias-de-comite-Ruka-Kimun-reciben-llaves-de-su-casa-propia-2-2.jpeg","_links":{"self":[{"href":"https:\/\/radiorevelacionfm.cl\/index.php?rest_route=\/wp\/v2\/posts\/48269","targetHints":{"allow":["GET"]}}],"collection":[{"href":"https:\/\/radiorevelacionfm.cl\/index.php?rest_route=\/wp\/v2\/posts"}],"about":[{"href":"https:\/\/radiorevelacionfm.cl\/index.php?rest_route=\/wp\/v2\/types\/post"}],"author":[{"embeddable":true,"href":"https:\/\/radiorevelacionfm.cl\/index.php?rest_route=\/wp\/v2\/users\/1"}],"replies":[{"embeddable":true,"href":"https:\/\/radiorevelacionfm.cl\/index.php?rest_route=%2Fwp%2Fv2%2Fcomments&post=48269"}],"version-history":[{"count":2,"href":"https:\/\/radiorevelacionfm.cl\/index.php?rest_route=\/wp\/v2\/posts\/48269\/revisions"}],"predecessor-version":[{"id":48272,"href":"https:\/\/radiorevelacionfm.cl\/index.php?rest_route=\/wp\/v2\/posts\/48269\/revisions\/48272"}],"wp:featuredmedia":[{"embeddable":true,"href":"https:\/\/radiorevelacionfm.cl\/index.php?rest_route=\/wp\/v2\/media\/48270"}],"wp:attachment":[{"href":"https:\/\/radiorevelacionfm.cl\/index.php?rest_route=%2Fwp%2Fv2%2Fmedia&parent=48269"}],"wp:term":[{"taxonomy":"category","embeddable":true,"href":"https:\/\/radiorevelacionfm.cl\/index.php?rest_route=%2Fwp%2Fv2%2Fcategories&post=48269"},{"taxonomy":"post_tag","embeddable":true,"href":"https:\/\/radiorevelacionfm.cl\/index.php?rest_route=%2Fwp%2Fv2%2Ftags&post=48269"}],"curies":[{"name":"wp","href":"https:\/\/api.w.org\/{rel}","templated":true}]}}