{"id":48266,"date":"2024-11-26T15:02:58","date_gmt":"2024-11-26T18:02:58","guid":{"rendered":"https:\/\/radiorevelacionfm.cl\/?p=48266"},"modified":"2024-11-26T15:02:58","modified_gmt":"2024-11-26T18:02:58","slug":"corfo-lanza-acelera-aysen-impulso-para-empresas-locales-en-zonas-de-oportunidades-de-la-region","status":"publish","type":"post","link":"https:\/\/radiorevelacionfm.cl\/?p=48266","title":{"rendered":"Corfo Lanza Acelera Ays\u00e9n: Impulso para Empresas Locales en Zonas de Oportunidades de la Regi\u00f3n"},"content":{"rendered":"<div class=\"flex_column av_one_full  flex_column_div av-zero-column-padding first  avia-builder-el-0  el_before_av_one_full  avia-builder-el-first  \" style='border-radius:0px; '><div  class='avia-image-container  av-styling-    avia-builder-el-1  avia-builder-el-no-sibling  avia-align-center '  itemprop=\"image\" itemscope=\"itemscope\" itemtype=\"https:\/\/schema.org\/ImageObject\"  ><div class='avia-image-container-inner'><div class='avia-image-overlay-wrap'><img decoding=\"async\" class='wp-image-48267 avia-img-lazy-loading-not-48267 avia_image' src=\"https:\/\/radiorevelacionfm.cl\/wp-content\/uploads\/2024\/11\/03_aceleracorfo-fotor-2024112612428-2_optimized-2.jpg\" alt='' title='03_aceleracorfo-fotor-2024112612428-2_optimized-2' height=\"600\" width=\"1066\"  itemprop=\"thumbnailUrl\" srcset=\"https:\/\/radiorevelacionfm.cl\/wp-content\/uploads\/2024\/11\/03_aceleracorfo-fotor-2024112612428-2_optimized-2.jpg 1066w, https:\/\/radiorevelacionfm.cl\/wp-content\/uploads\/2024\/11\/03_aceleracorfo-fotor-2024112612428-2_optimized-2-300x169.jpg 300w, https:\/\/radiorevelacionfm.cl\/wp-content\/uploads\/2024\/11\/03_aceleracorfo-fotor-2024112612428-2_optimized-2-1030x580.jpg 1030w, https:\/\/radiorevelacionfm.cl\/wp-content\/uploads\/2024\/11\/03_aceleracorfo-fotor-2024112612428-2_optimized-2-768x432.jpg 768w, https:\/\/radiorevelacionfm.cl\/wp-content\/uploads\/2024\/11\/03_aceleracorfo-fotor-2024112612428-2_optimized-2-705x397.jpg 705w, https:\/\/radiorevelacionfm.cl\/wp-content\/uploads\/2024\/11\/03_aceleracorfo-fotor-2024112612428-2_optimized-2-450x253.jpg 450w, https:\/\/radiorevelacionfm.cl\/wp-content\/uploads\/2024\/11\/03_aceleracorfo-fotor-2024112612428-2_optimized-2-600x338.jpg 600w\" sizes=\"(max-width: 1066px) 100vw, 1066px\" \/><\/div><\/div><\/div><\/div><div class=\"flex_column av_one_full  flex_column_div av-zero-column-padding first  avia-builder-el-2  el_after_av_one_full  el_before_av_one_full  column-top-margin\" style='border-radius:0px; '><section class=\"av_textblock_section \"  itemscope=\"itemscope\" itemtype=\"https:\/\/schema.org\/BlogPosting\" itemprop=\"blogPost\" ><div class='avia_textblock  '   itemprop=\"text\" ><p style=\"text-align: center;\"><span style=\"font-size: 18pt;\"><b><span lang=\"es-419\">Corfo Lanza Acelera Ays\u00e9n: Impulso para Empresas Locales en Zonas de Oportunidades de la Regi\u00f3n<\/span><\/b><\/span><\/p>\n<div id=\"gtx-trans\" style=\"position: absolute; left: -50px; top: 4.31534px;\">\n<div class=\"gtx-trans-icon\"><\/div>\n<\/div>\n<\/div><\/section><\/div><div class=\"flex_column av_one_full  flex_column_div av-zero-column-padding first  avia-builder-el-4  el_after_av_one_full  el_before_av_hr  column-top-margin\" style='border-radius:0px; '><section class=\"av_textblock_section \"  itemscope=\"itemscope\" itemtype=\"https:\/\/schema.org\/BlogPosting\" itemprop=\"blogPost\" ><div class='avia_textblock  '   itemprop=\"text\" ><p style=\"text-align: justify;\"><em>Con el objetivo de promover el desarrollo econ\u00f3mico y reducir las brechas territoriales, Corfo lanz\u00f3 Acelera Ays\u00e9n, un programa que brindar\u00e1 apoyo t\u00e9cnico, mentor\u00eda y conexi\u00f3n con redes de fomento a empresas locales de diferentes puntos de la regi\u00f3n.<\/em><\/p>\n<p style=\"text-align: justify;\">Corfo anunci\u00f3 el lanzamiento de Acelera Ays\u00e9n, un programa que busca acelerar el crecimiento de empresas locales en territorios de oportunidades, de la Regi\u00f3n de Ays\u00e9n. La iniciativa, presentada en la comuna de Ays\u00e9n, tiene como prop\u00f3sito principal contribuir a la reducci\u00f3n de desigualdades territoriales.<\/p>\n<p style=\"text-align: justify;\">A trav\u00e9s de este programa, Corfo ofrecer\u00e1 a empresas con alto potencial un plan de aceleraci\u00f3n que incluye mentor\u00edas, asistencia t\u00e9cnica y vinculaci\u00f3n con redes de fomento productivo, orientado a capturar y retener valor en los territorios de Ays\u00e9n, R\u00edo Ib\u00e1\u00f1ez, Chile Chico, Cochrane, Tortel y O&#8217;Higgins.<\/p>\n<p style=\"text-align: justify;\">Con el lanzamiento de Acelera Ays\u00e9n, Corfo reafirma su compromiso de reducir las brechas territoriales en Chile, brindando apoyo estructurado a empresas de zonas con oportunidades. Este programa responde a la necesidad de las empresas locales de acceder a redes de fomento para crecer de manera sostenible y competitiva. A trav\u00e9s de planes de aceleraci\u00f3n y dinamizaci\u00f3n, Acelera Ays\u00e9n ofrece a los emprendedores las herramientas para afrontar nuevos desaf\u00edos y generar redes de valor. \u201cQueremos que estas empresas tengan el respaldo necesario para capturar y retener valor en sus territorios\u201d, afirm\u00f3 Humberto Mar\u00edn Leiva, director de Corfo Ays\u00e9n.<\/p>\n<p style=\"text-align: justify;\">Uno de los beneficiarios de este programa, <a href=\"https:\/\/pasomayer.com\/\" data-saferedirecturl=\"https:\/\/www.google.com\/url?q=https:\/\/pasomayer.com\/&amp;source=gmail&amp;ust=1732730057574000&amp;usg=AOvVaw1O6V39lxFt2Pujeu3sOHCt\">Alejandro Barrientos, de la empresa Paso Mayer<\/a>, dedicada al turismo en la comuna de O&#8217;Higgins, destac\u00f3 el impacto del programa Acelera en su proyecto, que lleva tres a\u00f1os en ejecuci\u00f3n. \u201cPara nosotros el programa Acelera viene a consolidar un proyecto que ya tenemos en ejecuci\u00f3n hace tres a\u00f1os y que nos permite pasar al siguiente nivel\u201d, se\u00f1al\u00f3. Subray\u00f3 que el apoyo va m\u00e1s all\u00e1 de la inyecci\u00f3n de recursos, enfoc\u00e1ndose en la mejora de la gesti\u00f3n y la innovaci\u00f3n. Agradeci\u00f3 a Corfo por impulsar su empresa en un territorio alejado, fomentando el desarrollo de productos innovadores. \u201cCorfo ha sido clave en nuestra vida como empresa\u201d, concluy\u00f3.<\/p>\n<p style=\"text-align: justify;\">En tanto, <a href=\"https:\/\/www.instagram.com\/agroveterinaria_antu\/\" data-saferedirecturl=\"https:\/\/www.google.com\/url?q=https:\/\/www.instagram.com\/agroveterinaria_antu\/&amp;source=gmail&amp;ust=1732730057574000&amp;usg=AOvVaw2MLAE0GmqSa8_xWvCZ4qto\">Valeria Barahona Olavarr\u00eda, propietaria de la farmacia veterinaria Ant\u00fc de Puerto Ays\u00e9n,<\/a>agradeci\u00f3 su inclusi\u00f3n en el programa Acelera de apoyo empresarial. \u201cEstoy s\u00faper agradecida porque mi empresa fue seleccionada junto con otras empresas. Lo que m\u00e1s me gusta de esto es que voy a tener la posibilidad de aprender, de ir a clases. Entonces ahora es mi oportunidad de una retroalimentaci\u00f3n\u201d, coment\u00f3. Destac\u00f3 que esta experiencia le permitir\u00e1 adoptar nuevas estrategias para acelerar el crecimiento de su negocio y fortalecer la relaci\u00f3n con sus diversos clientes. \u201cSiento que cualquier ayuda de gente que sabe del tema me va a servir\u201d, agreg\u00f3, subrayando su inter\u00e9s por aprender y desarrollar proyectos futuros. \u00abEstoy abierta a todo\u00bb, concluy\u00f3 con entusiasmo.<\/p>\n<p style=\"text-align: justify;\">El programa Acelera Ays\u00e9n ofrecer\u00e1 dos planes de apoyo: un Plan de Aceleraci\u00f3n, dirigido a emprendedores con proyectos de alto impacto, y un Plan de Dinamizaci\u00f3n, enfocado en mejorar la competitividad de negocios mediante asesor\u00edas especializadas y redes de fomento. Con una inversi\u00f3n de $150 millones, la iniciativa beneficiar\u00e1 a m\u00e1s de 150 empresas en un a\u00f1o, fortaleciendo su competitividad y fomentando la colaboraci\u00f3n comunitaria. Este esfuerzo de Corfo busca impulsar el crecimiento sostenible en la Regi\u00f3n de Ays\u00e9n, ayudando a superar desaf\u00edos econ\u00f3micos y promoviendo un desarrollo inclusivo y pr\u00f3spero para los emprendedores locales.<\/p>\n<\/div><\/section><\/div><div  style='height:50px' class='hr hr-invisible   avia-builder-el-6  el_after_av_one_full  el_before_av_social_share '><span class='hr-inner ' ><span class='hr-inner-style'><\/span><\/span><\/div><\/p>\n<div  class='av-social-sharing-box  avia-builder-el-7  el_after_av_hr  el_before_av_hr  '><div class='av-share-box'><h5 class='av-share-link-description av-no-toc '>Compartir esta noticia<\/h5><ul class='av-share-box-list noLightbox'><li class='av-share-link av-social-link-facebook' ><a target=\"_blank\" aria-label=\"Compartir en Facebook\" href='https:\/\/www.facebook.com\/sharer.php?u=https:\/\/radiorevelacionfm.cl\/?p=48266&#038;t=Corfo%20Lanza%20Acelera%20Ays%C3%A9n%3A%20Impulso%20para%20Empresas%20Locales%20en%20Zonas%20de%20Oportunidades%20de%20la%20Regi%C3%B3n' aria-hidden='false' data-av_icon='\ue8f3' data-av_iconfont='entypo-fontello' title='' data-avia-related-tooltip='Compartir en Facebook' rel=\"noopener\"><span class='avia_hidden_link_text'>Compartir en Facebook<\/span><\/a><\/li><li class='av-share-link av-social-link-twitter' ><a target=\"_blank\" aria-label=\"Compartir en Twitter\" href='https:\/\/twitter.com\/share?text=Corfo%20Lanza%20Acelera%20Ays%C3%A9n%3A%20Impulso%20para%20Empresas%20Locales%20en%20Zonas%20de%20Oportunidades%20de%20la%20Regi%C3%B3n&#038;url=https:\/\/radiorevelacionfm.cl\/?p=48266' aria-hidden='false' data-av_icon='\ue8f1' data-av_iconfont='entypo-fontello' title='' data-avia-related-tooltip='Compartir en Twitter' rel=\"noopener\"><span class='avia_hidden_link_text'>Compartir en Twitter<\/span><\/a><\/li><li class='av-share-link av-social-link-whatsapp' ><a target=\"_blank\" aria-label=\"Compartir en Whatsapp\" href='https:\/\/api.whatsapp.com\/send?text=https:\/\/radiorevelacionfm.cl\/?p=48266' aria-hidden='false' data-av_icon='\uf232' data-av_iconfont='entypo-fontello' title='' data-avia-related-tooltip='Compartir en Whatsapp' rel=\"noopener\"><span class='avia_hidden_link_text'>Compartir en Whatsapp<\/span><\/a><\/li><li class='av-share-link av-social-link-linkedin' ><a target=\"_blank\" aria-label=\"Compartir en LinkedIn\" href='https:\/\/linkedin.com\/shareArticle?mini=true&#038;title=Corfo%20Lanza%20Acelera%20Ays%C3%A9n%3A%20Impulso%20para%20Empresas%20Locales%20en%20Zonas%20de%20Oportunidades%20de%20la%20Regi%C3%B3n&#038;url=https:\/\/radiorevelacionfm.cl\/?p=48266' aria-hidden='false' data-av_icon='\ue8fc' data-av_iconfont='entypo-fontello' title='' data-avia-related-tooltip='Compartir en LinkedIn' rel=\"noopener\"><span class='avia_hidden_link_text'>Compartir en LinkedIn<\/span><\/a><\/li><li class='av-share-link av-social-link-mail' ><a  aria-label=\"Compartir por correo\" href='mailto:?subject=Corfo%20Lanza%20Acelera%20Ays%C3%A9n%3A%20Impulso%20para%20Empresas%20Locales%20en%20Zonas%20de%20Oportunidades%20de%20la%20Regi%C3%B3n&#038;body=https:\/\/radiorevelacionfm.cl\/?p=48266' aria-hidden='false' data-av_icon='\ue805' data-av_iconfont='entypo-fontello' title='' data-avia-related-tooltip='Compartir por correo'><span class='avia_hidden_link_text'>Compartir por correo<\/span><\/a><\/li><\/ul><\/div><\/div>\n<div  style='height:50px' class='hr hr-invisible   avia-builder-el-8  el_after_av_social_share  el_before_av_comments_list '><span class='hr-inner ' ><span class='hr-inner-style'><\/span><\/span><\/div>\n<div  class='av-buildercomment  av-blog-meta-html-info-disabled av-blog-meta-tag-disabled  '><\/div>\n","protected":false},"excerpt":{"rendered":"","protected":false},"author":1,"featured_media":48267,"comment_status":"open","ping_status":"open","sticky":false,"template":"","format":"standard","meta":{"footnotes":""},"categories":[38],"tags":[],"class_list":["post-48266","post","type-post","status-publish","format-standard","has-post-thumbnail","hentry","category-regional"],"jetpack_featured_media_url":"https:\/\/radiorevelacionfm.cl\/wp-content\/uploads\/2024\/11\/03_aceleracorfo-fotor-2024112612428-2_optimized-2.jpg","_links":{"self":[{"href":"https:\/\/radiorevelacionfm.cl\/index.php?rest_route=\/wp\/v2\/posts\/48266","targetHints":{"allow":["GET"]}}],"collection":[{"href":"https:\/\/radiorevelacionfm.cl\/index.php?rest_route=\/wp\/v2\/posts"}],"about":[{"href":"https:\/\/radiorevelacionfm.cl\/index.php?rest_route=\/wp\/v2\/types\/post"}],"author":[{"embeddable":true,"href":"https:\/\/radiorevelacionfm.cl\/index.php?rest_route=\/wp\/v2\/users\/1"}],"replies":[{"embeddable":true,"href":"https:\/\/radiorevelacionfm.cl\/index.php?rest_route=%2Fwp%2Fv2%2Fcomments&post=48266"}],"version-history":[{"count":1,"href":"https:\/\/radiorevelacionfm.cl\/index.php?rest_route=\/wp\/v2\/posts\/48266\/revisions"}],"predecessor-version":[{"id":48268,"href":"https:\/\/radiorevelacionfm.cl\/index.php?rest_route=\/wp\/v2\/posts\/48266\/revisions\/48268"}],"wp:featuredmedia":[{"embeddable":true,"href":"https:\/\/radiorevelacionfm.cl\/index.php?rest_route=\/wp\/v2\/media\/48267"}],"wp:attachment":[{"href":"https:\/\/radiorevelacionfm.cl\/index.php?rest_route=%2Fwp%2Fv2%2Fmedia&parent=48266"}],"wp:term":[{"taxonomy":"category","embeddable":true,"href":"https:\/\/radiorevelacionfm.cl\/index.php?rest_route=%2Fwp%2Fv2%2Fcategories&post=48266"},{"taxonomy":"post_tag","embeddable":true,"href":"https:\/\/radiorevelacionfm.cl\/index.php?rest_route=%2Fwp%2Fv2%2Ftags&post=48266"}],"curies":[{"name":"wp","href":"https:\/\/api.w.org\/{rel}","templated":true}]}}