{"id":48258,"date":"2024-11-25T20:59:15","date_gmt":"2024-11-25T23:59:15","guid":{"rendered":"https:\/\/radiorevelacionfm.cl\/?p=48258"},"modified":"2024-11-25T20:59:15","modified_gmt":"2024-11-25T23:59:15","slug":"servicio-de-salud-aysen-comienza-a-ejecutar-programa-de-reduccion-de-listas-de-espera","status":"publish","type":"post","link":"https:\/\/radiorevelacionfm.cl\/?p=48258","title":{"rendered":"Servicio de Salud Ays\u00e9n comienza a ejecutar programa de reducci\u00f3n de listas de espera"},"content":{"rendered":"<div class=\"flex_column av_one_full  flex_column_div av-zero-column-padding first  avia-builder-el-0  el_before_av_one_full  avia-builder-el-first  \" style='border-radius:0px; '><div  class='avia-image-container  av-styling-    avia-builder-el-1  avia-builder-el-no-sibling  avia-align-center '  itemprop=\"image\" itemscope=\"itemscope\" itemtype=\"https:\/\/schema.org\/ImageObject\"  ><div class='avia-image-container-inner'><div class='avia-image-overlay-wrap'><img decoding=\"async\" class='wp-image-48259 avia-img-lazy-loading-not-48259 avia_image' src=\"https:\/\/radiorevelacionfm.cl\/wp-content\/uploads\/2024\/11\/whatsapp-image-2024-11-25-at-4_optimized.49.36-pm-3-2-2.jpeg\" alt='' title='whatsapp-image-2024-11-25-at-4_optimized.49.36-pm-(3)-2-2' height=\"600\" width=\"800\"  itemprop=\"thumbnailUrl\" srcset=\"https:\/\/radiorevelacionfm.cl\/wp-content\/uploads\/2024\/11\/whatsapp-image-2024-11-25-at-4_optimized.49.36-pm-3-2-2.jpeg 800w, https:\/\/radiorevelacionfm.cl\/wp-content\/uploads\/2024\/11\/whatsapp-image-2024-11-25-at-4_optimized.49.36-pm-3-2-2-300x225.jpeg 300w, https:\/\/radiorevelacionfm.cl\/wp-content\/uploads\/2024\/11\/whatsapp-image-2024-11-25-at-4_optimized.49.36-pm-3-2-2-768x576.jpeg 768w, https:\/\/radiorevelacionfm.cl\/wp-content\/uploads\/2024\/11\/whatsapp-image-2024-11-25-at-4_optimized.49.36-pm-3-2-2-705x529.jpeg 705w, https:\/\/radiorevelacionfm.cl\/wp-content\/uploads\/2024\/11\/whatsapp-image-2024-11-25-at-4_optimized.49.36-pm-3-2-2-450x338.jpeg 450w, https:\/\/radiorevelacionfm.cl\/wp-content\/uploads\/2024\/11\/whatsapp-image-2024-11-25-at-4_optimized.49.36-pm-3-2-2-600x450.jpeg 600w\" sizes=\"(max-width: 800px) 100vw, 800px\" \/><\/div><\/div><\/div><\/div><div class=\"flex_column av_one_full  flex_column_div av-zero-column-padding first  avia-builder-el-2  el_after_av_one_full  el_before_av_one_full  column-top-margin\" style='border-radius:0px; '><section class=\"av_textblock_section \"  itemscope=\"itemscope\" itemtype=\"https:\/\/schema.org\/BlogPosting\" itemprop=\"blogPost\" ><div class='avia_textblock  '   itemprop=\"text\" ><p style=\"text-align: center;\"><span style=\"font-size: 18pt;\"><b>Servicio de Salud Ays\u00e9n comienza a ejecutar programa de reducci\u00f3n de listas de espera<\/b><\/span><\/p>\n<div id=\"gtx-trans\" style=\"position: absolute; left: -50px; top: 4.31534px;\">\n<div class=\"gtx-trans-icon\"><\/div>\n<\/div>\n<\/div><\/section><\/div><div class=\"flex_column av_one_full  flex_column_div av-zero-column-padding first  avia-builder-el-4  el_after_av_one_full  el_before_av_hr  column-top-margin\" style='border-radius:0px; '><section class=\"av_textblock_section \"  itemscope=\"itemscope\" itemtype=\"https:\/\/schema.org\/BlogPosting\" itemprop=\"blogPost\" ><div class='avia_textblock  '   itemprop=\"text\" ><p style=\"text-align: justify;\">Este fin de semana, el Hospital de Puerto Ays\u00e9n fue escenario del lanzamiento de una ambiciosa iniciativa destinada a disminuir la espera de usuarios en consultas de nueva especialidad, procedimientos diagn\u00f3sticos y cirug\u00edas no GES.<\/p>\n<p style=\"text-align: justify;\">El programa cuenta con una inversi\u00f3n de 2.170 millones de pesos, provenientes del Fondo Nacional de Desarrollo Regional (FNDR) del Gobierno Regional de Ays\u00e9n y su Consejo.<\/p>\n<p style=\"text-align: justify;\">\u201cEstamos muy contentos de que este programa haya comenzado, ya que beneficiar\u00e1 a muchas familias que llevan mucho tiempo esperando atenci\u00f3n m\u00e9dica. Queremos destacar y felicitar el compromiso y esfuerzo de cada uno de los funcionarios del Servicio de Salud, quienes han hecho posible el inicio de este programa\u201d, manifest\u00f3 Omar Mu\u00f1oz Sierra, gobernador de la Regi\u00f3n de Ays\u00e9n.<\/p>\n<p style=\"text-align: justify;\"><strong>Detalles del Programa <\/strong><\/p>\n<p style=\"text-align: justify;\">El programa contempla 13.649 prestaciones distribuidas equitativamente entre todas las comunas de la regi\u00f3n, incluyendo: 3.832 consultas de nueva especialidad, 2.840 procedimientos diagn\u00f3sticos, 377 cirug\u00edas no GES, 6.530 atenciones por habilitaci\u00f3n de espacios de atenci\u00f3n cl\u00ednica y ambulatoria.<\/p>\n<p style=\"text-align: justify;\">El director del Servicio de Salud Ays\u00e9n, Juan Pablo Bravo Quintana, se\u00f1al\u00f3: \u201cEsto tendr\u00e1 un impacto directo en la comunidad, logrando una reducci\u00f3n aproximada del 49% en las consultas nuevas de especialidad, lo cual es un avance significativo para la regi\u00f3n. Adem\u00e1s, se estima una disminuci\u00f3n de alrededor del 25% en las intervenciones quir\u00fargicas. Todo esto beneficiar\u00e1 directamente a nuestros usuarios y contribuir\u00e1 a reducir los tiempos de espera, respondiendo a una necesidad sentida por la comunidad\u201d, expres\u00f3.<\/p>\n<p style=\"text-align: justify;\">Por su parte, Francisca Ronda, presidenta de la Fundaci\u00f3n Fibromialgia e integrante del Consejo Consultivo del Hospital de Puerto Ays\u00e9n, acot\u00f3, \u201ces un esfuerzo conjunto que permitir\u00e1 que nuestro hospital provincial finalmente reduzca su lista de espera, brindando a nuestros usuarios acceso oportuno a oftalm\u00f3logos, otorrinolaring\u00f3logos, ex\u00e1menes m\u00e9dicos y especialistas. Estamos entusiasmados por los avances que podremos lograr en este 2024 y 2025\u201d, dijo.<\/p>\n<p style=\"text-align: justify;\">El proyecto incluye la compra de equipamiento especializado para la Unidad de Atenci\u00f3n Primaria Otorrinolaringolog\u00eda (UAPO) y mejoras en el pabell\u00f3n del Hospital Regional Coyhaique.<\/p>\n<p style=\"text-align: justify;\">\u201cEst\u00e1 alianza entre el Gobierno Regional y el Ministerio de Salud a trav\u00e9s del Servicio de Salud es muy importante porque vamos a dar satisfacci\u00f3n a la gente, es decir, aqu\u00ed ponemos el foco en las personas y eso para nuestro gobierno es muy relevante, porque el desarrollo a veces se mide solamente por los metros de pavimento por la infraestructura de fierro y cemento, pero tambi\u00e9n el desarrollo se mide por el bienestar que reciben las personas\u201dse\u00f1al\u00f3 Jorge D\u00edaz Guzm\u00e1n, delegado presidencial Regi\u00f3n de Ays\u00e9n.<\/p>\n<p style=\"text-align: justify;\">Actualmente, el equipo m\u00e9dico del hospital de Puerto Ays\u00e9n, realiza entre 90 y 100 cirug\u00edas mensuales en horario h\u00e1bil. Sin embargo, gracias al nuevo proyecto financiado por el Gobierno Regional, se ha ampliado la capacidad operativa para incluir intervenciones quir\u00fargicas fuera del horario habitual, permitiendo atender de lunes a viernes despu\u00e9s de las 17:00 horas, as\u00ed como los d\u00edas s\u00e1bado y domingo.<\/p>\n<p style=\"text-align: justify;\">\u201cHoy ya no hablamos solo de reducir las listas de espera, porque estas son din\u00e1micas y seguir\u00e1n creciendo a medida que el sistema sanitario aumente su capacidad de resoluci\u00f3n. Lo que hoy destacamos es la oportunidad de brindar a las personas que han esperado tantos a\u00f1os por resolver un problema de salud el acceso a una atenci\u00f3n m\u00e1s oportuna, permiti\u00e9ndoles acortar significativamente esos tiempos de espera\u201d, manifest\u00f3 Carmen Gloria Monsalve G\u00f3mez, Seremi de Salud Ays\u00e9n.<\/p>\n<p style=\"text-align: justify;\">El programa, que se desarrollar\u00e1 entre 2024 y 2025, ser\u00e1 ejecutado en el Hospital Regional Coyhaique y el Hospital de Puerto Ays\u00e9n, con el objetivo de generar un impacto positivo y sostenible en la calidad de vida de los habitantes de la regi\u00f3n.<\/p>\n<\/div><\/section><\/div><div  style='height:50px' class='hr hr-invisible   avia-builder-el-6  el_after_av_one_full  el_before_av_social_share '><span class='hr-inner ' ><span class='hr-inner-style'><\/span><\/span><\/div><\/p>\n<div  class='av-social-sharing-box  avia-builder-el-7  el_after_av_hr  el_before_av_hr  '><div class='av-share-box'><h5 class='av-share-link-description av-no-toc '>Compartir esta noticia<\/h5><ul class='av-share-box-list noLightbox'><li class='av-share-link av-social-link-facebook' ><a target=\"_blank\" aria-label=\"Compartir en Facebook\" href='https:\/\/www.facebook.com\/sharer.php?u=https:\/\/radiorevelacionfm.cl\/?p=48258&#038;t=Servicio%20de%20Salud%20Ays%C3%A9n%20comienza%20a%20ejecutar%20programa%20de%20reducci%C3%B3n%20de%20listas%20de%20espera' aria-hidden='false' data-av_icon='\ue8f3' data-av_iconfont='entypo-fontello' title='' data-avia-related-tooltip='Compartir en Facebook' rel=\"noopener\"><span class='avia_hidden_link_text'>Compartir en Facebook<\/span><\/a><\/li><li class='av-share-link av-social-link-twitter' ><a target=\"_blank\" aria-label=\"Compartir en Twitter\" href='https:\/\/twitter.com\/share?text=Servicio%20de%20Salud%20Ays%C3%A9n%20comienza%20a%20ejecutar%20programa%20de%20reducci%C3%B3n%20de%20listas%20de%20espera&#038;url=https:\/\/radiorevelacionfm.cl\/?p=48258' aria-hidden='false' data-av_icon='\ue8f1' data-av_iconfont='entypo-fontello' title='' data-avia-related-tooltip='Compartir en Twitter' rel=\"noopener\"><span class='avia_hidden_link_text'>Compartir en Twitter<\/span><\/a><\/li><li class='av-share-link av-social-link-whatsapp' ><a target=\"_blank\" aria-label=\"Compartir en Whatsapp\" href='https:\/\/api.whatsapp.com\/send?text=https:\/\/radiorevelacionfm.cl\/?p=48258' aria-hidden='false' data-av_icon='\uf232' data-av_iconfont='entypo-fontello' title='' data-avia-related-tooltip='Compartir en Whatsapp' rel=\"noopener\"><span class='avia_hidden_link_text'>Compartir en Whatsapp<\/span><\/a><\/li><li class='av-share-link av-social-link-linkedin' ><a target=\"_blank\" aria-label=\"Compartir en LinkedIn\" href='https:\/\/linkedin.com\/shareArticle?mini=true&#038;title=Servicio%20de%20Salud%20Ays%C3%A9n%20comienza%20a%20ejecutar%20programa%20de%20reducci%C3%B3n%20de%20listas%20de%20espera&#038;url=https:\/\/radiorevelacionfm.cl\/?p=48258' aria-hidden='false' data-av_icon='\ue8fc' data-av_iconfont='entypo-fontello' title='' data-avia-related-tooltip='Compartir en LinkedIn' rel=\"noopener\"><span class='avia_hidden_link_text'>Compartir en LinkedIn<\/span><\/a><\/li><li class='av-share-link av-social-link-mail' ><a  aria-label=\"Compartir por correo\" href='mailto:?subject=Servicio%20de%20Salud%20Ays%C3%A9n%20comienza%20a%20ejecutar%20programa%20de%20reducci%C3%B3n%20de%20listas%20de%20espera&#038;body=https:\/\/radiorevelacionfm.cl\/?p=48258' aria-hidden='false' data-av_icon='\ue805' data-av_iconfont='entypo-fontello' title='' data-avia-related-tooltip='Compartir por correo'><span class='avia_hidden_link_text'>Compartir por correo<\/span><\/a><\/li><\/ul><\/div><\/div>\n<div  style='height:50px' class='hr hr-invisible   avia-builder-el-8  el_after_av_social_share  el_before_av_comments_list '><span class='hr-inner ' ><span class='hr-inner-style'><\/span><\/span><\/div>\n<div  class='av-buildercomment  av-blog-meta-html-info-disabled av-blog-meta-tag-disabled  '><\/div>\n","protected":false},"excerpt":{"rendered":"","protected":false},"author":1,"featured_media":48259,"comment_status":"open","ping_status":"open","sticky":false,"template":"","format":"standard","meta":{"footnotes":""},"categories":[46],"tags":[],"class_list":["post-48258","post","type-post","status-publish","format-standard","has-post-thumbnail","hentry","category-salud"],"jetpack_featured_media_url":"https:\/\/radiorevelacionfm.cl\/wp-content\/uploads\/2024\/11\/whatsapp-image-2024-11-25-at-4_optimized.49.36-pm-3-2-2.jpeg","_links":{"self":[{"href":"https:\/\/radiorevelacionfm.cl\/index.php?rest_route=\/wp\/v2\/posts\/48258","targetHints":{"allow":["GET"]}}],"collection":[{"href":"https:\/\/radiorevelacionfm.cl\/index.php?rest_route=\/wp\/v2\/posts"}],"about":[{"href":"https:\/\/radiorevelacionfm.cl\/index.php?rest_route=\/wp\/v2\/types\/post"}],"author":[{"embeddable":true,"href":"https:\/\/radiorevelacionfm.cl\/index.php?rest_route=\/wp\/v2\/users\/1"}],"replies":[{"embeddable":true,"href":"https:\/\/radiorevelacionfm.cl\/index.php?rest_route=%2Fwp%2Fv2%2Fcomments&post=48258"}],"version-history":[{"count":1,"href":"https:\/\/radiorevelacionfm.cl\/index.php?rest_route=\/wp\/v2\/posts\/48258\/revisions"}],"predecessor-version":[{"id":48260,"href":"https:\/\/radiorevelacionfm.cl\/index.php?rest_route=\/wp\/v2\/posts\/48258\/revisions\/48260"}],"wp:featuredmedia":[{"embeddable":true,"href":"https:\/\/radiorevelacionfm.cl\/index.php?rest_route=\/wp\/v2\/media\/48259"}],"wp:attachment":[{"href":"https:\/\/radiorevelacionfm.cl\/index.php?rest_route=%2Fwp%2Fv2%2Fmedia&parent=48258"}],"wp:term":[{"taxonomy":"category","embeddable":true,"href":"https:\/\/radiorevelacionfm.cl\/index.php?rest_route=%2Fwp%2Fv2%2Fcategories&post=48258"},{"taxonomy":"post_tag","embeddable":true,"href":"https:\/\/radiorevelacionfm.cl\/index.php?rest_route=%2Fwp%2Fv2%2Ftags&post=48258"}],"curies":[{"name":"wp","href":"https:\/\/api.w.org\/{rel}","templated":true}]}}