{"id":48255,"date":"2024-11-25T20:45:48","date_gmt":"2024-11-25T23:45:48","guid":{"rendered":"https:\/\/radiorevelacionfm.cl\/?p=48255"},"modified":"2024-11-25T20:45:48","modified_gmt":"2024-11-25T23:45:48","slug":"la-iniciativa-patagonia-ponte-las-pilas-de-edelaysen-suma-a-la-universidad-de-aysen","status":"publish","type":"post","link":"https:\/\/radiorevelacionfm.cl\/?p=48255","title":{"rendered":"La iniciativa \u201cPatagonia ponte las pilas\u201d de Edelaysen suma a la Universidad de Ays\u00e9n"},"content":{"rendered":"<div class=\"flex_column av_one_full  flex_column_div av-zero-column-padding first  avia-builder-el-0  el_before_av_one_full  avia-builder-el-first  \" style='border-radius:0px; '><div  class='avia-image-container  av-styling-    avia-builder-el-1  avia-builder-el-no-sibling  avia-align-center '  itemprop=\"image\" itemscope=\"itemscope\" itemtype=\"https:\/\/schema.org\/ImageObject\"  ><div class='avia-image-container-inner'><div class='avia-image-overlay-wrap'><img decoding=\"async\" class='wp-image-48256 avia-img-lazy-loading-not-48256 avia_image' src=\"https:\/\/radiorevelacionfm.cl\/wp-content\/uploads\/2024\/11\/pilas-u-aysen1-2_optimized.jpeg\" alt='' title='pilas-u-aysen1-2_optimized' height=\"600\" width=\"800\"  itemprop=\"thumbnailUrl\" srcset=\"https:\/\/radiorevelacionfm.cl\/wp-content\/uploads\/2024\/11\/pilas-u-aysen1-2_optimized.jpeg 800w, https:\/\/radiorevelacionfm.cl\/wp-content\/uploads\/2024\/11\/pilas-u-aysen1-2_optimized-300x225.jpeg 300w, https:\/\/radiorevelacionfm.cl\/wp-content\/uploads\/2024\/11\/pilas-u-aysen1-2_optimized-768x576.jpeg 768w, https:\/\/radiorevelacionfm.cl\/wp-content\/uploads\/2024\/11\/pilas-u-aysen1-2_optimized-705x529.jpeg 705w, https:\/\/radiorevelacionfm.cl\/wp-content\/uploads\/2024\/11\/pilas-u-aysen1-2_optimized-450x338.jpeg 450w, https:\/\/radiorevelacionfm.cl\/wp-content\/uploads\/2024\/11\/pilas-u-aysen1-2_optimized-600x450.jpeg 600w\" sizes=\"(max-width: 800px) 100vw, 800px\" \/><\/div><\/div><\/div><\/div><div class=\"flex_column av_one_full  flex_column_div av-zero-column-padding first  avia-builder-el-2  el_after_av_one_full  el_before_av_one_full  column-top-margin\" style='border-radius:0px; '><section class=\"av_textblock_section \"  itemscope=\"itemscope\" itemtype=\"https:\/\/schema.org\/BlogPosting\" itemprop=\"blogPost\" ><div class='avia_textblock  '   itemprop=\"text\" ><p style=\"text-align: center;\"><strong><span style=\"font-size: 18pt;\">La iniciativa \u201cPatagonia ponte las pilas\u201d de Edelaysen suma a la Universidad de Ays\u00e9n<\/span><\/strong><\/p>\n<div id=\"gtx-trans\" style=\"position: absolute; left: -50px; top: 4.31534px;\">\n<div class=\"gtx-trans-icon\"><\/div>\n<\/div>\n<\/div><\/section><\/div><div class=\"flex_column av_one_full  flex_column_div av-zero-column-padding first  avia-builder-el-4  el_after_av_one_full  el_before_av_hr  column-top-margin\" style='border-radius:0px; '><section class=\"av_textblock_section \"  itemscope=\"itemscope\" itemtype=\"https:\/\/schema.org\/BlogPosting\" itemprop=\"blogPost\" ><div class='avia_textblock  '   itemprop=\"text\" ><p style=\"text-align: justify;\"><em>La el\u00e9ctrica comprometida con la sostenibilidad y el cuidado de la Patagonia, contin\u00faa consolidando esta campa\u00f1a que busca fortalecer el almacenaje de residuos altamente contaminantes como las pilas.<\/em><\/p>\n<p style=\"text-align: justify;\">En una nueva etapa de la exitosa campa\u00f1a que se llev\u00f3 a cabo durante todo el a\u00f1o, Edelaysen sum\u00f3 un nuevo aliado, pues en compa\u00f1\u00eda y apoyo de la Municipalidad de Coyhaique se concret\u00f3 la alianza con la Universidad de Ays\u00e9n, quienes adem\u00e1s se encuentran liderando diversas acciones en el cuidado y protecci\u00f3n del medio ambiente a trav\u00e9s de su unidad de sostenibilidad.<\/p>\n<p style=\"text-align: justify;\">\u201cEn Edelaysen, sabemos que el compromiso con el medio ambiente requiere acci\u00f3n conjunta y liderazgo. Esta alianza con la Universidad de Ays\u00e9n refuerza nuestro prop\u00f3sito de cuidar la Patagonia, invitando a todos los estudiantes a ser parte de esta transformaci\u00f3n hacia un futuro m\u00e1s limpio y sostenible\u201d, enfatiz\u00f3 Yasna Vera, ejecutiva de Edelaysen.<\/p>\n<p style=\"text-align: justify;\">Este importante acuerdo incluye la instalaci\u00f3n de un punto de recolecci\u00f3n de pilas en desuso en las dependencias de la universidad. Los contenedores dispuestos est\u00e1n especialmente dise\u00f1ados para almacenar de manera segura este tipo de residuos peligrosos, evitando que da\u00f1en los ecosistemas de la regi\u00f3n.<\/p>\n<p style=\"text-align: justify;\">Marco Vega director general acad\u00e9mico de la Universidad indic\u00f3: \u201cPara la Universidad de Ays\u00e9n es muy importante poder inaugurar un punto de almacenaje de pilas, con el apoyo de Edelaysen, quienes ya est\u00e1n en su octava campa\u00f1a de almacenaje y recolecci\u00f3n y nosotros lo incorporamos a nuestra mirada de sustentabilidad y nuestro proyecto formativo incluso, donde es importante que los estudiantes comprendan el tratamiento que deben tener este tipo de residuos y el da\u00f1o que provoca a nuestro medio ambiente. Agradecemos a Edelaysen por permitirnos sumarnos a esta iniciativa\u201d.<\/p>\n<p style=\"text-align: justify;\">La actividad que cont\u00f3 con el departamento de sostenibilidad de la Universidad, adem\u00e1s recibi\u00f3 el apoyo del municipio de Coyhaique, quienes han fomentado las acciones de reciclaje a trav\u00e9s de su programa de protecci\u00f3n ambiental municipal.<\/p>\n<p style=\"text-align: justify;\">Eduardo Vega, coordinador del programa protecci\u00f3n al medio ambiente agreg\u00f3 que: \u201cParte de las iniciativas que tiene nuestro alcalde es que en todo Coyhaique sigamos fomentando el reciclaje, hace algunos a\u00f1os atr\u00e1s, ten\u00edamos casi cero reciclaje, ya en estos a\u00f1os hemos aumentado de manera considerable el reciclaje de residuos que no van a llegar al relleno sanitario y que si van a ser reciclados. Estamos con todas estas instancias, haciendo charlas de educaci\u00f3n ambiental en los colegios, en los jardines, a los m\u00e1s peque\u00f1os. Por lo mismo nos interesa ser parte de estas alianzas, hace tiempo apoyando la campa\u00f1a de Edelaysen y ahora estamos trabajando con la Universidad fomentando el reciclaje\u201d.<\/p>\n<p style=\"text-align: justify;\">La campa\u00f1a \u201cPatagonia ponte las pilas\u201d sigue siendo un referente de responsabilidad ambiental en Ays\u00e9n, demostrando que el trabajo colaborativo entre empresas, instituciones y comunidades es esencial para enfrentar los desaf\u00edos ambientales. Con esta alianza, Edelaysen reafirma su papel como l\u00edder en la protecci\u00f3n de los recursos naturales de la regi\u00f3n.<\/p>\n<\/div><\/section><\/div><div  style='height:50px' class='hr hr-invisible   avia-builder-el-6  el_after_av_one_full  el_before_av_social_share '><span class='hr-inner ' ><span class='hr-inner-style'><\/span><\/span><\/div><\/p>\n<div  class='av-social-sharing-box  avia-builder-el-7  el_after_av_hr  el_before_av_hr  '><div class='av-share-box'><h5 class='av-share-link-description av-no-toc '>Compartir esta noticia<\/h5><ul class='av-share-box-list noLightbox'><li class='av-share-link av-social-link-facebook' ><a target=\"_blank\" aria-label=\"Compartir en Facebook\" href='https:\/\/www.facebook.com\/sharer.php?u=https:\/\/radiorevelacionfm.cl\/?p=48255&#038;t=La%20iniciativa%20%E2%80%9CPatagonia%20ponte%20las%20pilas%E2%80%9D%20de%20Edelaysen%20suma%20a%20la%20Universidad%20de%20Ays%C3%A9n' aria-hidden='false' data-av_icon='\ue8f3' data-av_iconfont='entypo-fontello' title='' data-avia-related-tooltip='Compartir en Facebook' rel=\"noopener\"><span class='avia_hidden_link_text'>Compartir en Facebook<\/span><\/a><\/li><li class='av-share-link av-social-link-twitter' ><a target=\"_blank\" aria-label=\"Compartir en Twitter\" href='https:\/\/twitter.com\/share?text=La%20iniciativa%20%E2%80%9CPatagonia%20ponte%20las%20pilas%E2%80%9D%20de%20Edelaysen%20suma%20a%20la%20Universidad%20de%20Ays%C3%A9n&#038;url=https:\/\/radiorevelacionfm.cl\/?p=48255' aria-hidden='false' data-av_icon='\ue8f1' data-av_iconfont='entypo-fontello' title='' data-avia-related-tooltip='Compartir en Twitter' rel=\"noopener\"><span class='avia_hidden_link_text'>Compartir en Twitter<\/span><\/a><\/li><li class='av-share-link av-social-link-whatsapp' ><a target=\"_blank\" aria-label=\"Compartir en Whatsapp\" href='https:\/\/api.whatsapp.com\/send?text=https:\/\/radiorevelacionfm.cl\/?p=48255' aria-hidden='false' data-av_icon='\uf232' data-av_iconfont='entypo-fontello' title='' data-avia-related-tooltip='Compartir en Whatsapp' rel=\"noopener\"><span class='avia_hidden_link_text'>Compartir en Whatsapp<\/span><\/a><\/li><li class='av-share-link av-social-link-linkedin' ><a target=\"_blank\" aria-label=\"Compartir en LinkedIn\" href='https:\/\/linkedin.com\/shareArticle?mini=true&#038;title=La%20iniciativa%20%E2%80%9CPatagonia%20ponte%20las%20pilas%E2%80%9D%20de%20Edelaysen%20suma%20a%20la%20Universidad%20de%20Ays%C3%A9n&#038;url=https:\/\/radiorevelacionfm.cl\/?p=48255' aria-hidden='false' data-av_icon='\ue8fc' data-av_iconfont='entypo-fontello' title='' data-avia-related-tooltip='Compartir en LinkedIn' rel=\"noopener\"><span class='avia_hidden_link_text'>Compartir en LinkedIn<\/span><\/a><\/li><li class='av-share-link av-social-link-mail' ><a  aria-label=\"Compartir por correo\" href='mailto:?subject=La%20iniciativa%20%E2%80%9CPatagonia%20ponte%20las%20pilas%E2%80%9D%20de%20Edelaysen%20suma%20a%20la%20Universidad%20de%20Ays%C3%A9n&#038;body=https:\/\/radiorevelacionfm.cl\/?p=48255' aria-hidden='false' data-av_icon='\ue805' data-av_iconfont='entypo-fontello' title='' data-avia-related-tooltip='Compartir por correo'><span class='avia_hidden_link_text'>Compartir por correo<\/span><\/a><\/li><\/ul><\/div><\/div>\n<div  style='height:50px' class='hr hr-invisible   avia-builder-el-8  el_after_av_social_share  el_before_av_comments_list '><span class='hr-inner ' ><span class='hr-inner-style'><\/span><\/span><\/div>\n<div  class='av-buildercomment  av-blog-meta-html-info-disabled av-blog-meta-tag-disabled  '><\/div>\n","protected":false},"excerpt":{"rendered":"","protected":false},"author":1,"featured_media":48256,"comment_status":"open","ping_status":"open","sticky":false,"template":"","format":"standard","meta":{"footnotes":""},"categories":[38],"tags":[],"class_list":["post-48255","post","type-post","status-publish","format-standard","has-post-thumbnail","hentry","category-regional"],"jetpack_featured_media_url":"https:\/\/radiorevelacionfm.cl\/wp-content\/uploads\/2024\/11\/pilas-u-aysen1-2_optimized.jpeg","_links":{"self":[{"href":"https:\/\/radiorevelacionfm.cl\/index.php?rest_route=\/wp\/v2\/posts\/48255","targetHints":{"allow":["GET"]}}],"collection":[{"href":"https:\/\/radiorevelacionfm.cl\/index.php?rest_route=\/wp\/v2\/posts"}],"about":[{"href":"https:\/\/radiorevelacionfm.cl\/index.php?rest_route=\/wp\/v2\/types\/post"}],"author":[{"embeddable":true,"href":"https:\/\/radiorevelacionfm.cl\/index.php?rest_route=\/wp\/v2\/users\/1"}],"replies":[{"embeddable":true,"href":"https:\/\/radiorevelacionfm.cl\/index.php?rest_route=%2Fwp%2Fv2%2Fcomments&post=48255"}],"version-history":[{"count":1,"href":"https:\/\/radiorevelacionfm.cl\/index.php?rest_route=\/wp\/v2\/posts\/48255\/revisions"}],"predecessor-version":[{"id":48257,"href":"https:\/\/radiorevelacionfm.cl\/index.php?rest_route=\/wp\/v2\/posts\/48255\/revisions\/48257"}],"wp:featuredmedia":[{"embeddable":true,"href":"https:\/\/radiorevelacionfm.cl\/index.php?rest_route=\/wp\/v2\/media\/48256"}],"wp:attachment":[{"href":"https:\/\/radiorevelacionfm.cl\/index.php?rest_route=%2Fwp%2Fv2%2Fmedia&parent=48255"}],"wp:term":[{"taxonomy":"category","embeddable":true,"href":"https:\/\/radiorevelacionfm.cl\/index.php?rest_route=%2Fwp%2Fv2%2Fcategories&post=48255"},{"taxonomy":"post_tag","embeddable":true,"href":"https:\/\/radiorevelacionfm.cl\/index.php?rest_route=%2Fwp%2Fv2%2Ftags&post=48255"}],"curies":[{"name":"wp","href":"https:\/\/api.w.org\/{rel}","templated":true}]}}