{"id":48245,"date":"2024-11-25T15:33:00","date_gmt":"2024-11-25T18:33:00","guid":{"rendered":"https:\/\/radiorevelacionfm.cl\/?p=48245"},"modified":"2024-11-25T15:33:00","modified_gmt":"2024-11-25T18:33:00","slug":"vialidad-instala-sello-de-alta-friccion-en-zonas-urbanas-y-mensajeria-variable-para-informar-estado-de-las-rutas","status":"publish","type":"post","link":"https:\/\/radiorevelacionfm.cl\/?p=48245","title":{"rendered":"Vialidad instala sello de alta fricci\u00f3n en zonas urbanas y mensajer\u00eda variable para informar estado de las rutas"},"content":{"rendered":"<div class=\"flex_column av_one_full  flex_column_div av-zero-column-padding first  avia-builder-el-0  el_before_av_one_full  avia-builder-el-first  \" style='border-radius:0px; '><div  class='avia-image-container  av-styling-    avia-builder-el-1  avia-builder-el-no-sibling  avia-align-center '  itemprop=\"image\" itemscope=\"itemscope\" itemtype=\"https:\/\/schema.org\/ImageObject\"  ><div class='avia-image-container-inner'><div class='avia-image-overlay-wrap'><img decoding=\"async\" class='wp-image-48246 avia-img-lazy-loading-not-48246 avia_image' src=\"https:\/\/radiorevelacionfm.cl\/wp-content\/uploads\/2024\/11\/sellos-friccion-1-2_optimized.jpg\" alt='' title='sellos-friccion-1-2_optimized' height=\"600\" width=\"1202\"  itemprop=\"thumbnailUrl\" srcset=\"https:\/\/radiorevelacionfm.cl\/wp-content\/uploads\/2024\/11\/sellos-friccion-1-2_optimized.jpg 1202w, https:\/\/radiorevelacionfm.cl\/wp-content\/uploads\/2024\/11\/sellos-friccion-1-2_optimized-300x150.jpg 300w, https:\/\/radiorevelacionfm.cl\/wp-content\/uploads\/2024\/11\/sellos-friccion-1-2_optimized-1030x514.jpg 1030w, https:\/\/radiorevelacionfm.cl\/wp-content\/uploads\/2024\/11\/sellos-friccion-1-2_optimized-768x383.jpg 768w, https:\/\/radiorevelacionfm.cl\/wp-content\/uploads\/2024\/11\/sellos-friccion-1-2_optimized-705x352.jpg 705w, https:\/\/radiorevelacionfm.cl\/wp-content\/uploads\/2024\/11\/sellos-friccion-1-2_optimized-450x225.jpg 450w, https:\/\/radiorevelacionfm.cl\/wp-content\/uploads\/2024\/11\/sellos-friccion-1-2_optimized-600x300.jpg 600w\" sizes=\"(max-width: 1202px) 100vw, 1202px\" \/><\/div><\/div><\/div><\/div><div class=\"flex_column av_one_full  flex_column_div av-zero-column-padding first  avia-builder-el-2  el_after_av_one_full  el_before_av_one_full  column-top-margin\" style='border-radius:0px; '><section class=\"av_textblock_section \"  itemscope=\"itemscope\" itemtype=\"https:\/\/schema.org\/BlogPosting\" itemprop=\"blogPost\" ><div class='avia_textblock  '   itemprop=\"text\" ><p style=\"text-align: center;\"><strong><span style=\"font-size: 18pt;\">Vialidad instala sello de alta fricci\u00f3n en zonas urbanas y mensajer\u00eda variable para informar estado de las rutas<\/span><\/strong><\/p>\n<div id=\"gtx-trans\" style=\"position: absolute; left: -50px; top: 4.31534px;\">\n<div class=\"gtx-trans-icon\"><\/div>\n<\/div>\n<\/div><\/section><\/div><div class=\"flex_column av_one_full  flex_column_div av-zero-column-padding first  avia-builder-el-4  el_after_av_one_full  el_before_av_hr  column-top-margin\" style='border-radius:0px; '><section class=\"av_textblock_section \"  itemscope=\"itemscope\" itemtype=\"https:\/\/schema.org\/BlogPosting\" itemprop=\"blogPost\" ><div class='avia_textblock  '   itemprop=\"text\" ><p style=\"text-align: justify;\"><em>Estas labores son parte de las obras de seguridad vial que se est\u00e1n desarrollando en diversos sectores urbanos de la regi\u00f3n de Ays\u00e9n y que tienen como objetivo mejorar el \u00e1rea de frenado de los y las conductoras en un 30%, difundir el estado de las rutas y servir de apoyo a las personas para prevenir accidentes.<\/em><\/p>\n<p style=\"text-align: justify;\">Hasta el sector Bypass se desplazaron hoy la Secretaria Regional Ministerial de Obras P\u00fablicas Paloma Jara Vald\u00e9s junto al Director Regional de Vialidad MOP, Renzo Sanders Cort\u00e9s para inspeccionar el desarrollo del primer proyecto de traves\u00eda de seguridad vial que la Direcci\u00f3n Regional de Vialidad est\u00e1 materializando en sectores urbanos de la regi\u00f3n de Ays\u00e9n.<\/p>\n<p style=\"text-align: justify;\">Al ser consultada la SEREMI del MOP destac\u00f3 que para el Ministerio de Obras P\u00fablicas es sumamente importante cumplir los compromisos adquiridos con todas y todos los habitantes de la regi\u00f3n de Ays\u00e9n. \u201cEn Coyhaique estamos comenzando las labores de demarcaci\u00f3n, un proyecto de m\u00e1s de $1.000 millones que se encuentra enmarcado en un proyecto m\u00e1s amplio que considera 4 mil millones de inversi\u00f3n en seguridad vial en la regi\u00f3n. Cumplir y seguir trabajando para que todos y todas tengamos un lugar seguro donde vivir y por donde transitar es parte de las iniciativas m\u00e1s importantes que nos ha instruido nuestra ministra y por todos quienes forman parte del gobierno\u201d.<\/p>\n<p style=\"text-align: justify;\">El Director de Vialidad MOP detall\u00f3 algunos aspectos de estas obras, indicando que \u201ceste es el primer proyecto de traves\u00eda de seguridad vial que el Ministerio de Obras P\u00fablicas est\u00e1 ejecutando a trav\u00e9s de la Direcci\u00f3n Regional de Vialidad en la regi\u00f3n de Ays\u00e9n, y considera la instalaci\u00f3n de sello de alta fricci\u00f3n en el bypass y en la calle Simpson en la ciudad de Coyhaique, con el objetivo de mejorar el \u00e1rea de frenado de los y las conductores en aproximadamente 30%; y por otro lado, la instalaci\u00f3n de mensajer\u00eda variable en los sectores de Colegio Alianza Austral y \u00a0la Planta de Revisi\u00f3n T\u00e9cnica en la salida sur de Coyhaique, lo que permitir\u00e1 difundir informaci\u00f3n acerca del estado de las rutas como el sector Queulat, el camino a Ra\u00fal Mar\u00edn Balmaceda por el sector norte, y las condiciones clim\u00e1ticas en la zona sur, especialmente en el sector de los portezuelos, para que los conductores puedan contar con informaci\u00f3n en tiempo real acerca de las condiciones de estos sectores m\u00e1s complejos, sirviendo de apoyo para las personas y su tr\u00e1nsito por las rutas. A esto se suma, que tambi\u00e9n hemos instalado veloc\u00edmetros -dispositivo de medici\u00f3n que muestra la velocidad real de los veh\u00edculos- tanto en la Ruta 7 con el sector empalme edificio Telet\u00f3n, como en la Ruta 7 cercano al puente Mundaca, para entregar informaci\u00f3n respecto de la velocidad de circulaci\u00f3n de los veh\u00edculos considerando la se\u00f1alizaci\u00f3n dispuesta en ese lugar, y con ello dotar al automovilista de m\u00e1s antecedentes para prevenir accidentes entre los y las conductoras que circulen\/transiten por este sector\u201d.<\/p>\n<\/div><\/section><\/div><div  style='height:50px' class='hr hr-invisible   avia-builder-el-6  el_after_av_one_full  el_before_av_social_share '><span class='hr-inner ' ><span class='hr-inner-style'><\/span><\/span><\/div><\/p>\n<div  class='av-social-sharing-box  avia-builder-el-7  el_after_av_hr  el_before_av_hr  '><div class='av-share-box'><h5 class='av-share-link-description av-no-toc '>Compartir esta noticia<\/h5><ul class='av-share-box-list noLightbox'><li class='av-share-link av-social-link-facebook' ><a target=\"_blank\" aria-label=\"Compartir en Facebook\" href='https:\/\/www.facebook.com\/sharer.php?u=https:\/\/radiorevelacionfm.cl\/?p=48245&#038;t=Vialidad%20instala%20sello%20de%20alta%20fricci%C3%B3n%20en%20zonas%20urbanas%20y%20mensajer%C3%ADa%20variable%20para%20informar%20estado%20de%20las%20rutas' aria-hidden='false' data-av_icon='\ue8f3' data-av_iconfont='entypo-fontello' title='' data-avia-related-tooltip='Compartir en Facebook' rel=\"noopener\"><span class='avia_hidden_link_text'>Compartir en Facebook<\/span><\/a><\/li><li class='av-share-link av-social-link-twitter' ><a target=\"_blank\" aria-label=\"Compartir en Twitter\" href='https:\/\/twitter.com\/share?text=Vialidad%20instala%20sello%20de%20alta%20fricci%C3%B3n%20en%20zonas%20urbanas%20y%20mensajer%C3%ADa%20variable%20para%20informar%20estado%20de%20las%20rutas&#038;url=https:\/\/radiorevelacionfm.cl\/?p=48245' aria-hidden='false' data-av_icon='\ue8f1' data-av_iconfont='entypo-fontello' title='' data-avia-related-tooltip='Compartir en Twitter' rel=\"noopener\"><span class='avia_hidden_link_text'>Compartir en Twitter<\/span><\/a><\/li><li class='av-share-link av-social-link-whatsapp' ><a target=\"_blank\" aria-label=\"Compartir en Whatsapp\" href='https:\/\/api.whatsapp.com\/send?text=https:\/\/radiorevelacionfm.cl\/?p=48245' aria-hidden='false' data-av_icon='\uf232' data-av_iconfont='entypo-fontello' title='' data-avia-related-tooltip='Compartir en Whatsapp' rel=\"noopener\"><span class='avia_hidden_link_text'>Compartir en Whatsapp<\/span><\/a><\/li><li class='av-share-link av-social-link-linkedin' ><a target=\"_blank\" aria-label=\"Compartir en LinkedIn\" href='https:\/\/linkedin.com\/shareArticle?mini=true&#038;title=Vialidad%20instala%20sello%20de%20alta%20fricci%C3%B3n%20en%20zonas%20urbanas%20y%20mensajer%C3%ADa%20variable%20para%20informar%20estado%20de%20las%20rutas&#038;url=https:\/\/radiorevelacionfm.cl\/?p=48245' aria-hidden='false' data-av_icon='\ue8fc' data-av_iconfont='entypo-fontello' title='' data-avia-related-tooltip='Compartir en LinkedIn' rel=\"noopener\"><span class='avia_hidden_link_text'>Compartir en LinkedIn<\/span><\/a><\/li><li class='av-share-link av-social-link-mail' ><a  aria-label=\"Compartir por correo\" href='mailto:?subject=Vialidad%20instala%20sello%20de%20alta%20fricci%C3%B3n%20en%20zonas%20urbanas%20y%20mensajer%C3%ADa%20variable%20para%20informar%20estado%20de%20las%20rutas&#038;body=https:\/\/radiorevelacionfm.cl\/?p=48245' aria-hidden='false' data-av_icon='\ue805' data-av_iconfont='entypo-fontello' title='' data-avia-related-tooltip='Compartir por correo'><span class='avia_hidden_link_text'>Compartir por correo<\/span><\/a><\/li><\/ul><\/div><\/div>\n<div  style='height:50px' class='hr hr-invisible   avia-builder-el-8  el_after_av_social_share  el_before_av_comments_list '><span class='hr-inner ' ><span class='hr-inner-style'><\/span><\/span><\/div>\n<div  class='av-buildercomment  av-blog-meta-html-info-disabled av-blog-meta-tag-disabled  '><\/div>\n","protected":false},"excerpt":{"rendered":"","protected":false},"author":1,"featured_media":48246,"comment_status":"open","ping_status":"open","sticky":false,"template":"","format":"standard","meta":{"footnotes":""},"categories":[38],"tags":[],"class_list":["post-48245","post","type-post","status-publish","format-standard","has-post-thumbnail","hentry","category-regional"],"jetpack_featured_media_url":"https:\/\/radiorevelacionfm.cl\/wp-content\/uploads\/2024\/11\/sellos-friccion-1-2_optimized.jpg","_links":{"self":[{"href":"https:\/\/radiorevelacionfm.cl\/index.php?rest_route=\/wp\/v2\/posts\/48245","targetHints":{"allow":["GET"]}}],"collection":[{"href":"https:\/\/radiorevelacionfm.cl\/index.php?rest_route=\/wp\/v2\/posts"}],"about":[{"href":"https:\/\/radiorevelacionfm.cl\/index.php?rest_route=\/wp\/v2\/types\/post"}],"author":[{"embeddable":true,"href":"https:\/\/radiorevelacionfm.cl\/index.php?rest_route=\/wp\/v2\/users\/1"}],"replies":[{"embeddable":true,"href":"https:\/\/radiorevelacionfm.cl\/index.php?rest_route=%2Fwp%2Fv2%2Fcomments&post=48245"}],"version-history":[{"count":1,"href":"https:\/\/radiorevelacionfm.cl\/index.php?rest_route=\/wp\/v2\/posts\/48245\/revisions"}],"predecessor-version":[{"id":48247,"href":"https:\/\/radiorevelacionfm.cl\/index.php?rest_route=\/wp\/v2\/posts\/48245\/revisions\/48247"}],"wp:featuredmedia":[{"embeddable":true,"href":"https:\/\/radiorevelacionfm.cl\/index.php?rest_route=\/wp\/v2\/media\/48246"}],"wp:attachment":[{"href":"https:\/\/radiorevelacionfm.cl\/index.php?rest_route=%2Fwp%2Fv2%2Fmedia&parent=48245"}],"wp:term":[{"taxonomy":"category","embeddable":true,"href":"https:\/\/radiorevelacionfm.cl\/index.php?rest_route=%2Fwp%2Fv2%2Fcategories&post=48245"},{"taxonomy":"post_tag","embeddable":true,"href":"https:\/\/radiorevelacionfm.cl\/index.php?rest_route=%2Fwp%2Fv2%2Ftags&post=48245"}],"curies":[{"name":"wp","href":"https:\/\/api.w.org\/{rel}","templated":true}]}}