{"id":48242,"date":"2024-11-25T15:17:25","date_gmt":"2024-11-25T18:17:25","guid":{"rendered":"https:\/\/radiorevelacionfm.cl\/?p=48242"},"modified":"2024-11-25T15:17:25","modified_gmt":"2024-11-25T18:17:25","slug":"universidad-de-aysen-llama-a-jovenes-a-postular-para-ingresar-por-admision-especial","status":"publish","type":"post","link":"https:\/\/radiorevelacionfm.cl\/?p=48242","title":{"rendered":"Universidad de Ays\u00e9n llama a j\u00f3venes a postular para ingresar por Admisi\u00f3n Especial"},"content":{"rendered":"<div class=\"flex_column av_one_full  flex_column_div av-zero-column-padding first  avia-builder-el-0  el_before_av_one_full  avia-builder-el-first  \" style='border-radius:0px; '><div  class='avia-image-container  av-styling-    avia-builder-el-1  avia-builder-el-no-sibling  avia-align-center '  itemprop=\"image\" itemscope=\"itemscope\" itemtype=\"https:\/\/schema.org\/ImageObject\"  ><div class='avia-image-container-inner'><div class='avia-image-overlay-wrap'><img decoding=\"async\" class='wp-image-48243 avia-img-lazy-loading-not-48243 avia_image' src=\"https:\/\/radiorevelacionfm.cl\/wp-content\/uploads\/2024\/11\/20241125_151317-2_optimized.jpg\" alt='' title='20241125_151317-2_optimized' height=\"740\" width=\"801\"  itemprop=\"thumbnailUrl\" srcset=\"https:\/\/radiorevelacionfm.cl\/wp-content\/uploads\/2024\/11\/20241125_151317-2_optimized.jpg 801w, https:\/\/radiorevelacionfm.cl\/wp-content\/uploads\/2024\/11\/20241125_151317-2_optimized-300x277.jpg 300w, https:\/\/radiorevelacionfm.cl\/wp-content\/uploads\/2024\/11\/20241125_151317-2_optimized-768x710.jpg 768w, https:\/\/radiorevelacionfm.cl\/wp-content\/uploads\/2024\/11\/20241125_151317-2_optimized-705x651.jpg 705w, https:\/\/radiorevelacionfm.cl\/wp-content\/uploads\/2024\/11\/20241125_151317-2_optimized-450x416.jpg 450w, https:\/\/radiorevelacionfm.cl\/wp-content\/uploads\/2024\/11\/20241125_151317-2_optimized-600x554.jpg 600w\" sizes=\"(max-width: 801px) 100vw, 801px\" \/><\/div><\/div><\/div><\/div><div class=\"flex_column av_one_full  flex_column_div av-zero-column-padding first  avia-builder-el-2  el_after_av_one_full  el_before_av_one_full  column-top-margin\" style='border-radius:0px; '><section class=\"av_textblock_section \"  itemscope=\"itemscope\" itemtype=\"https:\/\/schema.org\/BlogPosting\" itemprop=\"blogPost\" ><div class='avia_textblock  '   itemprop=\"text\" ><p style=\"text-align: center;\"><strong><span style=\"font-size: 18pt;\">Universidad de Ays\u00e9n llama a j\u00f3venes a postular para ingresar por Admisi\u00f3n Especial<\/span><\/strong><\/p>\n<div id=\"gtx-trans\" style=\"position: absolute; left: -50px; top: 4.31534px;\">\n<div class=\"gtx-trans-icon\"><\/div>\n<\/div>\n<\/div><\/section><\/div><div class=\"flex_column av_one_full  flex_column_div av-zero-column-padding first  avia-builder-el-4  el_after_av_one_full  el_before_av_hr  column-top-margin\" style='border-radius:0px; '><section class=\"av_textblock_section \"  itemscope=\"itemscope\" itemtype=\"https:\/\/schema.org\/BlogPosting\" itemprop=\"blogPost\" ><div class='avia_textblock  '   itemprop=\"text\" ><p dir=\"ltr\" style=\"text-align: justify;\"><em>Hasta el 30 de noviembre se encuentran abiertas las postulaciones por Admisi\u00f3n Especial, v\u00eda que es una oportunidad de ingreso a la UAys\u00e9n destinada a los j\u00f3venes que cuenten con situaciones o talentos especiales.<\/em><\/p>\n<p dir=\"ltr\" style=\"text-align: justify;\">Quedan pocos d\u00edas para postular a la Universidad de Ays\u00e9n por la v\u00eda de Admisi\u00f3n Especial, instancia que tiene\u00a0 como objetivo entregar mayores oportunidades a los y las j\u00f3venes y promover el acceso inclusivo a la Educaci\u00f3n Superior. El plazo para\u00a0 enviar los antecedentes de postulaci\u00f3n es el 30 de noviembre, no obstante si quedan cupos la casa de estudios ampliar\u00e1 la convocatoria para las carreras que lo requieran durante el mes de diciembre.<\/p>\n<p dir=\"ltr\" style=\"text-align: justify;\">David V\u00e1squez, Coordinador de Admisi\u00f3n de la Universidad de Ays\u00e9n, especific\u00f3 que la v\u00eda de Admisi\u00f3n Especial, establece criterios de selecci\u00f3n que se basan en m\u00e9ritos no medidos necesariamente en las pruebas de acceso estandarizadas como la prueba PAES y agreg\u00f3 que existen distintos criterios. \u00a0 \u00abEl primero de ellos la Inclusi\u00f3n, que involucra la variable de Equidad de G\u00e9nero, con la finalidad de mejorar la participaci\u00f3n equilibrada de g\u00e9nero en la comunidad estudiantil, relevante en las carreras de las \u00e1reas de Ingenier\u00eda y Salud; y la v\u00eda por Discapacidad, destinada a j\u00f3venes que presenten alg\u00fan tipo de discapacidad motora, visual o auditiva y que sea compatible con la carrera a la que se pretende acceder. A su vez, este a\u00f1o incluimos el nuevo criterio por talento acad\u00e9mico para quienes pertenecen al 30% de mejor rendimiento de su establecimiento\u00bb, explic\u00f3.<\/p>\n<p dir=\"ltr\" style=\"text-align: justify;\">El segundo criterio del Sistema de Admisi\u00f3n Especial de la Universidad de Ays\u00e9n es la Diversidad al que j\u00f3venes con Talentos Especiales como art\u00edsticos, culturales, deportivos, ciencias, liderazgo pueden postular. Tambi\u00e9n al alero de este criterio se encuentra la oportunidad para los j\u00f3venes pertenecientes a Pueblos Originarios puedan optar a la UAys\u00e9n.<\/p>\n<p dir=\"ltr\" style=\"text-align: justify;\">Como tercer criterio se encuentra la Pertinencia Regional, en el que se encuentra el Sello Regional dirigido a j\u00f3venes egresados de establecimientos p\u00fablicos, subvencionados o de educaci\u00f3n de adultos de la regi\u00f3n de Ays\u00e9n, que provengan de hogares pertenecientes al 60% de menores ingresos del pa\u00eds. Bajo este criterio regional se encuentra el de j\u00f3venes de Colegios Extremos de la Regi\u00f3n de Ays\u00e9n, para los\/as que hayan cursado su educaci\u00f3n media en establecimientos educacionales aislados geogr\u00e1ficamente en la Regi\u00f3n de Ays\u00e9n.<\/p>\n<p dir=\"ltr\" style=\"text-align: justify;\">A su vez, podr\u00e1n postular por la v\u00eda de la Admisi\u00f3n Especial los\/as j\u00f3venes que hayan participado en las Academias Formativas UAys\u00e9n, es decir, la academia Agroforestal y la de Ciencia y Tecnolog\u00eda.<\/p>\n<p dir=\"ltr\" style=\"text-align: justify;\">El \u00faltimo criterio de la Admisi\u00f3n Especial de la UAys\u00e9n es el de Contextos Especiales, como lo son los j\u00f3venes que presenten una situaci\u00f3n familiar compleja, que provengan desde el extranjero o pertenezcan al programa especial de Conscriptos en Servicio Militar.<\/p>\n<p dir=\"ltr\" style=\"text-align: justify;\">Finalmente, cabe se\u00f1alar que para mayores antecedentes y para participar del proceso de Admisi\u00f3n Especial Universidad de Ays\u00e9n se\u00a0 debe ingresar al sitio web de la casa de estudios <a href=\"https:\/\/www.uaysen.cl\/admision\/ingreso-uaysen\/admision-especial\" target=\"_blank\" rel=\"noopener noreferrer\">https:\/\/www.uaysen.cl\/admision\/ingreso-uaysen\/admision-especial<\/a> y completar el formulario electr\u00f3nico de postulaci\u00f3n o contactarse al correo electr\u00f3nico <a href=\"mailto:admision@uaysen.cl\" rel=\"noreferrer\">admision@uaysen.cl<\/a>.<\/p>\n<\/div><\/section><\/div><div  style='height:50px' class='hr hr-invisible   avia-builder-el-6  el_after_av_one_full  el_before_av_social_share '><span class='hr-inner ' ><span class='hr-inner-style'><\/span><\/span><\/div><\/p>\n<div  class='av-social-sharing-box  avia-builder-el-7  el_after_av_hr  el_before_av_hr  '><div class='av-share-box'><h5 class='av-share-link-description av-no-toc '>Compartir esta noticia<\/h5><ul class='av-share-box-list noLightbox'><li class='av-share-link av-social-link-facebook' ><a target=\"_blank\" aria-label=\"Compartir en Facebook\" href='https:\/\/www.facebook.com\/sharer.php?u=https:\/\/radiorevelacionfm.cl\/?p=48242&#038;t=Universidad%20de%20Ays%C3%A9n%20llama%20a%20j%C3%B3venes%20a%20postular%20para%20ingresar%20por%20Admisi%C3%B3n%20Especial' aria-hidden='false' data-av_icon='\ue8f3' data-av_iconfont='entypo-fontello' title='' data-avia-related-tooltip='Compartir en Facebook' rel=\"noopener\"><span class='avia_hidden_link_text'>Compartir en Facebook<\/span><\/a><\/li><li class='av-share-link av-social-link-twitter' ><a target=\"_blank\" aria-label=\"Compartir en Twitter\" href='https:\/\/twitter.com\/share?text=Universidad%20de%20Ays%C3%A9n%20llama%20a%20j%C3%B3venes%20a%20postular%20para%20ingresar%20por%20Admisi%C3%B3n%20Especial&#038;url=https:\/\/radiorevelacionfm.cl\/?p=48242' aria-hidden='false' data-av_icon='\ue8f1' data-av_iconfont='entypo-fontello' title='' data-avia-related-tooltip='Compartir en Twitter' rel=\"noopener\"><span class='avia_hidden_link_text'>Compartir en Twitter<\/span><\/a><\/li><li class='av-share-link av-social-link-whatsapp' ><a target=\"_blank\" aria-label=\"Compartir en Whatsapp\" href='https:\/\/api.whatsapp.com\/send?text=https:\/\/radiorevelacionfm.cl\/?p=48242' aria-hidden='false' data-av_icon='\uf232' data-av_iconfont='entypo-fontello' title='' data-avia-related-tooltip='Compartir en Whatsapp' rel=\"noopener\"><span class='avia_hidden_link_text'>Compartir en Whatsapp<\/span><\/a><\/li><li class='av-share-link av-social-link-linkedin' ><a target=\"_blank\" aria-label=\"Compartir en LinkedIn\" href='https:\/\/linkedin.com\/shareArticle?mini=true&#038;title=Universidad%20de%20Ays%C3%A9n%20llama%20a%20j%C3%B3venes%20a%20postular%20para%20ingresar%20por%20Admisi%C3%B3n%20Especial&#038;url=https:\/\/radiorevelacionfm.cl\/?p=48242' aria-hidden='false' data-av_icon='\ue8fc' data-av_iconfont='entypo-fontello' title='' data-avia-related-tooltip='Compartir en LinkedIn' rel=\"noopener\"><span class='avia_hidden_link_text'>Compartir en LinkedIn<\/span><\/a><\/li><li class='av-share-link av-social-link-mail' ><a  aria-label=\"Compartir por correo\" href='mailto:?subject=Universidad%20de%20Ays%C3%A9n%20llama%20a%20j%C3%B3venes%20a%20postular%20para%20ingresar%20por%20Admisi%C3%B3n%20Especial&#038;body=https:\/\/radiorevelacionfm.cl\/?p=48242' aria-hidden='false' data-av_icon='\ue805' data-av_iconfont='entypo-fontello' title='' data-avia-related-tooltip='Compartir por correo'><span class='avia_hidden_link_text'>Compartir por correo<\/span><\/a><\/li><\/ul><\/div><\/div>\n<div  style='height:50px' class='hr hr-invisible   avia-builder-el-8  el_after_av_social_share  el_before_av_comments_list '><span class='hr-inner ' ><span class='hr-inner-style'><\/span><\/span><\/div>\n<div  class='av-buildercomment  av-blog-meta-html-info-disabled av-blog-meta-tag-disabled  '><\/div>\n","protected":false},"excerpt":{"rendered":"","protected":false},"author":1,"featured_media":48243,"comment_status":"open","ping_status":"open","sticky":false,"template":"","format":"standard","meta":{"footnotes":""},"categories":[49],"tags":[],"class_list":["post-48242","post","type-post","status-publish","format-standard","has-post-thumbnail","hentry","category-educacion"],"jetpack_featured_media_url":"https:\/\/radiorevelacionfm.cl\/wp-content\/uploads\/2024\/11\/20241125_151317-2_optimized.jpg","_links":{"self":[{"href":"https:\/\/radiorevelacionfm.cl\/index.php?rest_route=\/wp\/v2\/posts\/48242","targetHints":{"allow":["GET"]}}],"collection":[{"href":"https:\/\/radiorevelacionfm.cl\/index.php?rest_route=\/wp\/v2\/posts"}],"about":[{"href":"https:\/\/radiorevelacionfm.cl\/index.php?rest_route=\/wp\/v2\/types\/post"}],"author":[{"embeddable":true,"href":"https:\/\/radiorevelacionfm.cl\/index.php?rest_route=\/wp\/v2\/users\/1"}],"replies":[{"embeddable":true,"href":"https:\/\/radiorevelacionfm.cl\/index.php?rest_route=%2Fwp%2Fv2%2Fcomments&post=48242"}],"version-history":[{"count":1,"href":"https:\/\/radiorevelacionfm.cl\/index.php?rest_route=\/wp\/v2\/posts\/48242\/revisions"}],"predecessor-version":[{"id":48244,"href":"https:\/\/radiorevelacionfm.cl\/index.php?rest_route=\/wp\/v2\/posts\/48242\/revisions\/48244"}],"wp:featuredmedia":[{"embeddable":true,"href":"https:\/\/radiorevelacionfm.cl\/index.php?rest_route=\/wp\/v2\/media\/48243"}],"wp:attachment":[{"href":"https:\/\/radiorevelacionfm.cl\/index.php?rest_route=%2Fwp%2Fv2%2Fmedia&parent=48242"}],"wp:term":[{"taxonomy":"category","embeddable":true,"href":"https:\/\/radiorevelacionfm.cl\/index.php?rest_route=%2Fwp%2Fv2%2Fcategories&post=48242"},{"taxonomy":"post_tag","embeddable":true,"href":"https:\/\/radiorevelacionfm.cl\/index.php?rest_route=%2Fwp%2Fv2%2Ftags&post=48242"}],"curies":[{"name":"wp","href":"https:\/\/api.w.org\/{rel}","templated":true}]}}