{"id":4824,"date":"2021-06-03T10:35:37","date_gmt":"2021-06-03T13:35:37","guid":{"rendered":"https:\/\/radiorevelacionfm.cl\/?p=4824"},"modified":"2021-06-03T10:35:37","modified_gmt":"2021-06-03T13:35:37","slug":"jardines-infantiles-de-integra-mantienen-matriculas-abiertas-en-la-region","status":"publish","type":"post","link":"https:\/\/radiorevelacionfm.cl\/?p=4824","title":{"rendered":"Jardines Infantiles de Integra mantienen matr\u00edculas abiertas en la regi\u00f3n"},"content":{"rendered":"<div class=\"flex_column av_one_full  flex_column_div av-zero-column-padding first  avia-builder-el-0  el_before_av_one_full  avia-builder-el-first  \" style='border-radius:0px; '><div  class='avia-image-container  av-styling-    avia-builder-el-1  avia-builder-el-no-sibling  avia-align-center '  itemprop=\"image\" itemscope=\"itemscope\" itemtype=\"https:\/\/schema.org\/ImageObject\"  ><div class='avia-image-container-inner'><div class='avia-image-overlay-wrap'><img decoding=\"async\" class='wp-image-4825 avia-img-lazy-loading-not-4825 avia_image' src=\"https:\/\/radiorevelacionfm.cl\/wp-content\/uploads\/2021\/06\/2-8-1-1.jpeg\" alt='' title='2 (8) (1) (1)' height=\"600\" width=\"922\"  itemprop=\"thumbnailUrl\" srcset=\"https:\/\/radiorevelacionfm.cl\/wp-content\/uploads\/2021\/06\/2-8-1-1.jpeg 922w, https:\/\/radiorevelacionfm.cl\/wp-content\/uploads\/2021\/06\/2-8-1-1-300x195.jpeg 300w, https:\/\/radiorevelacionfm.cl\/wp-content\/uploads\/2021\/06\/2-8-1-1-768x500.jpeg 768w, https:\/\/radiorevelacionfm.cl\/wp-content\/uploads\/2021\/06\/2-8-1-1-705x459.jpeg 705w, https:\/\/radiorevelacionfm.cl\/wp-content\/uploads\/2021\/06\/2-8-1-1-600x390.jpeg 600w\" sizes=\"(max-width: 922px) 100vw, 922px\" \/><\/div><\/div><\/div><\/div><div class=\"flex_column av_one_full  flex_column_div av-zero-column-padding first  avia-builder-el-2  el_after_av_one_full  el_before_av_one_full  column-top-margin\" style='border-radius:0px; '><section class=\"av_textblock_section \"  itemscope=\"itemscope\" itemtype=\"https:\/\/schema.org\/BlogPosting\" itemprop=\"blogPost\" ><div class='avia_textblock  '   itemprop=\"text\" ><p style=\"text-align: center;\"><strong><span style=\"font-size: 18pt;\">Jardines Infantiles de Integra mantienen matr\u00edculas abiertas en la regi\u00f3n<\/span><\/strong><\/p>\n<div id=\"gtx-trans\" style=\"position: absolute; left: -50px; top: 4.31534px;\">\n<div class=\"gtx-trans-icon\"><\/div>\n<\/div>\n<\/div><\/section><\/div><div class=\"flex_column av_one_full  flex_column_div av-zero-column-padding first  avia-builder-el-4  el_after_av_one_full  el_before_av_hr  column-top-margin\" style='border-radius:0px; '><section class=\"av_textblock_section \"  itemscope=\"itemscope\" itemtype=\"https:\/\/schema.org\/BlogPosting\" itemprop=\"blogPost\" ><div class='avia_textblock  '   itemprop=\"text\" ><p style=\"text-align: justify;\">Una invitaci\u00f3n a matricularse en los jardines infantiles y salas cuna est\u00e1 realizando Fundaci\u00f3n Integra en la regi\u00f3n de Ays\u00e9n con \u00a0el objetivo de que m\u00e1s ni\u00f1as y ni\u00f1os puedan recibir educaci\u00f3n parvularia en periodo de Pandemia. A esto se suma una importante inversi\u00f3n de recursos para la compra de material did\u00e1ctico y fungible, lo que permite entregar mejores recursos educativos a los p\u00e1rvulos que forman parte de la instituci\u00f3n.<\/p>\n<p style=\"text-align: justify;\">La directora regional de Fundaci\u00f3n Integra, Isabel Roncallo Fandi\u00f1o destaca que \u201ca\u00fan tenemos disponibles vacantes en nuestros jardines infantiles y queremos invitar a todas las familias de la regi\u00f3n a que se matriculen y que lleven a los ni\u00f1os y ni\u00f1as a nuestros establecimientos y que puedan recibir educaci\u00f3n de calidad con proyectos educativos que ponen en el centro el bienestar de todos quienes forman parte de los jardines infantiles\u201d.<\/p>\n<p style=\"text-align: justify;\">Desde la instituci\u00f3n explican que para poder continuar con los procesos educativos, en periodo de Pandemia, se ha optado por dos formas de atenci\u00f3n como lo son la presencial y a distancia la que busca que padres y apoderados puedan optar por la que m\u00e1s les favorece.<\/p>\n<p style=\"text-align: justify;\">La directora del Jard\u00edn Infantil y Sala Cuna \u201cLos Cipreses\u201d de Puerto Aguirre, Tatiana C\u00e1rdenas destaca que la instituci\u00f3n \u201creconoce a los padres como los primeros educadores y, es en ese contexto con el Plan Educativo a Distancia en este periodo de Pandemia, queremos destacar la participaci\u00f3n y la labor de las familias en cada una de las experiencias de aprendizaje basadas en el juego y que han realizado en el hogar. Han asumido el rol de acompa\u00f1ar, evaluar y retroalimentar la pr\u00e1ctica educativa de sus hijos e hijas desde el hogar, entreg\u00e1ndonos a los equipos t\u00e9cnicos pedag\u00f3gicos registros fotogr\u00e1ficos que evidencian su participaci\u00f3n, adem\u00e1s de sugerencias para poder reforzar habilidades de los ni\u00f1os y ni\u00f1as en el establecimiento\u201d.<\/p>\n<p style=\"text-align: justify;\">Es importante destacar que todos los jardines infantiles de Fundaci\u00f3n Integra son completamente gratuitos y como regla general quienes quieran matricularse deben tener entre 85 d\u00edas y 4 a\u00f1os de edad para poder postular. Sin embargo, en las localidades que las escuelas y\/o colegios no cuenten con niveles NT1 (prekinder) y NT2 (kinder) el jard\u00edn podr\u00e1 recibir a ni\u00f1os y ni\u00f1as hasta los 5 a\u00f1os 11 meses de edad, lo que permite dar continuidad en la atenci\u00f3n hasta su ingreso a la educaci\u00f3n b\u00e1sica.<\/p>\n<p style=\"text-align: justify;\">Mar\u00eda In\u00e9s Mardones, jefa del Departamento Educativo de Fundaci\u00f3n Integra en la regi\u00f3n de Ays\u00e9n destaca \u201cque como instituci\u00f3n hemos abordado la importancia e implicancia de trabajar\u00a0 el desarrollo de habilidades, conocimientos y actitudes de los ni\u00f1os desde sus caracter\u00edsticas de desarrollo, con base en una propuesta pedag\u00f3gica que construye saberes considerando las emociones de ni\u00f1os y ni\u00f1as atendidos, con ambientes educativos enriquecidos y confortables y que aportan interacciones afectivas positivas al desarrollo pleno y felicidad de ni\u00f1os\u201d.<\/p>\n<p style=\"text-align: justify;\">Desde Fundaci\u00f3n Integra recalcan que sus equipos se encuentran capacitados y dispuestos brindar una propuesta pedag\u00f3gica a la medida de las condiciones actuales con una base afectiva emocional que garantiza una respuesta oportuna a las emociones de cada ni\u00f1o y ni\u00f1a, haciendo del jard\u00edn un espacio acogedor y sensible a requerimientos actuales de familias y sus hijos.<\/p>\n<p style=\"text-align: justify;\">Finalmente, cabe se\u00f1alar que a la fecha a\u00fan hay disponibles cupos en buena parte de los jardines infantiles de Fundaci\u00f3n Integra de la regi\u00f3n por lo que todos los interesados solo deben concurrir al establecimiento de su inter\u00e9s para poder formar parte de una de las instituciones l\u00edderes en educaci\u00f3n en Primera Infancia.<\/p>\n<\/div><\/section><\/div><div  style='height:50px' class='hr hr-invisible   avia-builder-el-6  el_after_av_one_full  el_before_av_social_share '><span class='hr-inner ' ><span class='hr-inner-style'><\/span><\/span><\/div><\/p>\n<div  class='av-social-sharing-box  avia-builder-el-7  el_after_av_hr  el_before_av_hr  '><div class='av-share-box'><h5 class='av-share-link-description av-no-toc '>Compartir esta noticia<\/h5><ul class='av-share-box-list noLightbox'><li class='av-share-link av-social-link-facebook' ><a target=\"_blank\" aria-label=\"Compartir en Facebook\" href='https:\/\/www.facebook.com\/sharer.php?u=https:\/\/radiorevelacionfm.cl\/?p=4824&#038;t=Jardines%20Infantiles%20de%20Integra%20mantienen%20matr%C3%ADculas%20abiertas%20en%20la%20regi%C3%B3n' aria-hidden='false' data-av_icon='\ue8f3' data-av_iconfont='entypo-fontello' title='' data-avia-related-tooltip='Compartir en Facebook' rel=\"noopener\"><span class='avia_hidden_link_text'>Compartir en Facebook<\/span><\/a><\/li><li class='av-share-link av-social-link-twitter' ><a target=\"_blank\" aria-label=\"Compartir en Twitter\" href='https:\/\/twitter.com\/share?text=Jardines%20Infantiles%20de%20Integra%20mantienen%20matr%C3%ADculas%20abiertas%20en%20la%20regi%C3%B3n&#038;url=https:\/\/radiorevelacionfm.cl\/?p=4824' aria-hidden='false' data-av_icon='\ue8f1' data-av_iconfont='entypo-fontello' title='' data-avia-related-tooltip='Compartir en Twitter' rel=\"noopener\"><span class='avia_hidden_link_text'>Compartir en Twitter<\/span><\/a><\/li><li class='av-share-link av-social-link-whatsapp' ><a target=\"_blank\" aria-label=\"Compartir en Whatsapp\" href='https:\/\/api.whatsapp.com\/send?text=https:\/\/radiorevelacionfm.cl\/?p=4824' aria-hidden='false' data-av_icon='\uf232' data-av_iconfont='entypo-fontello' title='' data-avia-related-tooltip='Compartir en Whatsapp' rel=\"noopener\"><span class='avia_hidden_link_text'>Compartir en Whatsapp<\/span><\/a><\/li><li class='av-share-link av-social-link-linkedin' ><a target=\"_blank\" aria-label=\"Compartir en LinkedIn\" href='https:\/\/linkedin.com\/shareArticle?mini=true&#038;title=Jardines%20Infantiles%20de%20Integra%20mantienen%20matr%C3%ADculas%20abiertas%20en%20la%20regi%C3%B3n&#038;url=https:\/\/radiorevelacionfm.cl\/?p=4824' aria-hidden='false' data-av_icon='\ue8fc' data-av_iconfont='entypo-fontello' title='' data-avia-related-tooltip='Compartir en LinkedIn' rel=\"noopener\"><span class='avia_hidden_link_text'>Compartir en LinkedIn<\/span><\/a><\/li><li class='av-share-link av-social-link-mail' ><a  aria-label=\"Compartir por correo\" href='mailto:?subject=Jardines%20Infantiles%20de%20Integra%20mantienen%20matr%C3%ADculas%20abiertas%20en%20la%20regi%C3%B3n&#038;body=https:\/\/radiorevelacionfm.cl\/?p=4824' aria-hidden='false' data-av_icon='\ue805' data-av_iconfont='entypo-fontello' title='' data-avia-related-tooltip='Compartir por correo'><span class='avia_hidden_link_text'>Compartir por correo<\/span><\/a><\/li><\/ul><\/div><\/div>\n<div  style='height:50px' class='hr hr-invisible   avia-builder-el-8  el_after_av_social_share  el_before_av_comments_list '><span class='hr-inner ' ><span class='hr-inner-style'><\/span><\/span><\/div>\n<div  class='av-buildercomment  av-blog-meta-html-info-disabled av-blog-meta-tag-disabled  '><\/div>\n","protected":false},"excerpt":{"rendered":"","protected":false},"author":1,"featured_media":4825,"comment_status":"open","ping_status":"open","sticky":false,"template":"","format":"standard","meta":{"footnotes":""},"categories":[49],"tags":[],"class_list":["post-4824","post","type-post","status-publish","format-standard","has-post-thumbnail","hentry","category-educacion"],"jetpack_featured_media_url":"https:\/\/radiorevelacionfm.cl\/wp-content\/uploads\/2021\/06\/2-8-1-1.jpeg","_links":{"self":[{"href":"https:\/\/radiorevelacionfm.cl\/index.php?rest_route=\/wp\/v2\/posts\/4824","targetHints":{"allow":["GET"]}}],"collection":[{"href":"https:\/\/radiorevelacionfm.cl\/index.php?rest_route=\/wp\/v2\/posts"}],"about":[{"href":"https:\/\/radiorevelacionfm.cl\/index.php?rest_route=\/wp\/v2\/types\/post"}],"author":[{"embeddable":true,"href":"https:\/\/radiorevelacionfm.cl\/index.php?rest_route=\/wp\/v2\/users\/1"}],"replies":[{"embeddable":true,"href":"https:\/\/radiorevelacionfm.cl\/index.php?rest_route=%2Fwp%2Fv2%2Fcomments&post=4824"}],"version-history":[{"count":1,"href":"https:\/\/radiorevelacionfm.cl\/index.php?rest_route=\/wp\/v2\/posts\/4824\/revisions"}],"predecessor-version":[{"id":4826,"href":"https:\/\/radiorevelacionfm.cl\/index.php?rest_route=\/wp\/v2\/posts\/4824\/revisions\/4826"}],"wp:featuredmedia":[{"embeddable":true,"href":"https:\/\/radiorevelacionfm.cl\/index.php?rest_route=\/wp\/v2\/media\/4825"}],"wp:attachment":[{"href":"https:\/\/radiorevelacionfm.cl\/index.php?rest_route=%2Fwp%2Fv2%2Fmedia&parent=4824"}],"wp:term":[{"taxonomy":"category","embeddable":true,"href":"https:\/\/radiorevelacionfm.cl\/index.php?rest_route=%2Fwp%2Fv2%2Fcategories&post=4824"},{"taxonomy":"post_tag","embeddable":true,"href":"https:\/\/radiorevelacionfm.cl\/index.php?rest_route=%2Fwp%2Fv2%2Ftags&post=4824"}],"curies":[{"name":"wp","href":"https:\/\/api.w.org\/{rel}","templated":true}]}}