{"id":48239,"date":"2024-11-25T17:44:15","date_gmt":"2024-11-25T20:44:15","guid":{"rendered":"https:\/\/radiorevelacionfm.cl\/?p=48239"},"modified":"2024-11-25T17:44:15","modified_gmt":"2024-11-25T20:44:15","slug":"instituto-de-prevision-social-aysen-celebro-los-44-anos-de-la-institucion","status":"publish","type":"post","link":"https:\/\/radiorevelacionfm.cl\/?p=48239","title":{"rendered":"Instituto de Previsi\u00f3n Social Ays\u00e9n celebr\u00f3 los 44 a\u00f1os de la instituci\u00f3n"},"content":{"rendered":"<div class=\"flex_column av_one_full  flex_column_div av-zero-column-padding first  avia-builder-el-0  el_before_av_one_full  avia-builder-el-first  \" style='border-radius:0px; '><div  class='avia-image-container  av-styling-    avia-builder-el-1  avia-builder-el-no-sibling  avia-align-center '  itemprop=\"image\" itemscope=\"itemscope\" itemtype=\"https:\/\/schema.org\/ImageObject\"  ><div class='avia-image-container-inner'><div class='avia-image-overlay-wrap'><img decoding=\"async\" class='wp-image-48240 avia-img-lazy-loading-not-48240 avia_image' src=\"https:\/\/radiorevelacionfm.cl\/wp-content\/uploads\/2024\/11\/VISITA-SEREMI-A-IPS-2-2.jpeg\" alt='' title='VISITA SEREMI A IPS-2-2' height=\"600\" width=\"800\"  itemprop=\"thumbnailUrl\" srcset=\"https:\/\/radiorevelacionfm.cl\/wp-content\/uploads\/2024\/11\/VISITA-SEREMI-A-IPS-2-2.jpeg 800w, https:\/\/radiorevelacionfm.cl\/wp-content\/uploads\/2024\/11\/VISITA-SEREMI-A-IPS-2-2-300x225.jpeg 300w, https:\/\/radiorevelacionfm.cl\/wp-content\/uploads\/2024\/11\/VISITA-SEREMI-A-IPS-2-2-768x576.jpeg 768w, https:\/\/radiorevelacionfm.cl\/wp-content\/uploads\/2024\/11\/VISITA-SEREMI-A-IPS-2-2-705x529.jpeg 705w, https:\/\/radiorevelacionfm.cl\/wp-content\/uploads\/2024\/11\/VISITA-SEREMI-A-IPS-2-2-450x338.jpeg 450w, https:\/\/radiorevelacionfm.cl\/wp-content\/uploads\/2024\/11\/VISITA-SEREMI-A-IPS-2-2-600x450.jpeg 600w\" sizes=\"(max-width: 800px) 100vw, 800px\" \/><\/div><\/div><\/div><\/div><div class=\"flex_column av_one_full  flex_column_div av-zero-column-padding first  avia-builder-el-2  el_after_av_one_full  el_before_av_one_full  column-top-margin\" style='border-radius:0px; '><section class=\"av_textblock_section \"  itemscope=\"itemscope\" itemtype=\"https:\/\/schema.org\/BlogPosting\" itemprop=\"blogPost\" ><div class='avia_textblock  '   itemprop=\"text\" ><p style=\"text-align: center;\"><strong><span style=\"font-size: 18pt;\">Instituto de Previsi\u00f3n Social Ays\u00e9n celebr\u00f3 los 44 a\u00f1os de la instituci\u00f3n<\/span><\/strong><\/p>\n<div id=\"gtx-trans\" style=\"position: absolute; left: -50px; top: 4.31534px;\">\n<div class=\"gtx-trans-icon\"><\/div>\n<\/div>\n<\/div><\/section><\/div><div class=\"flex_column av_one_full  flex_column_div av-zero-column-padding first  avia-builder-el-4  el_after_av_one_full  el_before_av_hr  column-top-margin\" style='border-radius:0px; '><section class=\"av_textblock_section \"  itemscope=\"itemscope\" itemtype=\"https:\/\/schema.org\/BlogPosting\" itemprop=\"blogPost\" ><div class='avia_textblock  '   itemprop=\"text\" ><p style=\"text-align: justify;\"><em>Con la visita de la seremi del Trabajo y Previsi\u00f3n Social, y actividades de camarader\u00eda, culmin\u00f3 en nuestra regi\u00f3n la semana aniversario del IPS. <\/em><\/p>\n<p style=\"text-align: justify;\">Variadas actividades de camarader\u00eda y el reconocimiento a la labor de sus funcionarias y funcionarios, fueron la t\u00f3nica de la semana de aniversario del Instituto de Previsi\u00f3n Social en la regi\u00f3n de Ays\u00e9n.<\/p>\n<p style=\"text-align: justify;\">En este contexto, Rodrigo D\u00edaz Cordaro, director regional del IPS, destac\u00f3 el compromiso de todas y todos quienes se desempe\u00f1an en el IPS, en la regi\u00f3n de Ays\u00e9n. \u201cPara m\u00ed es un honor ser parte de este equipo y celebrar estos 44 a\u00f1os de nuestra instituci\u00f3n; y quiero aprovechar esta ocasi\u00f3n para agradecer a cada una de las personas que forman parte del Instituto de Previsi\u00f3n Social en nuestra regi\u00f3n, desde Cisnes, hasta Cochrane, pasando por Puerto Ays\u00e9n, Coyhaique y Chile Chico, son tremendos profesionales con un profundo compromiso con las personas\u201d, se\u00f1al\u00f3.<\/p>\n<p style=\"text-align: justify;\">Asimismo, el directivo destac\u00f3 la gran trayectoria del otrora Instituto de Normalizaci\u00f3n Previsional, ex INP. \u201cEl IPS es una gran instituci\u00f3n, y sus a\u00f1os de vida se reflejan en la experiencia de sus funcionarias y funcionarios, muchos de ellos con m\u00e1s de 30 a\u00f1os de servicio y eso es fundamental, porque son ellas y ellos quienes hacen del IPS el servicio de excelencia que es y por eso estamos celebrando\u201d, enfatiz\u00f3 D\u00edaz Cordaro.<\/p>\n<p style=\"text-align: justify;\">Para saludar al equipo de trabajo y a su director, lleg\u00f3 hasta las dependencias del IPS, en Coyhaique, la seremi del Trabajo y Previsi\u00f3n Social, Camila Covarrubias Retamal. En la oportunidad, la autoridad regional se reuni\u00f3 con el funcionariado de la ciudad capital, as\u00ed como de Cochrane y Chile Chico, y expres\u00f3 sus felicitaciones a todos quienes d\u00eda a d\u00eda se desempe\u00f1an en la instituci\u00f3n. \u201cComo Seremi de Trabajo y Previsi\u00f3n Social, quisimos hacernos parte de esta celebraci\u00f3n y compartir con ustedes la alegr\u00eda de celebrar 44 a\u00f1os trabajando para la ciudadan\u00eda y acercando los distintos beneficios del Estado a todos los chilenos y chilenas; y particularmente en nuestro territorio. El IPS es una instituci\u00f3n con una gran historia y trayectoria, que ha puesto el trabajo de sus funcionarias y funcionarios siempre al servicio del Estado y de la ciudadan\u00eda. Y eso lo destacamos, celebramos y valoramos, ya que es una instituci\u00f3n muy valorada por la comunidad\u201d, concluy\u00f3.<\/p>\n<p style=\"text-align: justify;\">Si bien el Instituto de Previsi\u00f3n Social, IPS, se crea en el a\u00f1o 2008, con la Ley 20.255 de Reforma al Sistema Previsional, su historia data de mucho antes: del 18 de noviembre de 1980, fecha en que se public\u00f3 en el Diario Oficial la ley que dio origen al Instituto de Normalizaci\u00f3n Previsional, INP, organismo cimiento del actual IPS.<\/p>\n<\/div><\/section><\/div><div  style='height:50px' class='hr hr-invisible   avia-builder-el-6  el_after_av_one_full  el_before_av_social_share '><span class='hr-inner ' ><span class='hr-inner-style'><\/span><\/span><\/div><\/p>\n<div  class='av-social-sharing-box  avia-builder-el-7  el_after_av_hr  el_before_av_hr  '><div class='av-share-box'><h5 class='av-share-link-description av-no-toc '>Compartir esta noticia<\/h5><ul class='av-share-box-list noLightbox'><li class='av-share-link av-social-link-facebook' ><a target=\"_blank\" aria-label=\"Compartir en Facebook\" href='https:\/\/www.facebook.com\/sharer.php?u=https:\/\/radiorevelacionfm.cl\/?p=48239&#038;t=Instituto%20de%20Previsi%C3%B3n%20Social%20Ays%C3%A9n%20celebr%C3%B3%20los%2044%20a%C3%B1os%20de%20la%20instituci%C3%B3n' aria-hidden='false' data-av_icon='\ue8f3' data-av_iconfont='entypo-fontello' title='' data-avia-related-tooltip='Compartir en Facebook' rel=\"noopener\"><span class='avia_hidden_link_text'>Compartir en Facebook<\/span><\/a><\/li><li class='av-share-link av-social-link-twitter' ><a target=\"_blank\" aria-label=\"Compartir en Twitter\" href='https:\/\/twitter.com\/share?text=Instituto%20de%20Previsi%C3%B3n%20Social%20Ays%C3%A9n%20celebr%C3%B3%20los%2044%20a%C3%B1os%20de%20la%20instituci%C3%B3n&#038;url=https:\/\/radiorevelacionfm.cl\/?p=48239' aria-hidden='false' data-av_icon='\ue8f1' data-av_iconfont='entypo-fontello' title='' data-avia-related-tooltip='Compartir en Twitter' rel=\"noopener\"><span class='avia_hidden_link_text'>Compartir en Twitter<\/span><\/a><\/li><li class='av-share-link av-social-link-whatsapp' ><a target=\"_blank\" aria-label=\"Compartir en Whatsapp\" href='https:\/\/api.whatsapp.com\/send?text=https:\/\/radiorevelacionfm.cl\/?p=48239' aria-hidden='false' data-av_icon='\uf232' data-av_iconfont='entypo-fontello' title='' data-avia-related-tooltip='Compartir en Whatsapp' rel=\"noopener\"><span class='avia_hidden_link_text'>Compartir en Whatsapp<\/span><\/a><\/li><li class='av-share-link av-social-link-linkedin' ><a target=\"_blank\" aria-label=\"Compartir en LinkedIn\" href='https:\/\/linkedin.com\/shareArticle?mini=true&#038;title=Instituto%20de%20Previsi%C3%B3n%20Social%20Ays%C3%A9n%20celebr%C3%B3%20los%2044%20a%C3%B1os%20de%20la%20instituci%C3%B3n&#038;url=https:\/\/radiorevelacionfm.cl\/?p=48239' aria-hidden='false' data-av_icon='\ue8fc' data-av_iconfont='entypo-fontello' title='' data-avia-related-tooltip='Compartir en LinkedIn' rel=\"noopener\"><span class='avia_hidden_link_text'>Compartir en LinkedIn<\/span><\/a><\/li><li class='av-share-link av-social-link-mail' ><a  aria-label=\"Compartir por correo\" href='mailto:?subject=Instituto%20de%20Previsi%C3%B3n%20Social%20Ays%C3%A9n%20celebr%C3%B3%20los%2044%20a%C3%B1os%20de%20la%20instituci%C3%B3n&#038;body=https:\/\/radiorevelacionfm.cl\/?p=48239' aria-hidden='false' data-av_icon='\ue805' data-av_iconfont='entypo-fontello' title='' data-avia-related-tooltip='Compartir por correo'><span class='avia_hidden_link_text'>Compartir por correo<\/span><\/a><\/li><\/ul><\/div><\/div>\n<div  style='height:50px' class='hr hr-invisible   avia-builder-el-8  el_after_av_social_share  el_before_av_comments_list '><span class='hr-inner ' ><span class='hr-inner-style'><\/span><\/span><\/div>\n<div  class='av-buildercomment  av-blog-meta-html-info-disabled av-blog-meta-tag-disabled  '><\/div>\n","protected":false},"excerpt":{"rendered":"","protected":false},"author":1,"featured_media":48240,"comment_status":"open","ping_status":"open","sticky":false,"template":"","format":"standard","meta":{"footnotes":""},"categories":[38],"tags":[],"class_list":["post-48239","post","type-post","status-publish","format-standard","has-post-thumbnail","hentry","category-regional"],"jetpack_featured_media_url":"https:\/\/radiorevelacionfm.cl\/wp-content\/uploads\/2024\/11\/VISITA-SEREMI-A-IPS-2-2.jpeg","_links":{"self":[{"href":"https:\/\/radiorevelacionfm.cl\/index.php?rest_route=\/wp\/v2\/posts\/48239","targetHints":{"allow":["GET"]}}],"collection":[{"href":"https:\/\/radiorevelacionfm.cl\/index.php?rest_route=\/wp\/v2\/posts"}],"about":[{"href":"https:\/\/radiorevelacionfm.cl\/index.php?rest_route=\/wp\/v2\/types\/post"}],"author":[{"embeddable":true,"href":"https:\/\/radiorevelacionfm.cl\/index.php?rest_route=\/wp\/v2\/users\/1"}],"replies":[{"embeddable":true,"href":"https:\/\/radiorevelacionfm.cl\/index.php?rest_route=%2Fwp%2Fv2%2Fcomments&post=48239"}],"version-history":[{"count":1,"href":"https:\/\/radiorevelacionfm.cl\/index.php?rest_route=\/wp\/v2\/posts\/48239\/revisions"}],"predecessor-version":[{"id":48241,"href":"https:\/\/radiorevelacionfm.cl\/index.php?rest_route=\/wp\/v2\/posts\/48239\/revisions\/48241"}],"wp:featuredmedia":[{"embeddable":true,"href":"https:\/\/radiorevelacionfm.cl\/index.php?rest_route=\/wp\/v2\/media\/48240"}],"wp:attachment":[{"href":"https:\/\/radiorevelacionfm.cl\/index.php?rest_route=%2Fwp%2Fv2%2Fmedia&parent=48239"}],"wp:term":[{"taxonomy":"category","embeddable":true,"href":"https:\/\/radiorevelacionfm.cl\/index.php?rest_route=%2Fwp%2Fv2%2Fcategories&post=48239"},{"taxonomy":"post_tag","embeddable":true,"href":"https:\/\/radiorevelacionfm.cl\/index.php?rest_route=%2Fwp%2Fv2%2Ftags&post=48239"}],"curies":[{"name":"wp","href":"https:\/\/api.w.org\/{rel}","templated":true}]}}