{"id":48236,"date":"2024-11-25T14:24:43","date_gmt":"2024-11-25T17:24:43","guid":{"rendered":"https:\/\/radiorevelacionfm.cl\/?p=48236"},"modified":"2024-11-25T14:24:43","modified_gmt":"2024-11-25T17:24:43","slug":"vecinos-piden-agilizar-implementacion-de-nuevo-puente-en-sector-rio-los-palos","status":"publish","type":"post","link":"https:\/\/radiorevelacionfm.cl\/?p=48236","title":{"rendered":"Vecinos piden agilizar implementaci\u00f3n de nuevo puente en sector R\u00edo Los Palos"},"content":{"rendered":"<div class=\"flex_column av_one_full  flex_column_div av-zero-column-padding first  avia-builder-el-0  el_before_av_one_full  avia-builder-el-first  \" style='border-radius:0px; '><div  class='avia-image-container  av-styling-    avia-builder-el-1  avia-builder-el-no-sibling  avia-align-center '  itemprop=\"image\" itemscope=\"itemscope\" itemtype=\"https:\/\/schema.org\/ImageObject\"  ><div class='avia-image-container-inner'><div class='avia-image-overlay-wrap'><img decoding=\"async\" class='wp-image-48237 avia-img-lazy-loading-not-48237 avia_image' src=\"https:\/\/radiorevelacionfm.cl\/wp-content\/uploads\/2024\/11\/calisto-foto-rIo-los-palos-2_optimized.jpeg\" alt='' title='calisto-foto-r\u00cdo-los-palos-2_optimized' height=\"600\" width=\"1067\"  itemprop=\"thumbnailUrl\" srcset=\"https:\/\/radiorevelacionfm.cl\/wp-content\/uploads\/2024\/11\/calisto-foto-rIo-los-palos-2_optimized.jpeg 1067w, https:\/\/radiorevelacionfm.cl\/wp-content\/uploads\/2024\/11\/calisto-foto-rIo-los-palos-2_optimized-300x169.jpeg 300w, https:\/\/radiorevelacionfm.cl\/wp-content\/uploads\/2024\/11\/calisto-foto-rIo-los-palos-2_optimized-1030x579.jpeg 1030w, https:\/\/radiorevelacionfm.cl\/wp-content\/uploads\/2024\/11\/calisto-foto-rIo-los-palos-2_optimized-768x432.jpeg 768w, https:\/\/radiorevelacionfm.cl\/wp-content\/uploads\/2024\/11\/calisto-foto-rIo-los-palos-2_optimized-705x396.jpeg 705w, https:\/\/radiorevelacionfm.cl\/wp-content\/uploads\/2024\/11\/calisto-foto-rIo-los-palos-2_optimized-450x253.jpeg 450w, https:\/\/radiorevelacionfm.cl\/wp-content\/uploads\/2024\/11\/calisto-foto-rIo-los-palos-2_optimized-600x337.jpeg 600w\" sizes=\"(max-width: 1067px) 100vw, 1067px\" \/><\/div><\/div><\/div><\/div><div class=\"flex_column av_one_full  flex_column_div av-zero-column-padding first  avia-builder-el-2  el_after_av_one_full  el_before_av_one_full  column-top-margin\" style='border-radius:0px; '><section class=\"av_textblock_section \"  itemscope=\"itemscope\" itemtype=\"https:\/\/schema.org\/BlogPosting\" itemprop=\"blogPost\" ><div class='avia_textblock  '   itemprop=\"text\" ><p style=\"text-align: center;\"><strong><span style=\"font-size: 18pt;\">Vecinos piden agilizar implementaci\u00f3n de nuevo puente en sector R\u00edo Los Palos<\/span><\/strong><\/p>\n<div id=\"gtx-trans\" style=\"position: absolute; left: -50px; top: 4.31534px;\">\n<div class=\"gtx-trans-icon\"><\/div>\n<\/div>\n<\/div><\/section><\/div><div class=\"flex_column av_one_full  flex_column_div av-zero-column-padding first  avia-builder-el-4  el_after_av_one_full  el_before_av_hr  column-top-margin\" style='border-radius:0px; '><section class=\"av_textblock_section \"  itemscope=\"itemscope\" itemtype=\"https:\/\/schema.org\/BlogPosting\" itemprop=\"blogPost\" ><div class='avia_textblock  '   itemprop=\"text\" ><p style=\"text-align: justify;\">El diputado miguel \u00c1ngel Calisto y vecinos del sector de R\u00edo Los Palos de Puerto Ays\u00e9n se reunieron con el Director de Vialidad, Renzo Sanders, con quien conversaron sobre la urgente necesidad de contar con un nuevo puente en el sector debido al mal estado en que se encuentra la hist\u00f3rico pasarela que le da conectividad a los habitantes.<\/p>\n<p style=\"text-align: justify;\">Seg\u00fan el diputado Calisto, \u201choy d\u00eda el puente que existe, que es hist\u00f3rico, que es patrimonio, est\u00e1 en malas condiciones, ya no tiene vida \u00fatil. Lo que todos los vecinos quieren es que esta pasarela se mantenga en el tiempo por el valor hist\u00f3rico, pero se necesita urgente un nuevo puente que d\u00e9 conectividad y estamos buscando alternativas a trav\u00e9s de los puentes mecanos\u201d.<\/p>\n<p style=\"text-align: justify;\">\u201cSe nos ha dicho por parte de vialidad que se est\u00e1n haciendo sondajes, vamos a tener informaci\u00f3n de ingenier\u00eda de sondaje la primera quincena de diciembre y luego de eso vamos a hacer una reuni\u00f3n junto a los dirigentes, con todos los vecinos del sector de R\u00edo Los Palos para tener ya una informaci\u00f3n mucho m\u00e1s concreta con plazos, con objetivos claros respecto de qu\u00e9 es lo que se va a hacer en el sector\u201d, asegur\u00f3 el legislador.<\/p>\n<p style=\"text-align: justify;\">Calisto asegur\u00f3 que \u201chay tres alternativas que se han proyectado, pero evidentemente nosotros no nos queremos adelantar, queremos que sea la propia direcci\u00f3n de vialidad del MOP quienes planteen estas alternativas y por supuesto que le den seguridad y conectividad a los vecinos del sector de R\u00edo Los Palos\u201d.<\/p>\n<p style=\"text-align: justify;\">\u201cLa buena noticia es que ya hay tres kil\u00f3metros de pavimento en el sector y se est\u00e1n haciendo tres kil\u00f3metros m\u00e1s que deber\u00edan estar listos durante el a\u00f1o 2025. As\u00ed que dentro de lo malo, esto es lo positivo, porque tambi\u00e9n se ha ido avanzando gracias a la presi\u00f3n, al trabajo principalmente de los dirigentes que han levantado este tema durante tanto tiempo\u201d.<\/p>\n<p style=\"text-align: justify;\">Por su parte, Susana Silva, dirigenta vecinal del sector de R\u00edo los Palos, asegur\u00f3 que \u201cfuimos invitados a reunirnos con el director regional de Vialidad, junto a nuestro diputado Calisto, para ver el tema del nuevo puente, como comunidad lo venimos pidiendo desde el a\u00f1o 2008. Llevamos 16 a\u00f1os esperando el dise\u00f1o de un puente, a lo cual hemos sido invitados para transparentar c\u00f3mo va avanzando esto y poder comunicarlo a nuestra asamblea\u201d.<\/p>\n<p style=\"text-align: justify;\">Finalmente, la dirigenta asegur\u00f3 que \u201ccontamos con una pasarela peatonal, la cual queremos preservarla como un \u00edcono tur\u00edstico, pero a su vez, tenemos derecho al desarrollo, el cual todos queremos en la regi\u00f3n. Hay noticias que dar, que no nos corresponde en estos momentos informar, vamos a llamar a una asamblea junto con el diputado, despu\u00e9s de obtener unos resultados que hemos solicitado en esta reuni\u00f3n, para transparentar el avance de este futuro puente para R\u00edo de los Palos\u201d.<\/p>\n<\/div><\/section><\/div><div  style='height:50px' class='hr hr-invisible   avia-builder-el-6  el_after_av_one_full  el_before_av_social_share '><span class='hr-inner ' ><span class='hr-inner-style'><\/span><\/span><\/div><\/p>\n<div  class='av-social-sharing-box  avia-builder-el-7  el_after_av_hr  el_before_av_hr  '><div class='av-share-box'><h5 class='av-share-link-description av-no-toc '>Compartir esta noticia<\/h5><ul class='av-share-box-list noLightbox'><li class='av-share-link av-social-link-facebook' ><a target=\"_blank\" aria-label=\"Compartir en Facebook\" href='https:\/\/www.facebook.com\/sharer.php?u=https:\/\/radiorevelacionfm.cl\/?p=48236&#038;t=Vecinos%20piden%20agilizar%20implementaci%C3%B3n%20de%20nuevo%20puente%20en%20sector%20R%C3%ADo%20Los%20Palos' aria-hidden='false' data-av_icon='\ue8f3' data-av_iconfont='entypo-fontello' title='' data-avia-related-tooltip='Compartir en Facebook' rel=\"noopener\"><span class='avia_hidden_link_text'>Compartir en Facebook<\/span><\/a><\/li><li class='av-share-link av-social-link-twitter' ><a target=\"_blank\" aria-label=\"Compartir en Twitter\" href='https:\/\/twitter.com\/share?text=Vecinos%20piden%20agilizar%20implementaci%C3%B3n%20de%20nuevo%20puente%20en%20sector%20R%C3%ADo%20Los%20Palos&#038;url=https:\/\/radiorevelacionfm.cl\/?p=48236' aria-hidden='false' data-av_icon='\ue8f1' data-av_iconfont='entypo-fontello' title='' data-avia-related-tooltip='Compartir en Twitter' rel=\"noopener\"><span class='avia_hidden_link_text'>Compartir en Twitter<\/span><\/a><\/li><li class='av-share-link av-social-link-whatsapp' ><a target=\"_blank\" aria-label=\"Compartir en Whatsapp\" href='https:\/\/api.whatsapp.com\/send?text=https:\/\/radiorevelacionfm.cl\/?p=48236' aria-hidden='false' data-av_icon='\uf232' data-av_iconfont='entypo-fontello' title='' data-avia-related-tooltip='Compartir en Whatsapp' rel=\"noopener\"><span class='avia_hidden_link_text'>Compartir en Whatsapp<\/span><\/a><\/li><li class='av-share-link av-social-link-linkedin' ><a target=\"_blank\" aria-label=\"Compartir en LinkedIn\" href='https:\/\/linkedin.com\/shareArticle?mini=true&#038;title=Vecinos%20piden%20agilizar%20implementaci%C3%B3n%20de%20nuevo%20puente%20en%20sector%20R%C3%ADo%20Los%20Palos&#038;url=https:\/\/radiorevelacionfm.cl\/?p=48236' aria-hidden='false' data-av_icon='\ue8fc' data-av_iconfont='entypo-fontello' title='' data-avia-related-tooltip='Compartir en LinkedIn' rel=\"noopener\"><span class='avia_hidden_link_text'>Compartir en LinkedIn<\/span><\/a><\/li><li class='av-share-link av-social-link-mail' ><a  aria-label=\"Compartir por correo\" href='mailto:?subject=Vecinos%20piden%20agilizar%20implementaci%C3%B3n%20de%20nuevo%20puente%20en%20sector%20R%C3%ADo%20Los%20Palos&#038;body=https:\/\/radiorevelacionfm.cl\/?p=48236' aria-hidden='false' data-av_icon='\ue805' data-av_iconfont='entypo-fontello' title='' data-avia-related-tooltip='Compartir por correo'><span class='avia_hidden_link_text'>Compartir por correo<\/span><\/a><\/li><\/ul><\/div><\/div>\n<div  style='height:50px' class='hr hr-invisible   avia-builder-el-8  el_after_av_social_share  el_before_av_comments_list '><span class='hr-inner ' ><span class='hr-inner-style'><\/span><\/span><\/div>\n<div  class='av-buildercomment  av-blog-meta-html-info-disabled av-blog-meta-tag-disabled  '><\/div>\n","protected":false},"excerpt":{"rendered":"","protected":false},"author":1,"featured_media":48237,"comment_status":"open","ping_status":"open","sticky":false,"template":"","format":"standard","meta":{"footnotes":""},"categories":[38],"tags":[],"class_list":["post-48236","post","type-post","status-publish","format-standard","has-post-thumbnail","hentry","category-regional"],"jetpack_featured_media_url":"https:\/\/radiorevelacionfm.cl\/wp-content\/uploads\/2024\/11\/calisto-foto-rIo-los-palos-2_optimized.jpeg","_links":{"self":[{"href":"https:\/\/radiorevelacionfm.cl\/index.php?rest_route=\/wp\/v2\/posts\/48236","targetHints":{"allow":["GET"]}}],"collection":[{"href":"https:\/\/radiorevelacionfm.cl\/index.php?rest_route=\/wp\/v2\/posts"}],"about":[{"href":"https:\/\/radiorevelacionfm.cl\/index.php?rest_route=\/wp\/v2\/types\/post"}],"author":[{"embeddable":true,"href":"https:\/\/radiorevelacionfm.cl\/index.php?rest_route=\/wp\/v2\/users\/1"}],"replies":[{"embeddable":true,"href":"https:\/\/radiorevelacionfm.cl\/index.php?rest_route=%2Fwp%2Fv2%2Fcomments&post=48236"}],"version-history":[{"count":1,"href":"https:\/\/radiorevelacionfm.cl\/index.php?rest_route=\/wp\/v2\/posts\/48236\/revisions"}],"predecessor-version":[{"id":48238,"href":"https:\/\/radiorevelacionfm.cl\/index.php?rest_route=\/wp\/v2\/posts\/48236\/revisions\/48238"}],"wp:featuredmedia":[{"embeddable":true,"href":"https:\/\/radiorevelacionfm.cl\/index.php?rest_route=\/wp\/v2\/media\/48237"}],"wp:attachment":[{"href":"https:\/\/radiorevelacionfm.cl\/index.php?rest_route=%2Fwp%2Fv2%2Fmedia&parent=48236"}],"wp:term":[{"taxonomy":"category","embeddable":true,"href":"https:\/\/radiorevelacionfm.cl\/index.php?rest_route=%2Fwp%2Fv2%2Fcategories&post=48236"},{"taxonomy":"post_tag","embeddable":true,"href":"https:\/\/radiorevelacionfm.cl\/index.php?rest_route=%2Fwp%2Fv2%2Ftags&post=48236"}],"curies":[{"name":"wp","href":"https:\/\/api.w.org\/{rel}","templated":true}]}}