{"id":48233,"date":"2024-11-25T12:13:22","date_gmt":"2024-11-25T15:13:22","guid":{"rendered":"https:\/\/radiorevelacionfm.cl\/?p=48233"},"modified":"2024-11-25T12:13:22","modified_gmt":"2024-11-25T15:13:22","slug":"seminario-fomenta-el-dialogo-entre-ciencia-y-comunidad-local-para-la-valorizacion-de-la-reserva-de-biosfera-laguna-san-rafael","status":"publish","type":"post","link":"https:\/\/radiorevelacionfm.cl\/?p=48233","title":{"rendered":"Seminario fomenta el di\u00e1logo entre ciencia y comunidad local para la Valorizaci\u00f3n de la Reserva de Biosfera Laguna San Rafael"},"content":{"rendered":"<div class=\"flex_column av_one_full  flex_column_div av-zero-column-padding first  avia-builder-el-0  el_before_av_one_full  avia-builder-el-first  \" style='border-radius:0px; '><div  class='avia-image-container  av-styling-    avia-builder-el-1  avia-builder-el-no-sibling  avia-align-center '  itemprop=\"image\" itemscope=\"itemscope\" itemtype=\"https:\/\/schema.org\/ImageObject\"  ><div class='avia-image-container-inner'><div class='avia-image-overlay-wrap'><img decoding=\"async\" class='wp-image-48234 avia-img-lazy-loading-not-48234 avia_image' src=\"https:\/\/radiorevelacionfm.cl\/wp-content\/uploads\/2024\/11\/cierre-seminario-rdb-2_optimized.jpg\" alt='' title='cierre-seminario-rdb-2_optimized' height=\"630\" width=\"803\"  itemprop=\"thumbnailUrl\" srcset=\"https:\/\/radiorevelacionfm.cl\/wp-content\/uploads\/2024\/11\/cierre-seminario-rdb-2_optimized.jpg 803w, https:\/\/radiorevelacionfm.cl\/wp-content\/uploads\/2024\/11\/cierre-seminario-rdb-2_optimized-300x235.jpg 300w, https:\/\/radiorevelacionfm.cl\/wp-content\/uploads\/2024\/11\/cierre-seminario-rdb-2_optimized-768x603.jpg 768w, https:\/\/radiorevelacionfm.cl\/wp-content\/uploads\/2024\/11\/cierre-seminario-rdb-2_optimized-705x553.jpg 705w, https:\/\/radiorevelacionfm.cl\/wp-content\/uploads\/2024\/11\/cierre-seminario-rdb-2_optimized-450x353.jpg 450w, https:\/\/radiorevelacionfm.cl\/wp-content\/uploads\/2024\/11\/cierre-seminario-rdb-2_optimized-600x471.jpg 600w\" sizes=\"(max-width: 803px) 100vw, 803px\" \/><\/div><\/div><\/div><\/div><div class=\"flex_column av_one_full  flex_column_div av-zero-column-padding first  avia-builder-el-2  el_after_av_one_full  el_before_av_one_full  column-top-margin\" style='border-radius:0px; '><section class=\"av_textblock_section \"  itemscope=\"itemscope\" itemtype=\"https:\/\/schema.org\/BlogPosting\" itemprop=\"blogPost\" ><div class='avia_textblock  '   itemprop=\"text\" ><p style=\"text-align: center;\"><strong><span style=\"font-size: 18pt;\">Seminario fomenta el di\u00e1logo entre ciencia y comunidad local para la Valorizaci\u00f3n de la Reserva de Biosfera Laguna San Rafael\u00a0<\/span><\/strong><\/p>\n<div id=\"gtx-trans\" style=\"position: absolute; left: -50px; top: 4.31534px;\">\n<div class=\"gtx-trans-icon\"><\/div>\n<\/div>\n<\/div><\/section><\/div><div class=\"flex_column av_one_full  flex_column_div av-zero-column-padding first  avia-builder-el-4  el_after_av_one_full  el_before_av_hr  column-top-margin\" style='border-radius:0px; '><section class=\"av_textblock_section \"  itemscope=\"itemscope\" itemtype=\"https:\/\/schema.org\/BlogPosting\" itemprop=\"blogPost\" ><div class='avia_textblock  '   itemprop=\"text\" ><p style=\"text-align: justify;\"><em>En el marco del II Seminario y Encuentro Cient\u00edfico Cultural realizado en la comuna, cient\u00edficos, y comunidades locales se reunieron para generar estrategias conjuntas que promuevan la conservaci\u00f3n y valorizaci\u00f3n de la Reserva de Biosfera Laguna San Rafael y el Guayaneco.\u00a0<\/em><\/p>\n<p style=\"text-align: justify;\">Generar una instancia de di\u00e1logo y reflexi\u00f3n en torno a la valorizaci\u00f3n de la reserva de biosfera de la regi\u00f3n de Ays\u00e9n fue el principal objetivo del II Seminario y Encuentro Cient\u00edfico Cultural para la puesta en valor de la Reserva de Biosfera Laguna San Rafael y El Guayaneco realizado entre los d\u00edas 14 y 16 de noviembre en la comuna de Cochrane, destacando la importancia de la reserva y las diversas actividades que buscan promover su conservaci\u00f3n y valorizaci\u00f3n.<\/p>\n<p style=\"text-align: justify;\">El seminario, cont\u00f3 con la presentaci\u00f3n de las actividades ejecutadas en el marco del proyecto FIC \u00abEstudio de la resiliencia, sustentabilidad y valorizaci\u00f3n de la Reserva de la Biosfera Laguna San Rafael y El Guayaneco\u00bb, ejecutado por el Centro de Investigaci\u00f3n en Ecosistemas de la Patagonia (CIEP) en colaboraci\u00f3n en colaboraci\u00f3n con diversas instituciones asociadas como la Estaci\u00f3n Patagonia UC; Corporaci\u00f3n Chelenko, Universidad Grenoble Alpes, Corporaci\u00f3n de Desarrollo de Ays\u00e9n (Codesa), Corporaci\u00f3n Los Glaciares y CONAF Ays\u00e9n y ejecutada gracias financiamiento del Fondo de Innovaci\u00f3n para la Competitividad (FIC) del Gobierno Regional de Ays\u00e9n, quienes estuvieron presentes en la instancia, a trav\u00e9s de la profesional encargada del proyecto Zolka Moreno, quien valor\u00f3 la posibilidad de realizar este encuentro en el territorio de la reserva.<\/p>\n<p style=\"text-align: justify;\">En la ocasi\u00f3n, el Director de Proyecto e investigador residente de CIEP, Fabien Bourl\u00f3n destac\u00f3 la posibilidad de generar un espacio de encuentro en torno a la reserva de biosfera.\u00a0\u00abEl objetivo de este encuentro era poder juntar a personas que est\u00e1n haciendo cosas en la reserva de biosfera y no solamente abordar temas cient\u00edficos o t\u00e9cnicos, poder mostrar iniciativas que lleva la propia comunidad desde hace muchos a\u00f1os. Entonces creo que logramos mostrar que hay distintas escalas de mirada, la escala un poco m\u00e1s global, que es una reserva de biosfera, escalas locales, donde en cada localidad hay iniciativas que son destacables y todos estos elementos confluyen para darnos un panorama bastante alentador lo que se est\u00e1 haciendo\u00bb, indic\u00f3 el investigador.<\/p>\n<p style=\"text-align: justify;\">Desde el \u00e1mbito cient\u00edfico, el director de la Estaci\u00f3n Patagonia UC, Alejandro Salazar y director cient\u00edfico del proyecto FIC, dio a conocer los temas emergentes de la reserva, identificando \u00e1reas clave para profundizar en el estudio de la biodiversidad, la resiliencia ecol\u00f3gica y las pr\u00e1cticas sostenibles en la reserva de biosfera, entre los que destacan los refugios clim\u00e1ticos, la subdivisi\u00f3n del suelo rural y las actividades extractivas al interior de la reserva, entre otras.<\/p>\n<p style=\"text-align: justify;\">El seminario tambi\u00e9n puso de relieve los desaf\u00edos que enfrenta la reserva en torno a la conformaci\u00f3n de su comit\u00e9 de gesti\u00f3n, que busca integrar a todos los actores del territorio en la toma de decisiones sobre la conservaci\u00f3n y el uso de los recursos naturales de la reserva. El encuentro cont\u00f3 adem\u00e1s con la participaci\u00f3n del Punto Focal del programa MAB Unesco en Chile (Conaf), Ricardo Quilaqueo, quien destac\u00f3 la posibilidad de generar encuentros que permitan promover el desarrollo local en los territorios que incluye una reserva de biosfera. \u00abEl inter\u00e9s que tenemos de propiciar estos encuentros para que los vecinos, las comunidades locales y aleda\u00f1as puedan conversar en relaci\u00f3n a los problemas que tienen en el contacto del d\u00eda a d\u00eda con las \u00e1reas protegidas. No olvidemos que hay usos hist\u00f3ricos por parte de las comunidades dentro de las \u00e1reas protegidas y una de las razones por las cuales se crea este modelo de reserva de bi\u00f3sfera es justamente abordar de una manera bastante hol\u00edstica la resoluci\u00f3n de estos conflictos de manera tal de que el \u00e1rea protegida se convierta en un motor para el mejoramiento del desarrollo local y no ser una isla de conservaci\u00f3n que no brinda oportunidades para su entorno\u00bb, se\u00f1al\u00f3 el representante de Conaf.<\/p>\n<p style=\"text-align: justify;\">Por otra parte, durante el encuentro se present\u00f3 la\u00a0Gu\u00eda de Valorizaci\u00f3n de la Reserva de Biosfera Lagun San Rafael y El Guayaneco, material de divulgaci\u00f3n orientado a dar a conocer la existencia de la reserva, sus zonas, \u00e1reas, delimitaci\u00f3n territorial, as\u00ed como tambi\u00e9n, la biodiversidad y patrimonio de \u00e9sta, con el objetivo de poner en valor este territorio.<\/p>\n<p style=\"text-align: justify;\"><strong>Iniciativas destacadas en la Reserva de Biosfera<\/strong><\/p>\n<p style=\"text-align: justify;\">El seminario resalt\u00f3 iniciativas clave que se desarrollan en la Reserva de Biosfera Laguna San Rafael y el Guayaneco. Entre ellas, destac\u00f3 el proyecto \u00abTurismo Cero Impacto: Valor agregado y adaptaci\u00f3n clim\u00e1tica con cocina local y gesti\u00f3n de residuos\u00bb de la Corporaci\u00f3n Chelenko. Tambi\u00e9n se present\u00f3 el trabajo de Fundaci\u00f3n Bio Red, enfocado en la conservaci\u00f3n biocultural de la Patagonia, y la limpieza de playas en Laguna San Rafael, una acci\u00f3n colaborativa realizada en la zona n\u00facleo de la reserva.<\/p>\n<p style=\"text-align: justify;\">El seminario cont\u00f3 con la participaci\u00f3n de una delegaci\u00f3n de actores y actoras de Tortel, Puerto Ays\u00e9n, Murta, Puerto Bertrand, Puerto Tranquilo y de la propia comunidad de Cochrane que est\u00e1n trabajando activamente en el territorio desarrollando actividades que buscan poner en valor este importante ecosistema y fortalecer su preservaci\u00f3n para las futuras generaciones. En la ocasi\u00f3n, Felipe Ram\u00edrez de la Corporaci\u00f3n de Turismo de la Patagonia agradeci\u00f3 la posibilidad de conocer las acciones que se est\u00e1n desarrollando en la reserva de biosfera.\u00a0\u00abQuiero agradecer al CIEP por la oportunidad que nos da a los territorios subnacionales como este, en una regi\u00f3n que tan necesariamente necesita discutir, debatir, ponerse de acuerdo, en torno a cuestiones tan importantes como es la gesti\u00f3n de las reservas de la biosfera. Creo que nosotros, los actores locales, aquellas personas que tenemos alg\u00fan nivel de compromiso con el desarrollo sustentable en nuestra regi\u00f3n, es una oportunidad maravillosa para poder compartir con otros actores\u00bb, indic\u00f3 el representante de Puerto Ays\u00e9n.<\/p>\n<p style=\"text-align: justify;\">El evento culmin\u00f3 con la entrega de la Gu\u00eda de Valorizaci\u00f3n a la Asociaci\u00f3n de Gu\u00edas de la Patagonia (AGAP) y la Agrupaci\u00f3n de Gu\u00edas de Cochrane, quienes podr\u00e1n emplearla en su labor educativa y tur\u00edstica. Asimismo, se llev\u00f3 a cabo una feria de eco-actores, donde se exhibieron productos y servicios sostenibles, adem\u00e1s de actividades con estudiantes de la Escuela B\u00e1sica de Cochrane y el Liceo Austral Lord Cochrane, orientadas a destacar la relevancia de la reserva.<\/p>\n<\/div><\/section><\/div><div  style='height:50px' class='hr hr-invisible   avia-builder-el-6  el_after_av_one_full  el_before_av_social_share '><span class='hr-inner ' ><span class='hr-inner-style'><\/span><\/span><\/div><\/p>\n<div  class='av-social-sharing-box  avia-builder-el-7  el_after_av_hr  el_before_av_hr  '><div class='av-share-box'><h5 class='av-share-link-description av-no-toc '>Compartir esta noticia<\/h5><ul class='av-share-box-list noLightbox'><li class='av-share-link av-social-link-facebook' ><a target=\"_blank\" aria-label=\"Compartir en Facebook\" href='https:\/\/www.facebook.com\/sharer.php?u=https:\/\/radiorevelacionfm.cl\/?p=48233&#038;t=Seminario%20fomenta%20el%20di%C3%A1logo%20entre%20ciencia%20y%20comunidad%20local%20para%20la%20Valorizaci%C3%B3n%20de%20la%20Reserva%20de%20Biosfera%20Laguna%20San%20Rafael' aria-hidden='false' data-av_icon='\ue8f3' data-av_iconfont='entypo-fontello' title='' data-avia-related-tooltip='Compartir en Facebook' rel=\"noopener\"><span class='avia_hidden_link_text'>Compartir en Facebook<\/span><\/a><\/li><li class='av-share-link av-social-link-twitter' ><a target=\"_blank\" aria-label=\"Compartir en Twitter\" href='https:\/\/twitter.com\/share?text=Seminario%20fomenta%20el%20di%C3%A1logo%20entre%20ciencia%20y%20comunidad%20local%20para%20la%20Valorizaci%C3%B3n%20de%20la%20Reserva%20de%20Biosfera%20Laguna%20San%20Rafael&#038;url=https:\/\/radiorevelacionfm.cl\/?p=48233' aria-hidden='false' data-av_icon='\ue8f1' data-av_iconfont='entypo-fontello' title='' data-avia-related-tooltip='Compartir en Twitter' rel=\"noopener\"><span class='avia_hidden_link_text'>Compartir en Twitter<\/span><\/a><\/li><li class='av-share-link av-social-link-whatsapp' ><a target=\"_blank\" aria-label=\"Compartir en Whatsapp\" href='https:\/\/api.whatsapp.com\/send?text=https:\/\/radiorevelacionfm.cl\/?p=48233' aria-hidden='false' data-av_icon='\uf232' data-av_iconfont='entypo-fontello' title='' data-avia-related-tooltip='Compartir en Whatsapp' rel=\"noopener\"><span class='avia_hidden_link_text'>Compartir en Whatsapp<\/span><\/a><\/li><li class='av-share-link av-social-link-linkedin' ><a target=\"_blank\" aria-label=\"Compartir en LinkedIn\" href='https:\/\/linkedin.com\/shareArticle?mini=true&#038;title=Seminario%20fomenta%20el%20di%C3%A1logo%20entre%20ciencia%20y%20comunidad%20local%20para%20la%20Valorizaci%C3%B3n%20de%20la%20Reserva%20de%20Biosfera%20Laguna%20San%20Rafael&#038;url=https:\/\/radiorevelacionfm.cl\/?p=48233' aria-hidden='false' data-av_icon='\ue8fc' data-av_iconfont='entypo-fontello' title='' data-avia-related-tooltip='Compartir en LinkedIn' rel=\"noopener\"><span class='avia_hidden_link_text'>Compartir en LinkedIn<\/span><\/a><\/li><li class='av-share-link av-social-link-mail' ><a  aria-label=\"Compartir por correo\" href='mailto:?subject=Seminario%20fomenta%20el%20di%C3%A1logo%20entre%20ciencia%20y%20comunidad%20local%20para%20la%20Valorizaci%C3%B3n%20de%20la%20Reserva%20de%20Biosfera%20Laguna%20San%20Rafael&#038;body=https:\/\/radiorevelacionfm.cl\/?p=48233' aria-hidden='false' data-av_icon='\ue805' data-av_iconfont='entypo-fontello' title='' data-avia-related-tooltip='Compartir por correo'><span class='avia_hidden_link_text'>Compartir por correo<\/span><\/a><\/li><\/ul><\/div><\/div>\n<div  style='height:50px' class='hr hr-invisible   avia-builder-el-8  el_after_av_social_share  el_before_av_comments_list '><span class='hr-inner ' ><span class='hr-inner-style'><\/span><\/span><\/div>\n<div  class='av-buildercomment  av-blog-meta-html-info-disabled av-blog-meta-tag-disabled  '><\/div>\n","protected":false},"excerpt":{"rendered":"","protected":false},"author":1,"featured_media":48234,"comment_status":"open","ping_status":"open","sticky":false,"template":"","format":"standard","meta":{"footnotes":""},"categories":[38],"tags":[],"class_list":["post-48233","post","type-post","status-publish","format-standard","has-post-thumbnail","hentry","category-regional"],"jetpack_featured_media_url":"https:\/\/radiorevelacionfm.cl\/wp-content\/uploads\/2024\/11\/cierre-seminario-rdb-2_optimized.jpg","_links":{"self":[{"href":"https:\/\/radiorevelacionfm.cl\/index.php?rest_route=\/wp\/v2\/posts\/48233","targetHints":{"allow":["GET"]}}],"collection":[{"href":"https:\/\/radiorevelacionfm.cl\/index.php?rest_route=\/wp\/v2\/posts"}],"about":[{"href":"https:\/\/radiorevelacionfm.cl\/index.php?rest_route=\/wp\/v2\/types\/post"}],"author":[{"embeddable":true,"href":"https:\/\/radiorevelacionfm.cl\/index.php?rest_route=\/wp\/v2\/users\/1"}],"replies":[{"embeddable":true,"href":"https:\/\/radiorevelacionfm.cl\/index.php?rest_route=%2Fwp%2Fv2%2Fcomments&post=48233"}],"version-history":[{"count":1,"href":"https:\/\/radiorevelacionfm.cl\/index.php?rest_route=\/wp\/v2\/posts\/48233\/revisions"}],"predecessor-version":[{"id":48235,"href":"https:\/\/radiorevelacionfm.cl\/index.php?rest_route=\/wp\/v2\/posts\/48233\/revisions\/48235"}],"wp:featuredmedia":[{"embeddable":true,"href":"https:\/\/radiorevelacionfm.cl\/index.php?rest_route=\/wp\/v2\/media\/48234"}],"wp:attachment":[{"href":"https:\/\/radiorevelacionfm.cl\/index.php?rest_route=%2Fwp%2Fv2%2Fmedia&parent=48233"}],"wp:term":[{"taxonomy":"category","embeddable":true,"href":"https:\/\/radiorevelacionfm.cl\/index.php?rest_route=%2Fwp%2Fv2%2Fcategories&post=48233"},{"taxonomy":"post_tag","embeddable":true,"href":"https:\/\/radiorevelacionfm.cl\/index.php?rest_route=%2Fwp%2Fv2%2Ftags&post=48233"}],"curies":[{"name":"wp","href":"https:\/\/api.w.org\/{rel}","templated":true}]}}