{"id":48226,"date":"2024-11-25T09:59:15","date_gmt":"2024-11-25T12:59:15","guid":{"rendered":"https:\/\/radiorevelacionfm.cl\/?p=48226"},"modified":"2024-11-25T10:15:07","modified_gmt":"2024-11-25T13:15:07","slug":"sernatur-proyecta-aumento-de-turistas-para-la-proxima-temporada-alta-en-la-region-de-aysen","status":"publish","type":"post","link":"https:\/\/radiorevelacionfm.cl\/?p=48226","title":{"rendered":"Sernatur proyecta aumento de turistas para la pr\u00f3xima temporada alta en la regi\u00f3n de Ays\u00e9n"},"content":{"rendered":"<div class=\"flex_column av_one_full  flex_column_div av-zero-column-padding first  avia-builder-el-0  el_before_av_one_full  avia-builder-el-first  \" style='border-radius:0px; '><div  class='avia-image-container  av-styling-    avia-builder-el-1  avia-builder-el-no-sibling  avia-align-center '  itemprop=\"image\" itemscope=\"itemscope\" itemtype=\"https:\/\/schema.org\/ImageObject\"  ><div class='avia-image-container-inner'><div class='avia-image-overlay-wrap'><img decoding=\"async\" class='wp-image-48227 avia-img-lazy-loading-not-48227 avia_image' src=\"https:\/\/radiorevelacionfm.cl\/wp-content\/uploads\/2024\/11\/FIT-Buenos-Aires-2-2.jpg\" alt='' title='FIT Buenos Aires-2-2' height=\"600\" width=\"899\"  itemprop=\"thumbnailUrl\" srcset=\"https:\/\/radiorevelacionfm.cl\/wp-content\/uploads\/2024\/11\/FIT-Buenos-Aires-2-2.jpg 899w, https:\/\/radiorevelacionfm.cl\/wp-content\/uploads\/2024\/11\/FIT-Buenos-Aires-2-2-300x200.jpg 300w, https:\/\/radiorevelacionfm.cl\/wp-content\/uploads\/2024\/11\/FIT-Buenos-Aires-2-2-768x513.jpg 768w, https:\/\/radiorevelacionfm.cl\/wp-content\/uploads\/2024\/11\/FIT-Buenos-Aires-2-2-705x471.jpg 705w, https:\/\/radiorevelacionfm.cl\/wp-content\/uploads\/2024\/11\/FIT-Buenos-Aires-2-2-450x300.jpg 450w, https:\/\/radiorevelacionfm.cl\/wp-content\/uploads\/2024\/11\/FIT-Buenos-Aires-2-2-600x400.jpg 600w\" sizes=\"(max-width: 899px) 100vw, 899px\" \/><\/div><\/div><\/div><\/div>\n<div class=\"flex_column av_one_full  flex_column_div av-zero-column-padding first  avia-builder-el-2  el_after_av_one_full  el_before_av_one_full  column-top-margin\" style='border-radius:0px; '><section class=\"av_textblock_section \"  itemscope=\"itemscope\" itemtype=\"https:\/\/schema.org\/BlogPosting\" itemprop=\"blogPost\" ><div class='avia_textblock  '   itemprop=\"text\" ><p style=\"text-align: center;\"><strong><span style=\"font-size: 18pt;\">Sernatur proyecta aumento de turistas para la pr\u00f3xima temporada alta en la regi\u00f3n de Ays\u00e9n<\/span><\/strong><\/p>\n<div id=\"gtx-trans\" style=\"position: absolute; left: -50px; top: 4.31534px;\">\n<div class=\"gtx-trans-icon\"><\/div>\n<\/div>\n<\/div><\/section><\/div>\n<div class=\"flex_column av_one_full  flex_column_div av-zero-column-padding first  avia-builder-el-4  el_after_av_one_full  el_before_av_hr  column-top-margin\" style='border-radius:0px; '><section class=\"av_textblock_section \"  itemscope=\"itemscope\" itemtype=\"https:\/\/schema.org\/BlogPosting\" itemprop=\"blogPost\" ><div class='avia_textblock  '   itemprop=\"text\" ><p style=\"text-align: justify;\"><em>La estimaci\u00f3n responde al aumento de turistas en estos \u00faltimos meses y al resultado de las acciones de promoci\u00f3n realizadas durante el a\u00f1o por Sernatur Ays\u00e9n en colaboraci\u00f3n con el sector privado y bajo el Programa FNDR Gesti\u00f3n del Destino Ays\u00e9n Patagonia.<\/em><\/p>\n<p style=\"text-align: justify;\">El turismo en la regi\u00f3n de Ays\u00e9n contin\u00faa en alza, consolid\u00e1ndose como un sector clave en el desarrollo econ\u00f3mico y social. Uno de los factores que explica el crecimiento de la industria del turismo en el destino Ays\u00e9n Patagonia es el despliegue de una estrategia integral de promoci\u00f3n impulsada por Sernatur Ays\u00e9n estos \u00faltimos a\u00f1os, lo que ha permitido llevar a cabo una serie de acciones en mercados internacionales y nacional del sector.<\/p>\n<p style=\"text-align: justify;\">\u00abEn Sernatur Ays\u00e9n hemos estado trabajamos estos dos \u00faltimos a\u00f1os para posicionar Ays\u00e9n Patagonia como un destino \u00fanico y diferente, no solo en Chile, sino tambi\u00e9n en mercados internacionales como Argentina y Brasil. Nuestro objetivo ha sido mostrar que se puede visitar la regi\u00f3n durante todo el a\u00f1o y disfrutar de su diversidad tur\u00edstica\u201d, afirm\u00f3 Claudio Montecinos, director regional de Sernatur Ays\u00e9n.<\/p>\n<p style=\"text-align: justify;\">La promoci\u00f3n tur\u00edstica de Ays\u00e9n Patagonia ha estado dirigida tanto a p\u00fablico final, interesado en experiencias \u00fanicas, como a operadores tur\u00edsticos y agencias de viajes que incluyen el destino en sus programas, a trav\u00e9s de distintas acciones, como la participaci\u00f3n en ferias y ruedas de negocios a nivel nacional e internacional, difusi\u00f3n a trav\u00e9s de campa\u00f1as de medios de comunicaci\u00f3n y redes sociales, y viajes de operadores turisticos, prensa e influenciadores a distintos lugares de la regi\u00f3n de Ays\u00e9n, acciones financiadas a trav\u00e9s del Programa FNDR Gesti\u00f3n del Destino Ays\u00e9n Patagonia.<\/p>\n<p style=\"text-align: justify;\">El destino Ays\u00e9n Patagonia ha estado presente este \u00faltimo a\u00f1o, con delegaciones compuestas por empresarios tur\u00edsticos regionales, en la Feria de Turismo Internacional de Buenos Aires, en ATTA en Panam\u00e1, el evento de turismo de aventura m\u00e1s importante del mundo, en ruedas de negocios y presentaci\u00f3n de destino en Buenos Aires y Brasilia y en la Expo Turismo Comodoro Rivadavia. A nivel nacional se organizaron 2 ruedas de negocios con importantes operadores tur\u00edticos nacionales y la participaci\u00f3n en ExpoLagos, la rueda de negocios m\u00e1s importante de la Patagonia Chilena y Argentina, la que se realizar\u00e1 el pr\u00f3ximo a\u00f1o en la regi\u00f3n de Ays\u00e9n.<\/p>\n<p style=\"text-align: justify;\">Por otro lado, otras acciones implementadas son los viajes de prensa e influenciadores y los viajes de familiarizaci\u00f3n (Fam Trips), acciones claves para dar a conocer el destino Ays\u00e9n Patagonia. \u201cHemos realizado viajes de prensa con importantes medios nacionales y regionales y hemos recibido a m\u00e1s de 20 operadores tur\u00edsticos y mayoristas. Estos viajes son fundamentales porque permiten a los operadores vivir la experiencia de nuestro destino y adem\u00e1s, nos permite identificar oportunidades de mejora en nuestra oferta\u201d, afirm\u00f3 el director regional.<\/p>\n<p style=\"text-align: justify;\">Estas acciones de promoci\u00f3n desarrolladas por Sernatur y el aumento de turistas que est\u00e1n visitando la regi\u00f3n estos \u00faltimos meses proyectan una temporada alta 2024-2025 muy auspiciosa. En este sentido el director regional coment\u00f3, \u201cEsperamos que en la pr\u00f3xima temporada alta se mantenga el alza del n\u00famero de turistas que est\u00e1n visitando nuestro destino, considerando que ya en el mes de octubre han arribado m\u00e1s pasajeros al aeropuerto de Balmaceda y han ingresado m\u00e1s turistas extranjeros a trav\u00e9s de los pasos fronterizos, en comparaci\u00f3n con los \u00faltimos a\u00f1os\u201d.<\/p>\n<\/div><\/section><\/div><div  style='height:50px' class='hr hr-invisible   avia-builder-el-6  el_after_av_one_full  el_before_av_social_share '><span class='hr-inner ' ><span class='hr-inner-style'><\/span><\/span><\/div><\/p>\n<div  class='av-social-sharing-box  avia-builder-el-7  el_after_av_hr  el_before_av_hr  '><div class='av-share-box'><h5 class='av-share-link-description av-no-toc '>Compartir esta noticia<\/h5><ul class='av-share-box-list noLightbox'><li class='av-share-link av-social-link-facebook' ><a target=\"_blank\" aria-label=\"Compartir en Facebook\" href='https:\/\/www.facebook.com\/sharer.php?u=https:\/\/radiorevelacionfm.cl\/?p=48226&#038;t=Sernatur%20proyecta%20aumento%20de%20turistas%20para%20la%20pr%C3%B3xima%20temporada%20alta%20en%20la%20regi%C3%B3n%20de%20Ays%C3%A9n' aria-hidden='false' data-av_icon='\ue8f3' data-av_iconfont='entypo-fontello' title='' data-avia-related-tooltip='Compartir en Facebook' rel=\"noopener\"><span class='avia_hidden_link_text'>Compartir en Facebook<\/span><\/a><\/li><li class='av-share-link av-social-link-twitter' ><a target=\"_blank\" aria-label=\"Compartir en Twitter\" href='https:\/\/twitter.com\/share?text=Sernatur%20proyecta%20aumento%20de%20turistas%20para%20la%20pr%C3%B3xima%20temporada%20alta%20en%20la%20regi%C3%B3n%20de%20Ays%C3%A9n&#038;url=https:\/\/radiorevelacionfm.cl\/?p=48226' aria-hidden='false' data-av_icon='\ue8f1' data-av_iconfont='entypo-fontello' title='' data-avia-related-tooltip='Compartir en Twitter' rel=\"noopener\"><span class='avia_hidden_link_text'>Compartir en Twitter<\/span><\/a><\/li><li class='av-share-link av-social-link-whatsapp' ><a target=\"_blank\" aria-label=\"Compartir en Whatsapp\" href='https:\/\/api.whatsapp.com\/send?text=https:\/\/radiorevelacionfm.cl\/?p=48226' aria-hidden='false' data-av_icon='\uf232' data-av_iconfont='entypo-fontello' title='' data-avia-related-tooltip='Compartir en Whatsapp' rel=\"noopener\"><span class='avia_hidden_link_text'>Compartir en Whatsapp<\/span><\/a><\/li><li class='av-share-link av-social-link-linkedin' ><a target=\"_blank\" aria-label=\"Compartir en LinkedIn\" href='https:\/\/linkedin.com\/shareArticle?mini=true&#038;title=Sernatur%20proyecta%20aumento%20de%20turistas%20para%20la%20pr%C3%B3xima%20temporada%20alta%20en%20la%20regi%C3%B3n%20de%20Ays%C3%A9n&#038;url=https:\/\/radiorevelacionfm.cl\/?p=48226' aria-hidden='false' data-av_icon='\ue8fc' data-av_iconfont='entypo-fontello' title='' data-avia-related-tooltip='Compartir en LinkedIn' rel=\"noopener\"><span class='avia_hidden_link_text'>Compartir en LinkedIn<\/span><\/a><\/li><li class='av-share-link av-social-link-mail' ><a  aria-label=\"Compartir por correo\" href='mailto:?subject=Sernatur%20proyecta%20aumento%20de%20turistas%20para%20la%20pr%C3%B3xima%20temporada%20alta%20en%20la%20regi%C3%B3n%20de%20Ays%C3%A9n&#038;body=https:\/\/radiorevelacionfm.cl\/?p=48226' aria-hidden='false' data-av_icon='\ue805' data-av_iconfont='entypo-fontello' title='' data-avia-related-tooltip='Compartir por correo'><span class='avia_hidden_link_text'>Compartir por correo<\/span><\/a><\/li><\/ul><\/div><\/div>\n<div  style='height:50px' class='hr hr-invisible   avia-builder-el-8  el_after_av_social_share  el_before_av_comments_list '><span class='hr-inner ' ><span class='hr-inner-style'><\/span><\/span><\/div>\n<div  class='av-buildercomment  av-blog-meta-html-info-disabled av-blog-meta-tag-disabled  '><\/div>\n","protected":false},"excerpt":{"rendered":"","protected":false},"author":1,"featured_media":48227,"comment_status":"open","ping_status":"open","sticky":false,"template":"","format":"standard","meta":{"footnotes":""},"categories":[54],"tags":[],"class_list":["post-48226","post","type-post","status-publish","format-standard","has-post-thumbnail","hentry","category-turismo"],"jetpack_featured_media_url":"https:\/\/radiorevelacionfm.cl\/wp-content\/uploads\/2024\/11\/FIT-Buenos-Aires-2-2.jpg","_links":{"self":[{"href":"https:\/\/radiorevelacionfm.cl\/index.php?rest_route=\/wp\/v2\/posts\/48226","targetHints":{"allow":["GET"]}}],"collection":[{"href":"https:\/\/radiorevelacionfm.cl\/index.php?rest_route=\/wp\/v2\/posts"}],"about":[{"href":"https:\/\/radiorevelacionfm.cl\/index.php?rest_route=\/wp\/v2\/types\/post"}],"author":[{"embeddable":true,"href":"https:\/\/radiorevelacionfm.cl\/index.php?rest_route=\/wp\/v2\/users\/1"}],"replies":[{"embeddable":true,"href":"https:\/\/radiorevelacionfm.cl\/index.php?rest_route=%2Fwp%2Fv2%2Fcomments&post=48226"}],"version-history":[{"count":2,"href":"https:\/\/radiorevelacionfm.cl\/index.php?rest_route=\/wp\/v2\/posts\/48226\/revisions"}],"predecessor-version":[{"id":48229,"href":"https:\/\/radiorevelacionfm.cl\/index.php?rest_route=\/wp\/v2\/posts\/48226\/revisions\/48229"}],"wp:featuredmedia":[{"embeddable":true,"href":"https:\/\/radiorevelacionfm.cl\/index.php?rest_route=\/wp\/v2\/media\/48227"}],"wp:attachment":[{"href":"https:\/\/radiorevelacionfm.cl\/index.php?rest_route=%2Fwp%2Fv2%2Fmedia&parent=48226"}],"wp:term":[{"taxonomy":"category","embeddable":true,"href":"https:\/\/radiorevelacionfm.cl\/index.php?rest_route=%2Fwp%2Fv2%2Fcategories&post=48226"},{"taxonomy":"post_tag","embeddable":true,"href":"https:\/\/radiorevelacionfm.cl\/index.php?rest_route=%2Fwp%2Fv2%2Ftags&post=48226"}],"curies":[{"name":"wp","href":"https:\/\/api.w.org\/{rel}","templated":true}]}}