{"id":48223,"date":"2024-11-26T10:12:15","date_gmt":"2024-11-26T13:12:15","guid":{"rendered":"https:\/\/radiorevelacionfm.cl\/?p=48223"},"modified":"2024-11-26T10:12:15","modified_gmt":"2024-11-26T13:12:15","slug":"comienza-implementacion-de-plan-de-tutorias-aysen-2024-del-ministerio-de-educacion","status":"publish","type":"post","link":"https:\/\/radiorevelacionfm.cl\/?p=48223","title":{"rendered":"Comienza implementaci\u00f3n de Plan de Tutor\u00edas Ays\u00e9n 2024 del Ministerio de Educaci\u00f3n"},"content":{"rendered":"<div class=\"flex_column av_one_full  flex_column_div av-zero-column-padding first  avia-builder-el-0  el_before_av_one_full  avia-builder-el-first  \" style='border-radius:0px; '><div  class='avia-image-container  av-styling-    avia-builder-el-1  avia-builder-el-no-sibling  avia-align-center '  itemprop=\"image\" itemscope=\"itemscope\" itemtype=\"https:\/\/schema.org\/ImageObject\"  ><div class='avia-image-container-inner'><div class='avia-image-overlay-wrap'><img decoding=\"async\" class='wp-image-48224 avia-img-lazy-loading-not-48224 avia_image' src=\"https:\/\/radiorevelacionfm.cl\/wp-content\/uploads\/2024\/11\/image-162.jpg\" alt='' title='image-162' height=\"600\" width=\"926\"  itemprop=\"thumbnailUrl\" srcset=\"https:\/\/radiorevelacionfm.cl\/wp-content\/uploads\/2024\/11\/image-162.jpg 926w, https:\/\/radiorevelacionfm.cl\/wp-content\/uploads\/2024\/11\/image-162-300x194.jpg 300w, https:\/\/radiorevelacionfm.cl\/wp-content\/uploads\/2024\/11\/image-162-768x498.jpg 768w, https:\/\/radiorevelacionfm.cl\/wp-content\/uploads\/2024\/11\/image-162-705x457.jpg 705w, https:\/\/radiorevelacionfm.cl\/wp-content\/uploads\/2024\/11\/image-162-450x292.jpg 450w, https:\/\/radiorevelacionfm.cl\/wp-content\/uploads\/2024\/11\/image-162-600x389.jpg 600w\" sizes=\"(max-width: 926px) 100vw, 926px\" \/><\/div><\/div><\/div><\/div><div class=\"flex_column av_one_full  flex_column_div av-zero-column-padding first  avia-builder-el-2  el_after_av_one_full  el_before_av_one_full  column-top-margin\" style='border-radius:0px; '><section class=\"av_textblock_section \"  itemscope=\"itemscope\" itemtype=\"https:\/\/schema.org\/BlogPosting\" itemprop=\"blogPost\" ><div class='avia_textblock  '   itemprop=\"text\" ><p style=\"text-align: center;\"><span style=\"font-size: 18pt;\"><b>Comienza implementaci\u00f3n de Plan de Tutor\u00edas Ays\u00e9n 2024 del Ministerio de Educaci\u00f3n<\/b><\/span><\/p>\n<div id=\"gtx-trans\" style=\"position: absolute; left: -50px; top: 4.31534px;\">\n<div class=\"gtx-trans-icon\"><\/div>\n<\/div>\n<\/div><\/section><\/div><div class=\"flex_column av_one_full  flex_column_div av-zero-column-padding first  avia-builder-el-4  el_after_av_one_full  el_before_av_hr  column-top-margin\" style='border-radius:0px; '><section class=\"av_textblock_section \"  itemscope=\"itemscope\" itemtype=\"https:\/\/schema.org\/BlogPosting\" itemprop=\"blogPost\" ><div class='avia_textblock  '   itemprop=\"text\" ><p class=\"v1MsoNormal\" style=\"text-align: justify;\">Con una amplia convocatoria se realiz\u00f3 la ceremonia de lanzamiento del Plan Nacional de Tutor\u00edas, regi\u00f3n de Ays\u00e9n 2024, impulsado por el Ministerio de Educaci\u00f3n y ejecutado por el Campus Patagonia de la Universidad Austral de Chile.<\/p>\n<p class=\"v1MsoNormal\" style=\"text-align: justify;\">En la actividad, organizada en dependencias de la casa de estudios, participaron la Secretaria Regional Ministerial de Educaci\u00f3n de la regi\u00f3n de Ays\u00e9n, Isabel Garrido; el director del Campus Patagonia, Mario Brito, las autoridades universitarias, docentes de establecimientos educacionales y de la serem\u00eda, adem\u00e1s de los y las estudiantes que participan como tutores en distintas escuelas rurales y urbanas de la comuna de Coyhaique.<\/p>\n<p class=\"v1MsoNormal\" style=\"text-align: justify;\">Durante la ceremonia, la Directora de la Escuela de Pedagog\u00eda en Educaci\u00f3n B\u00e1sica del Campus, profesora Naiara Schuck, dio a conocer el plan de trabajo a desarrollar en cada una de las escuelas beneficiadas, destacando que tal como en los dos a\u00f1os anteriores en que la casa de estudios se ha hecho cargo de implementar esta iniciativa, se ha puesto el foco en que los y las tutoras realicen actividades l\u00fadicas y atractivas para ni\u00f1os y ni\u00f1as, en las \u00e1reas de lenguaje y matem\u00e1ticas, con el prop\u00f3sito de disminuir los efectos de la Pandemia en los aprendizajes y la socializaci\u00f3n.<\/p>\n<p class=\"v1MsoNormal\" style=\"text-align: justify;\">Isabel Garrido Seremi de Educaci\u00f3n de Ays\u00e9n destac\u00f3 la consolidaci\u00f3n de este plan \u00a0que forma parte de las acciones de Reactivaci\u00f3n Educativa impulsadas \u00a0por el Gobierno<i>. \u00abEl Plan Nacional de Tutor\u00edas se enmarca en el Plan de Reactivaci\u00f3n Educativa una de las principales prioridades establecidas por el Presidente Gabriel Boric en materia educativa. A trav\u00e9s de alianzas estrat\u00e9gicas con instituciones de educaci\u00f3n superior en todas las regiones del pa\u00eds y en los tres a\u00f1os que lleva de implementaci\u00f3n hemos visto un impacto muy positivo tanto en el aprendizaje de los ni\u00f1os y las ni\u00f1as como en el desarrollo profesional de los futuros profesores y profesoras\u00bb.<\/i><\/p>\n<p class=\"v1MsoNormal\" style=\"text-align: justify;\">Por su parte, el director del Campus Patagonia, agreg\u00f3 que <i>\u00abestamos muy contentos de la puesta en marcha de un nuevo per\u00edodo de tutor\u00edas para estudiantes de ense\u00f1anza b\u00e1sica, a trav\u00e9s del Plan Nacional de Tutor\u00edas, esto con la activa participaci\u00f3n de nuestros estudiantes de Pedagog\u00eda en Educaci\u00f3n B\u00e1sica. En este sentido agradecemos a la Secretar\u00eda Ministerial de Educaci\u00f3n Ays\u00e9n en confiar en la UACh para este importante desaf\u00edo pa\u00eds, que busca disminuir las brechas de aprendizajes y mejorar el bienestar integral de las y los ni\u00f1os en todo el territorio nacional, a ello agregamos la favorable evaluaci\u00f3n realizada en los procesos anteriores liderados por nuestra universidad a nivel regional, fruto fundamentalmente del trabajo dedicado y responsable de las y los estudiantes de pedagog\u00eda y de sus profesores, que acompa\u00f1aron en el proceso\u00bb.<\/i><\/p>\n<p class=\"v1MsoNormal\" style=\"text-align: justify;\">Finalmente, el estudiante de segundo a\u00f1o de la carrera de Pedagog\u00eda en Educaci\u00f3n B\u00e1sica del Campus Patagonia, Lukas C\u00e1rcamo, comparti\u00f3 su experiencia como tutor, destacando el valioso v\u00ednculo que se establece con cada uno de los ni\u00f1os y ni\u00f1as que participan del plan, incorporando no solo la entrega de contenidos, sino tambi\u00e9n apoy\u00e1ndolos en su desarrollo socioemocional.<\/p>\n<\/div><\/section><\/div><div  style='height:50px' class='hr hr-invisible   avia-builder-el-6  el_after_av_one_full  el_before_av_social_share '><span class='hr-inner ' ><span class='hr-inner-style'><\/span><\/span><\/div><\/p>\n<div  class='av-social-sharing-box  avia-builder-el-7  el_after_av_hr  el_before_av_hr  '><div class='av-share-box'><h5 class='av-share-link-description av-no-toc '>Compartir esta noticia<\/h5><ul class='av-share-box-list noLightbox'><li class='av-share-link av-social-link-facebook' ><a target=\"_blank\" aria-label=\"Compartir en Facebook\" href='https:\/\/www.facebook.com\/sharer.php?u=https:\/\/radiorevelacionfm.cl\/?p=48223&#038;t=Comienza%20implementaci%C3%B3n%20de%20Plan%20de%20Tutor%C3%ADas%20Ays%C3%A9n%202024%20del%20Ministerio%20de%20Educaci%C3%B3n' aria-hidden='false' data-av_icon='\ue8f3' data-av_iconfont='entypo-fontello' title='' data-avia-related-tooltip='Compartir en Facebook' rel=\"noopener\"><span class='avia_hidden_link_text'>Compartir en Facebook<\/span><\/a><\/li><li class='av-share-link av-social-link-twitter' ><a target=\"_blank\" aria-label=\"Compartir en Twitter\" href='https:\/\/twitter.com\/share?text=Comienza%20implementaci%C3%B3n%20de%20Plan%20de%20Tutor%C3%ADas%20Ays%C3%A9n%202024%20del%20Ministerio%20de%20Educaci%C3%B3n&#038;url=https:\/\/radiorevelacionfm.cl\/?p=48223' aria-hidden='false' data-av_icon='\ue8f1' data-av_iconfont='entypo-fontello' title='' data-avia-related-tooltip='Compartir en Twitter' rel=\"noopener\"><span class='avia_hidden_link_text'>Compartir en Twitter<\/span><\/a><\/li><li class='av-share-link av-social-link-whatsapp' ><a target=\"_blank\" aria-label=\"Compartir en Whatsapp\" href='https:\/\/api.whatsapp.com\/send?text=https:\/\/radiorevelacionfm.cl\/?p=48223' aria-hidden='false' data-av_icon='\uf232' data-av_iconfont='entypo-fontello' title='' data-avia-related-tooltip='Compartir en Whatsapp' rel=\"noopener\"><span class='avia_hidden_link_text'>Compartir en Whatsapp<\/span><\/a><\/li><li class='av-share-link av-social-link-linkedin' ><a target=\"_blank\" aria-label=\"Compartir en LinkedIn\" href='https:\/\/linkedin.com\/shareArticle?mini=true&#038;title=Comienza%20implementaci%C3%B3n%20de%20Plan%20de%20Tutor%C3%ADas%20Ays%C3%A9n%202024%20del%20Ministerio%20de%20Educaci%C3%B3n&#038;url=https:\/\/radiorevelacionfm.cl\/?p=48223' aria-hidden='false' data-av_icon='\ue8fc' data-av_iconfont='entypo-fontello' title='' data-avia-related-tooltip='Compartir en LinkedIn' rel=\"noopener\"><span class='avia_hidden_link_text'>Compartir en LinkedIn<\/span><\/a><\/li><li class='av-share-link av-social-link-mail' ><a  aria-label=\"Compartir por correo\" href='mailto:?subject=Comienza%20implementaci%C3%B3n%20de%20Plan%20de%20Tutor%C3%ADas%20Ays%C3%A9n%202024%20del%20Ministerio%20de%20Educaci%C3%B3n&#038;body=https:\/\/radiorevelacionfm.cl\/?p=48223' aria-hidden='false' data-av_icon='\ue805' data-av_iconfont='entypo-fontello' title='' data-avia-related-tooltip='Compartir por correo'><span class='avia_hidden_link_text'>Compartir por correo<\/span><\/a><\/li><\/ul><\/div><\/div>\n<div  style='height:50px' class='hr hr-invisible   avia-builder-el-8  el_after_av_social_share  el_before_av_comments_list '><span class='hr-inner ' ><span class='hr-inner-style'><\/span><\/span><\/div>\n<div  class='av-buildercomment  av-blog-meta-html-info-disabled av-blog-meta-tag-disabled  '><\/div>\n","protected":false},"excerpt":{"rendered":"","protected":false},"author":1,"featured_media":48224,"comment_status":"open","ping_status":"open","sticky":false,"template":"","format":"standard","meta":{"footnotes":""},"categories":[49],"tags":[],"class_list":["post-48223","post","type-post","status-publish","format-standard","has-post-thumbnail","hentry","category-educacion"],"jetpack_featured_media_url":"https:\/\/radiorevelacionfm.cl\/wp-content\/uploads\/2024\/11\/image-162.jpg","_links":{"self":[{"href":"https:\/\/radiorevelacionfm.cl\/index.php?rest_route=\/wp\/v2\/posts\/48223","targetHints":{"allow":["GET"]}}],"collection":[{"href":"https:\/\/radiorevelacionfm.cl\/index.php?rest_route=\/wp\/v2\/posts"}],"about":[{"href":"https:\/\/radiorevelacionfm.cl\/index.php?rest_route=\/wp\/v2\/types\/post"}],"author":[{"embeddable":true,"href":"https:\/\/radiorevelacionfm.cl\/index.php?rest_route=\/wp\/v2\/users\/1"}],"replies":[{"embeddable":true,"href":"https:\/\/radiorevelacionfm.cl\/index.php?rest_route=%2Fwp%2Fv2%2Fcomments&post=48223"}],"version-history":[{"count":1,"href":"https:\/\/radiorevelacionfm.cl\/index.php?rest_route=\/wp\/v2\/posts\/48223\/revisions"}],"predecessor-version":[{"id":48225,"href":"https:\/\/radiorevelacionfm.cl\/index.php?rest_route=\/wp\/v2\/posts\/48223\/revisions\/48225"}],"wp:featuredmedia":[{"embeddable":true,"href":"https:\/\/radiorevelacionfm.cl\/index.php?rest_route=\/wp\/v2\/media\/48224"}],"wp:attachment":[{"href":"https:\/\/radiorevelacionfm.cl\/index.php?rest_route=%2Fwp%2Fv2%2Fmedia&parent=48223"}],"wp:term":[{"taxonomy":"category","embeddable":true,"href":"https:\/\/radiorevelacionfm.cl\/index.php?rest_route=%2Fwp%2Fv2%2Fcategories&post=48223"},{"taxonomy":"post_tag","embeddable":true,"href":"https:\/\/radiorevelacionfm.cl\/index.php?rest_route=%2Fwp%2Fv2%2Ftags&post=48223"}],"curies":[{"name":"wp","href":"https:\/\/api.w.org\/{rel}","templated":true}]}}