{"id":48220,"date":"2024-11-24T11:44:49","date_gmt":"2024-11-24T14:44:49","guid":{"rendered":"https:\/\/radiorevelacionfm.cl\/?p=48220"},"modified":"2024-11-24T11:44:49","modified_gmt":"2024-11-24T14:44:49","slug":"reiteran-invitacion-a-participar-en-consulta-ciudadana-sobre-huso-horario-en-aysen","status":"publish","type":"post","link":"https:\/\/radiorevelacionfm.cl\/?p=48220","title":{"rendered":"Reiteran invitaci\u00f3n a participar en Consulta Ciudadana sobre Huso Horario en Ays\u00e9n"},"content":{"rendered":"<div class=\"flex_column av_one_full  flex_column_div av-zero-column-padding first  avia-builder-el-0  el_before_av_one_full  avia-builder-el-first  \" style='border-radius:0px; '><div  class='avia-image-container  av-styling-    avia-builder-el-1  avia-builder-el-no-sibling  avia-align-center '  itemprop=\"image\" itemscope=\"itemscope\" itemtype=\"https:\/\/schema.org\/ImageObject\"  ><div class='avia-image-container-inner'><div class='avia-image-overlay-wrap'><img decoding=\"async\" class='wp-image-48221 avia-img-lazy-loading-not-48221 avia_image' src=\"https:\/\/radiorevelacionfm.cl\/wp-content\/uploads\/2024\/11\/Volante-OK-215x14cm-Consulta-Ciudadana-Virtual-DPR-Aysen-2024-QR-1-2-2-2.jpg\" alt='' title='Volante OK 21,5x14cm Consulta Ciudadana Virtual DPR Ays\u00e9n 2024 QR (1)-2-2-2' height=\"690\" width=\"801\"  itemprop=\"thumbnailUrl\" srcset=\"https:\/\/radiorevelacionfm.cl\/wp-content\/uploads\/2024\/11\/Volante-OK-215x14cm-Consulta-Ciudadana-Virtual-DPR-Aysen-2024-QR-1-2-2-2.jpg 801w, https:\/\/radiorevelacionfm.cl\/wp-content\/uploads\/2024\/11\/Volante-OK-215x14cm-Consulta-Ciudadana-Virtual-DPR-Aysen-2024-QR-1-2-2-2-300x258.jpg 300w, https:\/\/radiorevelacionfm.cl\/wp-content\/uploads\/2024\/11\/Volante-OK-215x14cm-Consulta-Ciudadana-Virtual-DPR-Aysen-2024-QR-1-2-2-2-768x662.jpg 768w, https:\/\/radiorevelacionfm.cl\/wp-content\/uploads\/2024\/11\/Volante-OK-215x14cm-Consulta-Ciudadana-Virtual-DPR-Aysen-2024-QR-1-2-2-2-705x607.jpg 705w, https:\/\/radiorevelacionfm.cl\/wp-content\/uploads\/2024\/11\/Volante-OK-215x14cm-Consulta-Ciudadana-Virtual-DPR-Aysen-2024-QR-1-2-2-2-450x388.jpg 450w, https:\/\/radiorevelacionfm.cl\/wp-content\/uploads\/2024\/11\/Volante-OK-215x14cm-Consulta-Ciudadana-Virtual-DPR-Aysen-2024-QR-1-2-2-2-600x517.jpg 600w\" sizes=\"(max-width: 801px) 100vw, 801px\" \/><\/div><\/div><\/div><\/div><div class=\"flex_column av_one_full  flex_column_div av-zero-column-padding first  avia-builder-el-2  el_after_av_one_full  el_before_av_one_full  column-top-margin\" style='border-radius:0px; '><section class=\"av_textblock_section \"  itemscope=\"itemscope\" itemtype=\"https:\/\/schema.org\/BlogPosting\" itemprop=\"blogPost\" ><div class='avia_textblock  '   itemprop=\"text\" ><p style=\"text-align: center;\"><strong><span style=\"font-size: 18pt;\">Reiteran invitaci\u00f3n a participar en Consulta Ciudadana sobre Huso Horario en Ays\u00e9n<\/span><\/strong><\/p>\n<div id=\"gtx-trans\" style=\"position: absolute; left: -50px; top: 4.31534px;\">\n<div class=\"gtx-trans-icon\"><\/div>\n<\/div>\n<\/div><\/section><\/div><div class=\"flex_column av_one_full  flex_column_div av-zero-column-padding first  avia-builder-el-4  el_after_av_one_full  el_before_av_hr  column-top-margin\" style='border-radius:0px; '><section class=\"av_textblock_section \"  itemscope=\"itemscope\" itemtype=\"https:\/\/schema.org\/BlogPosting\" itemprop=\"blogPost\" ><div class='avia_textblock  '   itemprop=\"text\" ><p style=\"text-align: justify;\">Hasta el pr\u00f3ximo s\u00e1bado 30 de noviembre estar\u00e1 disponible la Consulta Ciudadana sobre Huso Horario en Ays\u00e9n, convocada por el Ministerio del Interior y Seguridad P\u00fablica, a trav\u00e9s de la Delegaci\u00f3n Presidencial Regional.<\/p>\n<p style=\"text-align: justify;\">Esta consulta ciudadana virtual se enmarca dentro de las metodolog\u00edas participativas previstas por la ley 20.500, ofreciendo una v\u00eda accesible y moderna para que la ciudadan\u00eda exprese su opini\u00f3n y puedan verificarse posteriormente los datos.<\/p>\n<p style=\"text-align: justify;\">La participaci\u00f3n ciudadana es crucial para conocer la opini\u00f3n de los ciudadanos y las ciudadanas de la regi\u00f3n de Ays\u00e9n sobre el huso horario, como indic\u00f3 el Delegado Presidencial Regional, Jorge D\u00edaz Guzm\u00e1n.<\/p>\n<p style=\"text-align: justify;\">\u201cEstamos muy satisfechos por la participaci\u00f3n de la ciudadan\u00eda de la regi\u00f3n en la consulta ciudadana\u00a0 sobre el huso horario. La opini\u00f3n p\u00fablica regional est\u00e1 interesada en opinar, no sabemos si lo est\u00e1n haciendo para mantener el horario de verano o el horario de invierno, lo que se sabr\u00e1 una vez que se examinen las respuestas, pero lo importante desde el punto de vista de la participaci\u00f3n, es que la ciudadan\u00eda est\u00e1 opinando\u201d, indic\u00f3.<\/p>\n<p style=\"text-align: justify;\">El objetivo es conocer la opini\u00f3n mayoritaria de las y los ayseninos, para que el Ministerio del Interior y Seguridad P\u00fablica tome una decisi\u00f3n informada sobre mantener o no el horario de verano (UCT-3) en forma permanente en la regi\u00f3n, al igual que en Magallanes.<\/p>\n<p style=\"text-align: justify;\">\u201cCcomo dijo la ministra Toh\u00e1, esta consulta no es vinculante, s\u00ed es un antecedente relevante para la toma de decisiones. Por lo tanto, hacemos un llamado para que sigan participando con su opini\u00f3n y, una vez que se conozca la opini\u00f3n de los ayseninos y ayseninas, podamos tener un insumo relevante para la toma de decisiones\u201d.<\/p>\n<p style=\"text-align: justify;\"><strong>Modalidad, acceso y difusi\u00f3n de la Consulta Ciudadana<\/strong><\/p>\n<p style=\"text-align: justify;\">La consulta se realiza en modalidad virtual, permitiendo la participaci\u00f3n de los\/as habitantes de la regi\u00f3n mayores de 18 a\u00f1os.<\/p>\n<p style=\"text-align: justify;\">Estar\u00e1 disponible entre el 18 y el 30 de noviembre en el sitio web de la Delegaci\u00f3n Presidencial Regional de Ays\u00e9n (<a href=\"https:\/\/es.surveymonkey.com\/r\/V97L57J\" data-saferedirecturl=\"https:\/\/www.google.com\/url?q=https:\/\/es.surveymonkey.com\/r\/V97L57J&amp;source=gmail&amp;ust=1732545295657000&amp;usg=AOvVaw2ed8ssGDT4cFhIeYcqhOG2\">https:\/\/es.surveymonkey.com\/r\/V97L57J<\/a>).<\/p>\n<p style=\"text-align: justify;\">A su vez, las delegaciones presidenciales y\u00a0secretar\u00edas regionales ministeriales se encuentran promoviendo la participaci\u00f3n a trav\u00e9s de medios de comunicaci\u00f3n y espacios de di\u00e1logo, en los que se ofrece apoyo a quienes necesiten asistencia para participar.<\/p>\n<p style=\"text-align: justify;\">Las consultas ciudadanas buscan habilitar canales de comunicaci\u00f3n directa entre el Estado y los ciudadanos, lo que permite que las personas tengan voz en las pol\u00edticas p\u00fablicas, desde la identificaci\u00f3n de problemas hasta la propuesta de soluciones.<\/p>\n<\/div><\/section><\/div><div  style='height:50px' class='hr hr-invisible   avia-builder-el-6  el_after_av_one_full  el_before_av_social_share '><span class='hr-inner ' ><span class='hr-inner-style'><\/span><\/span><\/div><\/p>\n<div  class='av-social-sharing-box  avia-builder-el-7  el_after_av_hr  el_before_av_hr  '><div class='av-share-box'><h5 class='av-share-link-description av-no-toc '>Compartir esta noticia<\/h5><ul class='av-share-box-list noLightbox'><li class='av-share-link av-social-link-facebook' ><a target=\"_blank\" aria-label=\"Compartir en Facebook\" href='https:\/\/www.facebook.com\/sharer.php?u=https:\/\/radiorevelacionfm.cl\/?p=48220&#038;t=Reiteran%20invitaci%C3%B3n%20a%20participar%20en%20Consulta%20Ciudadana%20sobre%20Huso%20Horario%20en%20Ays%C3%A9n' aria-hidden='false' data-av_icon='\ue8f3' data-av_iconfont='entypo-fontello' title='' data-avia-related-tooltip='Compartir en Facebook' rel=\"noopener\"><span class='avia_hidden_link_text'>Compartir en Facebook<\/span><\/a><\/li><li class='av-share-link av-social-link-twitter' ><a target=\"_blank\" aria-label=\"Compartir en Twitter\" href='https:\/\/twitter.com\/share?text=Reiteran%20invitaci%C3%B3n%20a%20participar%20en%20Consulta%20Ciudadana%20sobre%20Huso%20Horario%20en%20Ays%C3%A9n&#038;url=https:\/\/radiorevelacionfm.cl\/?p=48220' aria-hidden='false' data-av_icon='\ue8f1' data-av_iconfont='entypo-fontello' title='' data-avia-related-tooltip='Compartir en Twitter' rel=\"noopener\"><span class='avia_hidden_link_text'>Compartir en Twitter<\/span><\/a><\/li><li class='av-share-link av-social-link-whatsapp' ><a target=\"_blank\" aria-label=\"Compartir en Whatsapp\" href='https:\/\/api.whatsapp.com\/send?text=https:\/\/radiorevelacionfm.cl\/?p=48220' aria-hidden='false' data-av_icon='\uf232' data-av_iconfont='entypo-fontello' title='' data-avia-related-tooltip='Compartir en Whatsapp' rel=\"noopener\"><span class='avia_hidden_link_text'>Compartir en Whatsapp<\/span><\/a><\/li><li class='av-share-link av-social-link-linkedin' ><a target=\"_blank\" aria-label=\"Compartir en LinkedIn\" href='https:\/\/linkedin.com\/shareArticle?mini=true&#038;title=Reiteran%20invitaci%C3%B3n%20a%20participar%20en%20Consulta%20Ciudadana%20sobre%20Huso%20Horario%20en%20Ays%C3%A9n&#038;url=https:\/\/radiorevelacionfm.cl\/?p=48220' aria-hidden='false' data-av_icon='\ue8fc' data-av_iconfont='entypo-fontello' title='' data-avia-related-tooltip='Compartir en LinkedIn' rel=\"noopener\"><span class='avia_hidden_link_text'>Compartir en LinkedIn<\/span><\/a><\/li><li class='av-share-link av-social-link-mail' ><a  aria-label=\"Compartir por correo\" href='mailto:?subject=Reiteran%20invitaci%C3%B3n%20a%20participar%20en%20Consulta%20Ciudadana%20sobre%20Huso%20Horario%20en%20Ays%C3%A9n&#038;body=https:\/\/radiorevelacionfm.cl\/?p=48220' aria-hidden='false' data-av_icon='\ue805' data-av_iconfont='entypo-fontello' title='' data-avia-related-tooltip='Compartir por correo'><span class='avia_hidden_link_text'>Compartir por correo<\/span><\/a><\/li><\/ul><\/div><\/div>\n<div  style='height:50px' class='hr hr-invisible   avia-builder-el-8  el_after_av_social_share  el_before_av_comments_list '><span class='hr-inner ' ><span class='hr-inner-style'><\/span><\/span><\/div>\n<div  class='av-buildercomment  av-blog-meta-html-info-disabled av-blog-meta-tag-disabled  '><\/div>\n","protected":false},"excerpt":{"rendered":"","protected":false},"author":1,"featured_media":48221,"comment_status":"open","ping_status":"open","sticky":false,"template":"","format":"standard","meta":{"footnotes":""},"categories":[38],"tags":[],"class_list":["post-48220","post","type-post","status-publish","format-standard","has-post-thumbnail","hentry","category-regional"],"jetpack_featured_media_url":"https:\/\/radiorevelacionfm.cl\/wp-content\/uploads\/2024\/11\/Volante-OK-215x14cm-Consulta-Ciudadana-Virtual-DPR-Aysen-2024-QR-1-2-2-2.jpg","_links":{"self":[{"href":"https:\/\/radiorevelacionfm.cl\/index.php?rest_route=\/wp\/v2\/posts\/48220","targetHints":{"allow":["GET"]}}],"collection":[{"href":"https:\/\/radiorevelacionfm.cl\/index.php?rest_route=\/wp\/v2\/posts"}],"about":[{"href":"https:\/\/radiorevelacionfm.cl\/index.php?rest_route=\/wp\/v2\/types\/post"}],"author":[{"embeddable":true,"href":"https:\/\/radiorevelacionfm.cl\/index.php?rest_route=\/wp\/v2\/users\/1"}],"replies":[{"embeddable":true,"href":"https:\/\/radiorevelacionfm.cl\/index.php?rest_route=%2Fwp%2Fv2%2Fcomments&post=48220"}],"version-history":[{"count":1,"href":"https:\/\/radiorevelacionfm.cl\/index.php?rest_route=\/wp\/v2\/posts\/48220\/revisions"}],"predecessor-version":[{"id":48222,"href":"https:\/\/radiorevelacionfm.cl\/index.php?rest_route=\/wp\/v2\/posts\/48220\/revisions\/48222"}],"wp:featuredmedia":[{"embeddable":true,"href":"https:\/\/radiorevelacionfm.cl\/index.php?rest_route=\/wp\/v2\/media\/48221"}],"wp:attachment":[{"href":"https:\/\/radiorevelacionfm.cl\/index.php?rest_route=%2Fwp%2Fv2%2Fmedia&parent=48220"}],"wp:term":[{"taxonomy":"category","embeddable":true,"href":"https:\/\/radiorevelacionfm.cl\/index.php?rest_route=%2Fwp%2Fv2%2Fcategories&post=48220"},{"taxonomy":"post_tag","embeddable":true,"href":"https:\/\/radiorevelacionfm.cl\/index.php?rest_route=%2Fwp%2Fv2%2Ftags&post=48220"}],"curies":[{"name":"wp","href":"https:\/\/api.w.org\/{rel}","templated":true}]}}