{"id":48217,"date":"2024-11-22T19:33:34","date_gmt":"2024-11-22T22:33:34","guid":{"rendered":"https:\/\/radiorevelacionfm.cl\/?p=48217"},"modified":"2024-11-22T19:33:34","modified_gmt":"2024-11-22T22:33:34","slug":"tras-operativo-conjunto-entre-carabineros-bomberos-y-la-comunidad-localizan-a-familia-extranjera-que-quedo-a-la-deriva-en-lago-rosselot","status":"publish","type":"post","link":"https:\/\/radiorevelacionfm.cl\/?p=48217","title":{"rendered":"Tras operativo conjunto entre Carabineros, Bomberos y la comunidad, localizan a familia extranjera que qued\u00f3 a la deriva en Lago Rosselot"},"content":{"rendered":"<div class=\"flex_column av_one_full  flex_column_div av-zero-column-padding first  avia-builder-el-0  el_before_av_one_full  avia-builder-el-first  \" style='border-radius:0px; '><div  class='avia-image-container  av-styling-    avia-builder-el-1  avia-builder-el-no-sibling  avia-align-center '  itemprop=\"image\" itemscope=\"itemscope\" itemtype=\"https:\/\/schema.org\/ImageObject\"  ><div class='avia-image-container-inner'><div class='avia-image-overlay-wrap'><img decoding=\"async\" class='wp-image-48218 avia-img-lazy-loading-not-48218 avia_image' src=\"https:\/\/radiorevelacionfm.cl\/wp-content\/uploads\/2024\/11\/aa4b8bf3-fc0b-4410-91a1-27ea88b11338-2-2.jpg\" alt='' title='aa4b8bf3-fc0b-4410-91a1-27ea88b11338-2-2' height=\"600\" width=\"1067\"  itemprop=\"thumbnailUrl\" srcset=\"https:\/\/radiorevelacionfm.cl\/wp-content\/uploads\/2024\/11\/aa4b8bf3-fc0b-4410-91a1-27ea88b11338-2-2.jpg 1067w, https:\/\/radiorevelacionfm.cl\/wp-content\/uploads\/2024\/11\/aa4b8bf3-fc0b-4410-91a1-27ea88b11338-2-2-300x169.jpg 300w, https:\/\/radiorevelacionfm.cl\/wp-content\/uploads\/2024\/11\/aa4b8bf3-fc0b-4410-91a1-27ea88b11338-2-2-1030x579.jpg 1030w, https:\/\/radiorevelacionfm.cl\/wp-content\/uploads\/2024\/11\/aa4b8bf3-fc0b-4410-91a1-27ea88b11338-2-2-768x432.jpg 768w, https:\/\/radiorevelacionfm.cl\/wp-content\/uploads\/2024\/11\/aa4b8bf3-fc0b-4410-91a1-27ea88b11338-2-2-705x396.jpg 705w, https:\/\/radiorevelacionfm.cl\/wp-content\/uploads\/2024\/11\/aa4b8bf3-fc0b-4410-91a1-27ea88b11338-2-2-450x253.jpg 450w, https:\/\/radiorevelacionfm.cl\/wp-content\/uploads\/2024\/11\/aa4b8bf3-fc0b-4410-91a1-27ea88b11338-2-2-600x337.jpg 600w\" sizes=\"(max-width: 1067px) 100vw, 1067px\" \/><\/div><\/div><\/div><\/div><div class=\"flex_column av_one_full  flex_column_div av-zero-column-padding first  avia-builder-el-2  el_after_av_one_full  el_before_av_one_full  column-top-margin\" style='border-radius:0px; '><section class=\"av_textblock_section \"  itemscope=\"itemscope\" itemtype=\"https:\/\/schema.org\/BlogPosting\" itemprop=\"blogPost\" ><div class='avia_textblock  '   itemprop=\"text\" ><p style=\"text-align: center;\"><strong><span style=\"font-size: 18pt;\">Tras operativo conjunto entre Carabineros, Bomberos y la comunidad, localizan a familia extranjera que qued\u00f3 a la deriva en Lago Rosselot <\/span><\/strong><\/p>\n<div id=\"gtx-trans\" style=\"position: absolute; left: -50px; top: 4.31534px;\">\n<div class=\"gtx-trans-icon\"><\/div>\n<\/div>\n<\/div><\/section><\/div><div class=\"flex_column av_one_full  flex_column_div av-zero-column-padding first  avia-builder-el-4  el_after_av_one_full  el_before_av_hr  column-top-margin\" style='border-radius:0px; '><section class=\"av_textblock_section \"  itemscope=\"itemscope\" itemtype=\"https:\/\/schema.org\/BlogPosting\" itemprop=\"blogPost\" ><div class='avia_textblock  '   itemprop=\"text\" ><p style=\"text-align: justify;\">El posible agotamiento del combustible o un eventual desperfecto en el motor, imposibilit\u00f3 su retorno, pudiendo ser localizados sanos y salvos.<\/p>\n<p>Una alerta por el no retorno de una peque\u00f1a embarcaci\u00f3n con cuatro adultos y dos menores a bordo mientras navegaba las aguas del lago Rosselot, motiv\u00f3 una r\u00e1pida respuesta por parte de los equipos de emergencia, logrando dar con el paradero de sus ocupantes.<\/p>\n<p style=\"text-align: justify;\">El Oficial de servicios de la 2da Comisar\u00eda de Puerto Ays\u00e9n Teniente Nicol\u00e1s Novoa, indic\u00f3 que alrededor de las 22:50 horas del jueves propietario de un bote con motor fuera de borda, alert\u00f3 a Carabineros de la Tenencia La Junta, informando que hab\u00eda facilitado la embarcaci\u00f3n a un grupo familiar -de nacionalidad colombiana y en situaci\u00f3n migratoria regular en nuestro pa\u00eds- quienes efectuaron una salida desde el embarcadero hasta la desembocadura del r\u00edo Figueroa, con la finalidad de visitar y conocer este sector.<\/p>\n<p style=\"text-align: justify;\">\u00abCon esta informaci\u00f3n preliminar Carabineros concurri\u00f3 al lugar y establece que su salida hab\u00eda sido a las 15:00 horas desde el embarcadero y a\u00fan no regresaban. Por tal motivo, junto a lugare\u00f1os, vecinos, organizaciones de pesca deportiva y Bomberos se efectuaron patrullajes de b\u00fasqueda a trav\u00e9s de cuatro embarcaciones, logrando divisar el bote a la orilla del lago y una caba\u00f1a -que estaba sin moradores- donde estas personas habr\u00edan permanecido a resguardo del viento y las condiciones clim\u00e1ticas nocturnas\u00bb, indic\u00f3 el Oficial.<\/p>\n<p style=\"text-align: justify;\">Los esfuerzos conjuntos desarrollados por Carabineros, Bomberos y civiles, permitieron concretar el traslado de la familia hasta el sector del muelle, sin que se registren personas lesionadas.<\/p>\n<p style=\"text-align: justify;\">\u00abAfortunadamente el bote que les hab\u00eda sido facilitado contaba con remos, lo que les permiti\u00f3 acercarse a la orilla del lago. Nuestros Carabineros realizaron esta b\u00fasqueda en conjunto con estas agrupaciones de pesca y Bomberos, logrando resultados positivos, no habiendo v\u00edctimas que lamentar ni un accidente de mayor consideraci\u00f3n\u00bb, se\u00f1al\u00f3.<\/p>\n<p style=\"text-align: justify;\">Entre las hip\u00f3tesis del inconveniente, Carabineros indic\u00f3 que esta podr\u00eda estar relacionada con la falta de combustible o alg\u00fan desperfecto en el motor fuera de la borda de la embarcaci\u00f3n.<\/p>\n<\/div><\/section><\/div><div  style='height:50px' class='hr hr-invisible   avia-builder-el-6  el_after_av_one_full  el_before_av_social_share '><span class='hr-inner ' ><span class='hr-inner-style'><\/span><\/span><\/div><\/p>\n<div  class='av-social-sharing-box  avia-builder-el-7  el_after_av_hr  el_before_av_hr  '><div class='av-share-box'><h5 class='av-share-link-description av-no-toc '>Compartir esta noticia<\/h5><ul class='av-share-box-list noLightbox'><li class='av-share-link av-social-link-facebook' ><a target=\"_blank\" aria-label=\"Compartir en Facebook\" href='https:\/\/www.facebook.com\/sharer.php?u=https:\/\/radiorevelacionfm.cl\/?p=48217&#038;t=Tras%20operativo%20conjunto%20entre%20Carabineros%2C%20Bomberos%20y%20la%20comunidad%2C%20localizan%20a%20familia%20extranjera%20que%20qued%C3%B3%20a%20la%20deriva%20en%20Lago%20Rosselot' aria-hidden='false' data-av_icon='\ue8f3' data-av_iconfont='entypo-fontello' title='' data-avia-related-tooltip='Compartir en Facebook' rel=\"noopener\"><span class='avia_hidden_link_text'>Compartir en Facebook<\/span><\/a><\/li><li class='av-share-link av-social-link-twitter' ><a target=\"_blank\" aria-label=\"Compartir en Twitter\" href='https:\/\/twitter.com\/share?text=Tras%20operativo%20conjunto%20entre%20Carabineros%2C%20Bomberos%20y%20la%20comunidad%2C%20localizan%20a%20familia%20extranjera%20que%20qued%C3%B3%20a%20la%20deriva%20en%20Lago%20Rosselot&#038;url=https:\/\/radiorevelacionfm.cl\/?p=48217' aria-hidden='false' data-av_icon='\ue8f1' data-av_iconfont='entypo-fontello' title='' data-avia-related-tooltip='Compartir en Twitter' rel=\"noopener\"><span class='avia_hidden_link_text'>Compartir en Twitter<\/span><\/a><\/li><li class='av-share-link av-social-link-whatsapp' ><a target=\"_blank\" aria-label=\"Compartir en Whatsapp\" href='https:\/\/api.whatsapp.com\/send?text=https:\/\/radiorevelacionfm.cl\/?p=48217' aria-hidden='false' data-av_icon='\uf232' data-av_iconfont='entypo-fontello' title='' data-avia-related-tooltip='Compartir en Whatsapp' rel=\"noopener\"><span class='avia_hidden_link_text'>Compartir en Whatsapp<\/span><\/a><\/li><li class='av-share-link av-social-link-linkedin' ><a target=\"_blank\" aria-label=\"Compartir en LinkedIn\" href='https:\/\/linkedin.com\/shareArticle?mini=true&#038;title=Tras%20operativo%20conjunto%20entre%20Carabineros%2C%20Bomberos%20y%20la%20comunidad%2C%20localizan%20a%20familia%20extranjera%20que%20qued%C3%B3%20a%20la%20deriva%20en%20Lago%20Rosselot&#038;url=https:\/\/radiorevelacionfm.cl\/?p=48217' aria-hidden='false' data-av_icon='\ue8fc' data-av_iconfont='entypo-fontello' title='' data-avia-related-tooltip='Compartir en LinkedIn' rel=\"noopener\"><span class='avia_hidden_link_text'>Compartir en LinkedIn<\/span><\/a><\/li><li class='av-share-link av-social-link-mail' ><a  aria-label=\"Compartir por correo\" href='mailto:?subject=Tras%20operativo%20conjunto%20entre%20Carabineros%2C%20Bomberos%20y%20la%20comunidad%2C%20localizan%20a%20familia%20extranjera%20que%20qued%C3%B3%20a%20la%20deriva%20en%20Lago%20Rosselot&#038;body=https:\/\/radiorevelacionfm.cl\/?p=48217' aria-hidden='false' data-av_icon='\ue805' data-av_iconfont='entypo-fontello' title='' data-avia-related-tooltip='Compartir por correo'><span class='avia_hidden_link_text'>Compartir por correo<\/span><\/a><\/li><\/ul><\/div><\/div>\n<div  style='height:50px' class='hr hr-invisible   avia-builder-el-8  el_after_av_social_share  el_before_av_comments_list '><span class='hr-inner ' ><span class='hr-inner-style'><\/span><\/span><\/div>\n<div  class='av-buildercomment  av-blog-meta-html-info-disabled av-blog-meta-tag-disabled  '><\/div>\n","protected":false},"excerpt":{"rendered":"","protected":false},"author":1,"featured_media":48218,"comment_status":"open","ping_status":"open","sticky":false,"template":"","format":"standard","meta":{"footnotes":""},"categories":[36],"tags":[],"class_list":["post-48217","post","type-post","status-publish","format-standard","has-post-thumbnail","hentry","category-policial"],"jetpack_featured_media_url":"https:\/\/radiorevelacionfm.cl\/wp-content\/uploads\/2024\/11\/aa4b8bf3-fc0b-4410-91a1-27ea88b11338-2-2.jpg","_links":{"self":[{"href":"https:\/\/radiorevelacionfm.cl\/index.php?rest_route=\/wp\/v2\/posts\/48217","targetHints":{"allow":["GET"]}}],"collection":[{"href":"https:\/\/radiorevelacionfm.cl\/index.php?rest_route=\/wp\/v2\/posts"}],"about":[{"href":"https:\/\/radiorevelacionfm.cl\/index.php?rest_route=\/wp\/v2\/types\/post"}],"author":[{"embeddable":true,"href":"https:\/\/radiorevelacionfm.cl\/index.php?rest_route=\/wp\/v2\/users\/1"}],"replies":[{"embeddable":true,"href":"https:\/\/radiorevelacionfm.cl\/index.php?rest_route=%2Fwp%2Fv2%2Fcomments&post=48217"}],"version-history":[{"count":1,"href":"https:\/\/radiorevelacionfm.cl\/index.php?rest_route=\/wp\/v2\/posts\/48217\/revisions"}],"predecessor-version":[{"id":48219,"href":"https:\/\/radiorevelacionfm.cl\/index.php?rest_route=\/wp\/v2\/posts\/48217\/revisions\/48219"}],"wp:featuredmedia":[{"embeddable":true,"href":"https:\/\/radiorevelacionfm.cl\/index.php?rest_route=\/wp\/v2\/media\/48218"}],"wp:attachment":[{"href":"https:\/\/radiorevelacionfm.cl\/index.php?rest_route=%2Fwp%2Fv2%2Fmedia&parent=48217"}],"wp:term":[{"taxonomy":"category","embeddable":true,"href":"https:\/\/radiorevelacionfm.cl\/index.php?rest_route=%2Fwp%2Fv2%2Fcategories&post=48217"},{"taxonomy":"post_tag","embeddable":true,"href":"https:\/\/radiorevelacionfm.cl\/index.php?rest_route=%2Fwp%2Fv2%2Ftags&post=48217"}],"curies":[{"name":"wp","href":"https:\/\/api.w.org\/{rel}","templated":true}]}}