{"id":48214,"date":"2024-11-22T19:11:29","date_gmt":"2024-11-22T22:11:29","guid":{"rendered":"https:\/\/radiorevelacionfm.cl\/?p=48214"},"modified":"2024-11-22T19:11:29","modified_gmt":"2024-11-22T22:11:29","slug":"empresa-salmonera-es-condenada-en-caracter-de-reincidente-al-pago-de-una-multa-millonaria","status":"publish","type":"post","link":"https:\/\/radiorevelacionfm.cl\/?p=48214","title":{"rendered":"Empresa salmonera es condenada en car\u00e1cter de reincidente al pago de una multa millonaria"},"content":{"rendered":"<div class=\"flex_column av_one_full  flex_column_div av-zero-column-padding first  avia-builder-el-0  el_before_av_one_full  avia-builder-el-first  \" style='border-radius:0px; '><div  class='avia-image-container  av-styling-    avia-builder-el-1  avia-builder-el-no-sibling  avia-align-center '  itemprop=\"image\" itemscope=\"itemscope\" itemtype=\"https:\/\/schema.org\/ImageObject\"  ><div class='avia-image-container-inner'><div class='avia-image-overlay-wrap'><img decoding=\"async\" class='wp-image-48215 avia-img-lazy-loading-not-48215 avia_image' src=\"https:\/\/radiorevelacionfm.cl\/wp-content\/uploads\/2024\/11\/16-3-2-2_optimized-2.jpg\" alt='' title='16-3-2-2_optimized-2' height=\"600\" width=\"800\"  itemprop=\"thumbnailUrl\" srcset=\"https:\/\/radiorevelacionfm.cl\/wp-content\/uploads\/2024\/11\/16-3-2-2_optimized-2.jpg 800w, https:\/\/radiorevelacionfm.cl\/wp-content\/uploads\/2024\/11\/16-3-2-2_optimized-2-300x225.jpg 300w, https:\/\/radiorevelacionfm.cl\/wp-content\/uploads\/2024\/11\/16-3-2-2_optimized-2-768x576.jpg 768w, https:\/\/radiorevelacionfm.cl\/wp-content\/uploads\/2024\/11\/16-3-2-2_optimized-2-705x529.jpg 705w, https:\/\/radiorevelacionfm.cl\/wp-content\/uploads\/2024\/11\/16-3-2-2_optimized-2-450x338.jpg 450w, https:\/\/radiorevelacionfm.cl\/wp-content\/uploads\/2024\/11\/16-3-2-2_optimized-2-600x450.jpg 600w\" sizes=\"(max-width: 800px) 100vw, 800px\" \/><\/div><\/div><\/div><\/div><div class=\"flex_column av_one_full  flex_column_div av-zero-column-padding first  avia-builder-el-2  el_after_av_one_full  el_before_av_one_full  column-top-margin\" style='border-radius:0px; '><section class=\"av_textblock_section \"  itemscope=\"itemscope\" itemtype=\"https:\/\/schema.org\/BlogPosting\" itemprop=\"blogPost\" ><div class='avia_textblock  '   itemprop=\"text\" ><p style=\"text-align: center;\"><span style=\"font-size: 18pt;\"><b>Empresa salmonera es condenada en car\u00e1cter de reincidente al pago de una multa millonaria<\/b><\/span><\/p>\n<div id=\"gtx-trans\" style=\"position: absolute; left: -50px; top: 4.31534px;\">\n<div class=\"gtx-trans-icon\"><\/div>\n<\/div>\n<\/div><\/section><\/div><div class=\"flex_column av_one_full  flex_column_div av-zero-column-padding first  avia-builder-el-4  el_after_av_one_full  el_before_av_hr  column-top-margin\" style='border-radius:0px; '><section class=\"av_textblock_section \"  itemscope=\"itemscope\" itemtype=\"https:\/\/schema.org\/BlogPosting\" itemprop=\"blogPost\" ><div class='avia_textblock  '   itemprop=\"text\" ><p class=\"v1MsoNormal\" style=\"text-align: justify;\">La Corte de Apelaciones de Ays\u00e9n conden\u00f3 a la empresa Salmones Multiexport S.A al pago de una multa por no extraer mortalidad diaria y por no utilizar contenedores exclusivos que impidan posibles derrames, acceso a depredadores o contaminaciones cruzadas hacia el medio ambiente o sobre otras unidades de cultivo desde el centro de cultivo Puyuhuapi 2.<\/p>\n<p class=\"v1MsoNormal\" style=\"text-align: justify;\">En el marco de las labores de fiscalizaci\u00f3n realizadas por funcionarios del Servicio Nacional de Pesca y Acuicultura de Ays\u00e9n, se detectaron hechos que constituyen infracci\u00f3n a la normativa acu\u00edcola, es por ello que Sernapesca present\u00f3 una denuncia ante el Juzgado de Letras y Garant\u00eda de Puerto Ays\u00e9n, present\u00e1ndose en forma posterior un recurso de apelaci\u00f3n, por lo que la empresa deber\u00e1 pagar una multa de 300 Unidades Tributarias Mensuales (UTM), lo que equivale\u00a0a la fecha a $19.988.400-.<\/p>\n<p class=\"v1MsoNormal\" style=\"text-align: justify;\">Daniela Leiva, directora regional de Sernapesca Ays\u00e9n coment\u00f3 que \u00abFue acreditado por Sernapesca el mal manejo de la mortalidad por parte del centro, dado que no fueron adoptadas las medidas de protecci\u00f3n dispuestas en los programas sanitarios. Lo anterior se suma, al hecho que el titular fue condenado en car\u00e1cter de reincidente, lo que agrava la conducta\u00bb.<\/p>\n<p class=\"v1MsoNormal\" style=\"text-align: justify;\">La autoridad regional agreg\u00f3 que: \u00abestamos conformes con la decisi\u00f3n del tribunal, ya que da cuenta de la importancia que es que las empresas den cumplimiento a la normativa vigente, y a las medidas de protecci\u00f3n. Desde Sernapesca continuaremos fiscalizando la actividad acu\u00edcola presencialmente, con sobrevuelos en la zona, y tambi\u00e9n de manera remota y documental. Esperamos una mejora en la conducta y en el cumplimiento normativo por parte de las empresas salmoneras, evitando reincidencias\u00bb.<\/p>\n<\/div><\/section><\/div><div  style='height:50px' class='hr hr-invisible   avia-builder-el-6  el_after_av_one_full  el_before_av_social_share '><span class='hr-inner ' ><span class='hr-inner-style'><\/span><\/span><\/div><\/p>\n<div  class='av-social-sharing-box  avia-builder-el-7  el_after_av_hr  el_before_av_hr  '><div class='av-share-box'><h5 class='av-share-link-description av-no-toc '>Compartir esta noticia<\/h5><ul class='av-share-box-list noLightbox'><li class='av-share-link av-social-link-facebook' ><a target=\"_blank\" aria-label=\"Compartir en Facebook\" href='https:\/\/www.facebook.com\/sharer.php?u=https:\/\/radiorevelacionfm.cl\/?p=48214&#038;t=Empresa%20salmonera%20es%20condenada%20en%20car%C3%A1cter%20de%20reincidente%20al%20pago%20de%20una%20multa%20millonaria' aria-hidden='false' data-av_icon='\ue8f3' data-av_iconfont='entypo-fontello' title='' data-avia-related-tooltip='Compartir en Facebook' rel=\"noopener\"><span class='avia_hidden_link_text'>Compartir en Facebook<\/span><\/a><\/li><li class='av-share-link av-social-link-twitter' ><a target=\"_blank\" aria-label=\"Compartir en Twitter\" href='https:\/\/twitter.com\/share?text=Empresa%20salmonera%20es%20condenada%20en%20car%C3%A1cter%20de%20reincidente%20al%20pago%20de%20una%20multa%20millonaria&#038;url=https:\/\/radiorevelacionfm.cl\/?p=48214' aria-hidden='false' data-av_icon='\ue8f1' data-av_iconfont='entypo-fontello' title='' data-avia-related-tooltip='Compartir en Twitter' rel=\"noopener\"><span class='avia_hidden_link_text'>Compartir en Twitter<\/span><\/a><\/li><li class='av-share-link av-social-link-whatsapp' ><a target=\"_blank\" aria-label=\"Compartir en Whatsapp\" href='https:\/\/api.whatsapp.com\/send?text=https:\/\/radiorevelacionfm.cl\/?p=48214' aria-hidden='false' data-av_icon='\uf232' data-av_iconfont='entypo-fontello' title='' data-avia-related-tooltip='Compartir en Whatsapp' rel=\"noopener\"><span class='avia_hidden_link_text'>Compartir en Whatsapp<\/span><\/a><\/li><li class='av-share-link av-social-link-linkedin' ><a target=\"_blank\" aria-label=\"Compartir en LinkedIn\" href='https:\/\/linkedin.com\/shareArticle?mini=true&#038;title=Empresa%20salmonera%20es%20condenada%20en%20car%C3%A1cter%20de%20reincidente%20al%20pago%20de%20una%20multa%20millonaria&#038;url=https:\/\/radiorevelacionfm.cl\/?p=48214' aria-hidden='false' data-av_icon='\ue8fc' data-av_iconfont='entypo-fontello' title='' data-avia-related-tooltip='Compartir en LinkedIn' rel=\"noopener\"><span class='avia_hidden_link_text'>Compartir en LinkedIn<\/span><\/a><\/li><li class='av-share-link av-social-link-mail' ><a  aria-label=\"Compartir por correo\" href='mailto:?subject=Empresa%20salmonera%20es%20condenada%20en%20car%C3%A1cter%20de%20reincidente%20al%20pago%20de%20una%20multa%20millonaria&#038;body=https:\/\/radiorevelacionfm.cl\/?p=48214' aria-hidden='false' data-av_icon='\ue805' data-av_iconfont='entypo-fontello' title='' data-avia-related-tooltip='Compartir por correo'><span class='avia_hidden_link_text'>Compartir por correo<\/span><\/a><\/li><\/ul><\/div><\/div>\n<div  style='height:50px' class='hr hr-invisible   avia-builder-el-8  el_after_av_social_share  el_before_av_comments_list '><span class='hr-inner ' ><span class='hr-inner-style'><\/span><\/span><\/div>\n<div  class='av-buildercomment  av-blog-meta-html-info-disabled av-blog-meta-tag-disabled  '><\/div>\n","protected":false},"excerpt":{"rendered":"","protected":false},"author":1,"featured_media":48215,"comment_status":"open","ping_status":"open","sticky":false,"template":"","format":"standard","meta":{"footnotes":""},"categories":[60],"tags":[],"class_list":["post-48214","post","type-post","status-publish","format-standard","has-post-thumbnail","hentry","category-pesca"],"jetpack_featured_media_url":"https:\/\/radiorevelacionfm.cl\/wp-content\/uploads\/2024\/11\/16-3-2-2_optimized-2.jpg","_links":{"self":[{"href":"https:\/\/radiorevelacionfm.cl\/index.php?rest_route=\/wp\/v2\/posts\/48214","targetHints":{"allow":["GET"]}}],"collection":[{"href":"https:\/\/radiorevelacionfm.cl\/index.php?rest_route=\/wp\/v2\/posts"}],"about":[{"href":"https:\/\/radiorevelacionfm.cl\/index.php?rest_route=\/wp\/v2\/types\/post"}],"author":[{"embeddable":true,"href":"https:\/\/radiorevelacionfm.cl\/index.php?rest_route=\/wp\/v2\/users\/1"}],"replies":[{"embeddable":true,"href":"https:\/\/radiorevelacionfm.cl\/index.php?rest_route=%2Fwp%2Fv2%2Fcomments&post=48214"}],"version-history":[{"count":1,"href":"https:\/\/radiorevelacionfm.cl\/index.php?rest_route=\/wp\/v2\/posts\/48214\/revisions"}],"predecessor-version":[{"id":48216,"href":"https:\/\/radiorevelacionfm.cl\/index.php?rest_route=\/wp\/v2\/posts\/48214\/revisions\/48216"}],"wp:featuredmedia":[{"embeddable":true,"href":"https:\/\/radiorevelacionfm.cl\/index.php?rest_route=\/wp\/v2\/media\/48215"}],"wp:attachment":[{"href":"https:\/\/radiorevelacionfm.cl\/index.php?rest_route=%2Fwp%2Fv2%2Fmedia&parent=48214"}],"wp:term":[{"taxonomy":"category","embeddable":true,"href":"https:\/\/radiorevelacionfm.cl\/index.php?rest_route=%2Fwp%2Fv2%2Fcategories&post=48214"},{"taxonomy":"post_tag","embeddable":true,"href":"https:\/\/radiorevelacionfm.cl\/index.php?rest_route=%2Fwp%2Fv2%2Ftags&post=48214"}],"curies":[{"name":"wp","href":"https:\/\/api.w.org\/{rel}","templated":true}]}}