{"id":48209,"date":"2024-11-23T12:32:58","date_gmt":"2024-11-23T15:32:58","guid":{"rendered":"https:\/\/radiorevelacionfm.cl\/?p=48209"},"modified":"2024-11-23T12:32:58","modified_gmt":"2024-11-23T15:32:58","slug":"carabineros-recibira-constancias-en-segunda-votacion-de-gobernadores-este-fin-de-semana","status":"publish","type":"post","link":"https:\/\/radiorevelacionfm.cl\/?p=48209","title":{"rendered":"Carabineros recibir\u00e1 constancias en segunda votaci\u00f3n de Gobernadores, este fin de semana"},"content":{"rendered":"<div class=\"flex_column av_one_full  flex_column_div av-zero-column-padding first  avia-builder-el-0  el_before_av_one_full  avia-builder-el-first  \" style='border-radius:0px; '><div  class='avia-image-container  av-styling-    avia-builder-el-1  avia-builder-el-no-sibling  avia-align-center '  itemprop=\"image\" itemscope=\"itemscope\" itemtype=\"https:\/\/schema.org\/ImageObject\"  ><div class='avia-image-container-inner'><div class='avia-image-overlay-wrap'><img decoding=\"async\" class='wp-image-48210 avia-img-lazy-loading-not-48210 avia_image' src=\"https:\/\/radiorevelacionfm.cl\/wp-content\/uploads\/2024\/11\/IMG_0806-2-2.jpg\" alt='' title='IMG_0806-2-2' height=\"600\" width=\"800\"  itemprop=\"thumbnailUrl\" srcset=\"https:\/\/radiorevelacionfm.cl\/wp-content\/uploads\/2024\/11\/IMG_0806-2-2.jpg 800w, https:\/\/radiorevelacionfm.cl\/wp-content\/uploads\/2024\/11\/IMG_0806-2-2-300x225.jpg 300w, https:\/\/radiorevelacionfm.cl\/wp-content\/uploads\/2024\/11\/IMG_0806-2-2-768x576.jpg 768w, https:\/\/radiorevelacionfm.cl\/wp-content\/uploads\/2024\/11\/IMG_0806-2-2-705x529.jpg 705w, https:\/\/radiorevelacionfm.cl\/wp-content\/uploads\/2024\/11\/IMG_0806-2-2-450x338.jpg 450w, https:\/\/radiorevelacionfm.cl\/wp-content\/uploads\/2024\/11\/IMG_0806-2-2-600x450.jpg 600w\" sizes=\"(max-width: 800px) 100vw, 800px\" \/><\/div><\/div><\/div><\/div><div class=\"flex_column av_one_full  flex_column_div av-zero-column-padding first  avia-builder-el-2  el_after_av_one_full  el_before_av_one_full  column-top-margin\" style='border-radius:0px; '><section class=\"av_textblock_section \"  itemscope=\"itemscope\" itemtype=\"https:\/\/schema.org\/BlogPosting\" itemprop=\"blogPost\" ><div class='avia_textblock  '   itemprop=\"text\" ><p style=\"text-align: center;\"><strong><span style=\"font-size: 18pt;\">Carabineros recibir\u00e1 constancias en segunda votaci\u00f3n de Gobernadores, este fin de semana<\/span><\/strong><\/p>\n<div id=\"gtx-trans\" style=\"position: absolute; left: -50px; top: 4.31534px;\">\n<div class=\"gtx-trans-icon\"><\/div>\n<\/div>\n<\/div><\/section><\/div><div class=\"flex_column av_one_full  flex_column_div av-zero-column-padding first  avia-builder-el-4  el_after_av_one_full  el_before_av_hr  column-top-margin\" style='border-radius:0px; '><section class=\"av_textblock_section \"  itemscope=\"itemscope\" itemtype=\"https:\/\/schema.org\/BlogPosting\" itemprop=\"blogPost\" ><div class='avia_textblock  '   itemprop=\"text\" ><p style=\"text-align: justify;\">El pr\u00f3ximo domingo 24 se realizar\u00e1 la segunda votaci\u00f3n de Gobernadores Regionales en 11 regiones del pa\u00eds: Arica y Parinacota, Antofagasta, Atacama, Coquimbo, Valpara\u00edso, Metropolitana, O\u2019Higgins, Maule, Biob\u00edo, La Araucan\u00eda y Los Lagos.<\/p>\n<p style=\"text-align: justify;\">Si una persona no asiste a votar, no necesita hacer ning\u00fan tr\u00e1mite ante el Servel, debe esperar la citaci\u00f3n del Juez de Polic\u00eda Local correspondiente al domicilio electoral, la que llega en los meses siguientes.<\/p>\n<p style=\"text-align: justify;\">En ese caso, es importante guardar la documentaci\u00f3n o medio de prueba para presentar ante el juez. En esa instancia podr\u00e1n excusarse quienes acrediten enfermedad, que se encontraban fuera del pa\u00eds, que desempe\u00f1aron funciones que establece la ley 18.700 para que la votaci\u00f3n se lleve a cabo, se vieron afectados de un impedimento grave o se encontraban a m\u00e1s de 200 km del local de votaci\u00f3n.<\/p>\n<p style=\"text-align: justify;\">El Delegado Presidencial Regional, Jorge D\u00edaz Guzm\u00e1n, indic\u00f3 que en la Regi\u00f3n de Ays\u00e9n se han realizado todas las coordinaciones para que este proceso se desarrolle en forma expedita en comisar\u00edas, tenencias o retenes de Carabineros.<\/p>\n<p style=\"text-align: justify;\">\u201cHay segunda vuelta de las elecciones de gobernadores y gobernadoras regionales. Si bien es cierto nuestra regi\u00f3n ya tiene resuelta electoralmente esa instancia, hay muchos ciudadanos y ciudadanas que pueden estar en nuestra regi\u00f3n y que est\u00e1n imposibilitados de ir a votar a estas regiones donde se va a desarrollar la jornada electoral. Por ello, Carabineros va a estar a disposici\u00f3n para que los ciudadanos se puedan justificar respecto de su deber c\u00edvico en estas regiones\u201d, se\u00f1al\u00f3.<\/p>\n<p style=\"text-align: justify;\">El Jefe de la XI Zona de Carabineros de Ays\u00e9n, General Eduardo Palma Fuentes, agreg\u00f3 que todas las unidades estar\u00e1n disponibles entre las 08:00 y 23:59 horas del pr\u00f3ximo domingo.<\/p>\n<p style=\"text-align: justify;\">\u201cCarabineros de Chile est\u00e1 preparado, se hicieron reuniones, se instruy\u00f3 a nuestra gente para ir a esta segunda vuelta y tomar las constancias de aquellos ciudadanos que se encuentren a m\u00e1s de 200 kil\u00f3metros de distancia. Todos nuestros destacamentos van a estar a disposici\u00f3n desde las 08:00 hasta las 23:59 horas para acoger a aquellos ciudadanos que no puedan ir a votar y que se encuentren a m\u00e1s de 200 kil\u00f3metros de su local de votaci\u00f3n\u201d, puntualiz\u00f3.<\/p>\n<p style=\"text-align: justify;\">En el caso de los vocales que ejercieron efectivamente su rol en octubre, seg\u00fan indica la ley, deber\u00e1n desempe\u00f1arse nuevamente como tales este 24 de noviembre. La misma normativa establece que el no asistir a cumplir con la funci\u00f3n de vocal tiene una sanci\u00f3n que puede ir desde 2 a 8 UTM seg\u00fan lo decida el Juez de Polic\u00eda Local (entre $133.122 a $532.488).<\/p>\n<\/div><\/section><\/div><div  style='height:50px' class='hr hr-invisible   avia-builder-el-6  el_after_av_one_full  el_before_av_social_share '><span class='hr-inner ' ><span class='hr-inner-style'><\/span><\/span><\/div><\/p>\n<div  class='av-social-sharing-box  avia-builder-el-7  el_after_av_hr  el_before_av_hr  '><div class='av-share-box'><h5 class='av-share-link-description av-no-toc '>Compartir esta noticia<\/h5><ul class='av-share-box-list noLightbox'><li class='av-share-link av-social-link-facebook' ><a target=\"_blank\" aria-label=\"Compartir en Facebook\" href='https:\/\/www.facebook.com\/sharer.php?u=https:\/\/radiorevelacionfm.cl\/?p=48209&#038;t=Carabineros%20recibir%C3%A1%20constancias%20en%20segunda%20votaci%C3%B3n%20de%20Gobernadores%2C%20este%20fin%20de%20semana' aria-hidden='false' data-av_icon='\ue8f3' data-av_iconfont='entypo-fontello' title='' data-avia-related-tooltip='Compartir en Facebook' rel=\"noopener\"><span class='avia_hidden_link_text'>Compartir en Facebook<\/span><\/a><\/li><li class='av-share-link av-social-link-twitter' ><a target=\"_blank\" aria-label=\"Compartir en Twitter\" href='https:\/\/twitter.com\/share?text=Carabineros%20recibir%C3%A1%20constancias%20en%20segunda%20votaci%C3%B3n%20de%20Gobernadores%2C%20este%20fin%20de%20semana&#038;url=https:\/\/radiorevelacionfm.cl\/?p=48209' aria-hidden='false' data-av_icon='\ue8f1' data-av_iconfont='entypo-fontello' title='' data-avia-related-tooltip='Compartir en Twitter' rel=\"noopener\"><span class='avia_hidden_link_text'>Compartir en Twitter<\/span><\/a><\/li><li class='av-share-link av-social-link-whatsapp' ><a target=\"_blank\" aria-label=\"Compartir en Whatsapp\" href='https:\/\/api.whatsapp.com\/send?text=https:\/\/radiorevelacionfm.cl\/?p=48209' aria-hidden='false' data-av_icon='\uf232' data-av_iconfont='entypo-fontello' title='' data-avia-related-tooltip='Compartir en Whatsapp' rel=\"noopener\"><span class='avia_hidden_link_text'>Compartir en Whatsapp<\/span><\/a><\/li><li class='av-share-link av-social-link-linkedin' ><a target=\"_blank\" aria-label=\"Compartir en LinkedIn\" href='https:\/\/linkedin.com\/shareArticle?mini=true&#038;title=Carabineros%20recibir%C3%A1%20constancias%20en%20segunda%20votaci%C3%B3n%20de%20Gobernadores%2C%20este%20fin%20de%20semana&#038;url=https:\/\/radiorevelacionfm.cl\/?p=48209' aria-hidden='false' data-av_icon='\ue8fc' data-av_iconfont='entypo-fontello' title='' data-avia-related-tooltip='Compartir en LinkedIn' rel=\"noopener\"><span class='avia_hidden_link_text'>Compartir en LinkedIn<\/span><\/a><\/li><li class='av-share-link av-social-link-mail' ><a  aria-label=\"Compartir por correo\" href='mailto:?subject=Carabineros%20recibir%C3%A1%20constancias%20en%20segunda%20votaci%C3%B3n%20de%20Gobernadores%2C%20este%20fin%20de%20semana&#038;body=https:\/\/radiorevelacionfm.cl\/?p=48209' aria-hidden='false' data-av_icon='\ue805' data-av_iconfont='entypo-fontello' title='' data-avia-related-tooltip='Compartir por correo'><span class='avia_hidden_link_text'>Compartir por correo<\/span><\/a><\/li><\/ul><\/div><\/div>\n<div  style='height:50px' class='hr hr-invisible   avia-builder-el-8  el_after_av_social_share  el_before_av_comments_list '><span class='hr-inner ' ><span class='hr-inner-style'><\/span><\/span><\/div>\n<div  class='av-buildercomment  av-blog-meta-html-info-disabled av-blog-meta-tag-disabled  '><\/div>\n","protected":false},"excerpt":{"rendered":"","protected":false},"author":1,"featured_media":48210,"comment_status":"open","ping_status":"open","sticky":false,"template":"","format":"standard","meta":{"footnotes":""},"categories":[38],"tags":[],"class_list":["post-48209","post","type-post","status-publish","format-standard","has-post-thumbnail","hentry","category-regional"],"jetpack_featured_media_url":"https:\/\/radiorevelacionfm.cl\/wp-content\/uploads\/2024\/11\/IMG_0806-2-2.jpg","_links":{"self":[{"href":"https:\/\/radiorevelacionfm.cl\/index.php?rest_route=\/wp\/v2\/posts\/48209","targetHints":{"allow":["GET"]}}],"collection":[{"href":"https:\/\/radiorevelacionfm.cl\/index.php?rest_route=\/wp\/v2\/posts"}],"about":[{"href":"https:\/\/radiorevelacionfm.cl\/index.php?rest_route=\/wp\/v2\/types\/post"}],"author":[{"embeddable":true,"href":"https:\/\/radiorevelacionfm.cl\/index.php?rest_route=\/wp\/v2\/users\/1"}],"replies":[{"embeddable":true,"href":"https:\/\/radiorevelacionfm.cl\/index.php?rest_route=%2Fwp%2Fv2%2Fcomments&post=48209"}],"version-history":[{"count":1,"href":"https:\/\/radiorevelacionfm.cl\/index.php?rest_route=\/wp\/v2\/posts\/48209\/revisions"}],"predecessor-version":[{"id":48211,"href":"https:\/\/radiorevelacionfm.cl\/index.php?rest_route=\/wp\/v2\/posts\/48209\/revisions\/48211"}],"wp:featuredmedia":[{"embeddable":true,"href":"https:\/\/radiorevelacionfm.cl\/index.php?rest_route=\/wp\/v2\/media\/48210"}],"wp:attachment":[{"href":"https:\/\/radiorevelacionfm.cl\/index.php?rest_route=%2Fwp%2Fv2%2Fmedia&parent=48209"}],"wp:term":[{"taxonomy":"category","embeddable":true,"href":"https:\/\/radiorevelacionfm.cl\/index.php?rest_route=%2Fwp%2Fv2%2Fcategories&post=48209"},{"taxonomy":"post_tag","embeddable":true,"href":"https:\/\/radiorevelacionfm.cl\/index.php?rest_route=%2Fwp%2Fv2%2Ftags&post=48209"}],"curies":[{"name":"wp","href":"https:\/\/api.w.org\/{rel}","templated":true}]}}