{"id":48206,"date":"2024-11-22T21:31:11","date_gmt":"2024-11-23T00:31:11","guid":{"rendered":"https:\/\/radiorevelacionfm.cl\/?p=48206"},"modified":"2024-11-22T21:31:11","modified_gmt":"2024-11-23T00:31:11","slug":"calisto-y-grupo-transversal-de-parlamentarios-presentan-indicacion-a-proyecto-que-amplia-subsidio-electrico-para-renegociacion-de-contratos","status":"publish","type":"post","link":"https:\/\/radiorevelacionfm.cl\/?p=48206","title":{"rendered":"Calisto y grupo transversal de parlamentarios presentan indicaci\u00f3n a proyecto que ampl\u00eda subsidio el\u00e9ctrico para renegociaci\u00f3n de contratos"},"content":{"rendered":"<div class=\"flex_column av_one_full  flex_column_div av-zero-column-padding first  avia-builder-el-0  el_before_av_one_full  avia-builder-el-first  \" style='border-radius:0px; '><div  class='avia-image-container  av-styling-    avia-builder-el-1  avia-builder-el-no-sibling  avia-align-center '  itemprop=\"image\" itemscope=\"itemscope\" itemtype=\"https:\/\/schema.org\/ImageObject\"  ><div class='avia-image-container-inner'><div class='avia-image-overlay-wrap'><img decoding=\"async\" class='wp-image-48207 avia-img-lazy-loading-not-48207 avia_image' src=\"https:\/\/radiorevelacionfm.cl\/wp-content\/uploads\/2024\/11\/CALISTO-CONGRESO-NOV-2024-2-2.jpg\" alt='' title='CALISTO-CONGRESO-NOV-2024-2-2' height=\"600\" width=\"900\"  itemprop=\"thumbnailUrl\" srcset=\"https:\/\/radiorevelacionfm.cl\/wp-content\/uploads\/2024\/11\/CALISTO-CONGRESO-NOV-2024-2-2.jpg 900w, https:\/\/radiorevelacionfm.cl\/wp-content\/uploads\/2024\/11\/CALISTO-CONGRESO-NOV-2024-2-2-300x200.jpg 300w, https:\/\/radiorevelacionfm.cl\/wp-content\/uploads\/2024\/11\/CALISTO-CONGRESO-NOV-2024-2-2-768x512.jpg 768w, https:\/\/radiorevelacionfm.cl\/wp-content\/uploads\/2024\/11\/CALISTO-CONGRESO-NOV-2024-2-2-705x470.jpg 705w, https:\/\/radiorevelacionfm.cl\/wp-content\/uploads\/2024\/11\/CALISTO-CONGRESO-NOV-2024-2-2-450x300.jpg 450w, https:\/\/radiorevelacionfm.cl\/wp-content\/uploads\/2024\/11\/CALISTO-CONGRESO-NOV-2024-2-2-600x400.jpg 600w\" sizes=\"(max-width: 900px) 100vw, 900px\" \/><\/div><\/div><\/div><\/div><div class=\"flex_column av_one_full  flex_column_div av-zero-column-padding first  avia-builder-el-2  el_after_av_one_full  el_before_av_one_full  column-top-margin\" style='border-radius:0px; '><section class=\"av_textblock_section \"  itemscope=\"itemscope\" itemtype=\"https:\/\/schema.org\/BlogPosting\" itemprop=\"blogPost\" ><div class='avia_textblock  '   itemprop=\"text\" ><p style=\"text-align: center;\"><span style=\"font-size: 18pt;\"><b><span lang=\"ES-CL\">Calisto y grupo transversal de parlamentarios presentan indicaci\u00f3n a proyecto que ampl\u00eda subsidio el\u00e9ctrico para renegociaci\u00f3n de contratos<\/span><\/b><\/span><\/p>\n<div id=\"gtx-trans\" style=\"position: absolute; left: -50px; top: 4.31534px;\">\n<div class=\"gtx-trans-icon\"><\/div>\n<\/div>\n<\/div><\/section><\/div><div class=\"flex_column av_one_full  flex_column_div av-zero-column-padding first  avia-builder-el-4  el_after_av_one_full  el_before_av_hr  column-top-margin\" style='border-radius:0px; '><section class=\"av_textblock_section \"  itemscope=\"itemscope\" itemtype=\"https:\/\/schema.org\/BlogPosting\" itemprop=\"blogPost\" ><div class='avia_textblock  '   itemprop=\"text\" ><p style=\"text-align: justify;\"><em>El legislador tambi\u00e9n inst\u00f3 al gobierno para que el subsidio el\u00e9ctrico sea autom\u00e1tico y sea permanente. \u00a0<\/em><\/p>\n<p style=\"text-align: justify;\">El diputado Miguel \u00c1ngel Calisto y un grupo transversal de parlamentarios presentaron una indicaci\u00f3n al proyecto que ampl\u00eda el subsidio el\u00e9ctrico buscando que el Ministerio de Energ\u00eda genere una propuesta para renegociar los contratos y as\u00ed poder reducir las tarifas del suministro de forma significativa y sostenida.<\/p>\n<p style=\"text-align: justify;\">Seg\u00fan el diputado Miguel \u00c1ngel Calisto, \u201cqueremos hacer un llamado al Gobierno a que tenga en cuenta que el alza de la tarifa el\u00e9ctrica golpea fuertemente a las familias m\u00e1s pobres de nuestro pa\u00eds. Y ese impacto ha sido del 64% si consideramos el alza que viene para el pr\u00f3ximo a\u00f1o. El gobierno no ha hecho nada, porque el famoso subsidio el\u00e9ctrico, que tiene una cobertura hoy d\u00eda del 64% de las familias a las cuales estaba focalizado, adem\u00e1s no genera un impacto para reducir el alza\u201d.<\/p>\n<p style=\"text-align: justify;\">\u201cNosotros realmente esperamos que se d\u00e9 una soluci\u00f3n definitiva y por eso es que este Congreso ha advertido este problema hace m\u00e1s de un a\u00f1o. Le hemos dicho al se\u00f1or Ministro Pardow que es importante la renegociaci\u00f3n de los contratos con las el\u00e9ctricas\u201d, asegur\u00f3.<\/p>\n<p style=\"text-align: justify;\">Adem\u00e1s, indic\u00f3 que \u201choy d\u00eda se han incorporado energ\u00edas renovables no convencionales y esas no est\u00e1n consideradas en los contratos que el Estado mantiene con las el\u00e9ctricas. Tambi\u00e9n es fundamental que este subsidio sea autom\u00e1tico y se entregue de forma permanente. La segunda convocatoria a este beneficio fue un fracaso, y de eso se tiene que aprender\u201d.<\/p>\n<p style=\"text-align: justify;\">Finalmente, el diputado se\u00f1al\u00f3 que \u201cle hacemos un llamado a este gobierno que dice ser progresista, de avanzada, un gobierno que est\u00e1 preocupado por los pobres y de la clase media, para que realmente demuestre su visi\u00f3n pol\u00edtica y que se siente con las el\u00e9ctricas y le d\u00e9 una se\u00f1al concreta a las familias chilenas para reducir la tarifa el\u00e9ctrica\u201d.<\/p>\n<\/div><\/section><\/div><div  style='height:50px' class='hr hr-invisible   avia-builder-el-6  el_after_av_one_full  el_before_av_social_share '><span class='hr-inner ' ><span class='hr-inner-style'><\/span><\/span><\/div><\/p>\n<div  class='av-social-sharing-box  avia-builder-el-7  el_after_av_hr  el_before_av_hr  '><div class='av-share-box'><h5 class='av-share-link-description av-no-toc '>Compartir esta noticia<\/h5><ul class='av-share-box-list noLightbox'><li class='av-share-link av-social-link-facebook' ><a target=\"_blank\" aria-label=\"Compartir en Facebook\" href='https:\/\/www.facebook.com\/sharer.php?u=https:\/\/radiorevelacionfm.cl\/?p=48206&#038;t=Calisto%20y%20grupo%20transversal%20de%20parlamentarios%20presentan%20indicaci%C3%B3n%20a%20proyecto%20que%20ampl%C3%ADa%20subsidio%20el%C3%A9ctrico%20para%20renegociaci%C3%B3n%20de%20contratos' aria-hidden='false' data-av_icon='\ue8f3' data-av_iconfont='entypo-fontello' title='' data-avia-related-tooltip='Compartir en Facebook' rel=\"noopener\"><span class='avia_hidden_link_text'>Compartir en Facebook<\/span><\/a><\/li><li class='av-share-link av-social-link-twitter' ><a target=\"_blank\" aria-label=\"Compartir en Twitter\" href='https:\/\/twitter.com\/share?text=Calisto%20y%20grupo%20transversal%20de%20parlamentarios%20presentan%20indicaci%C3%B3n%20a%20proyecto%20que%20ampl%C3%ADa%20subsidio%20el%C3%A9ctrico%20para%20renegociaci%C3%B3n%20de%20contratos&#038;url=https:\/\/radiorevelacionfm.cl\/?p=48206' aria-hidden='false' data-av_icon='\ue8f1' data-av_iconfont='entypo-fontello' title='' data-avia-related-tooltip='Compartir en Twitter' rel=\"noopener\"><span class='avia_hidden_link_text'>Compartir en Twitter<\/span><\/a><\/li><li class='av-share-link av-social-link-whatsapp' ><a target=\"_blank\" aria-label=\"Compartir en Whatsapp\" href='https:\/\/api.whatsapp.com\/send?text=https:\/\/radiorevelacionfm.cl\/?p=48206' aria-hidden='false' data-av_icon='\uf232' data-av_iconfont='entypo-fontello' title='' data-avia-related-tooltip='Compartir en Whatsapp' rel=\"noopener\"><span class='avia_hidden_link_text'>Compartir en Whatsapp<\/span><\/a><\/li><li class='av-share-link av-social-link-linkedin' ><a target=\"_blank\" aria-label=\"Compartir en LinkedIn\" href='https:\/\/linkedin.com\/shareArticle?mini=true&#038;title=Calisto%20y%20grupo%20transversal%20de%20parlamentarios%20presentan%20indicaci%C3%B3n%20a%20proyecto%20que%20ampl%C3%ADa%20subsidio%20el%C3%A9ctrico%20para%20renegociaci%C3%B3n%20de%20contratos&#038;url=https:\/\/radiorevelacionfm.cl\/?p=48206' aria-hidden='false' data-av_icon='\ue8fc' data-av_iconfont='entypo-fontello' title='' data-avia-related-tooltip='Compartir en LinkedIn' rel=\"noopener\"><span class='avia_hidden_link_text'>Compartir en LinkedIn<\/span><\/a><\/li><li class='av-share-link av-social-link-mail' ><a  aria-label=\"Compartir por correo\" href='mailto:?subject=Calisto%20y%20grupo%20transversal%20de%20parlamentarios%20presentan%20indicaci%C3%B3n%20a%20proyecto%20que%20ampl%C3%ADa%20subsidio%20el%C3%A9ctrico%20para%20renegociaci%C3%B3n%20de%20contratos&#038;body=https:\/\/radiorevelacionfm.cl\/?p=48206' aria-hidden='false' data-av_icon='\ue805' data-av_iconfont='entypo-fontello' title='' data-avia-related-tooltip='Compartir por correo'><span class='avia_hidden_link_text'>Compartir por correo<\/span><\/a><\/li><\/ul><\/div><\/div>\n<div  style='height:50px' class='hr hr-invisible   avia-builder-el-8  el_after_av_social_share  el_before_av_comments_list '><span class='hr-inner ' ><span class='hr-inner-style'><\/span><\/span><\/div>\n<div  class='av-buildercomment  av-blog-meta-html-info-disabled av-blog-meta-tag-disabled  '><\/div>\n","protected":false},"excerpt":{"rendered":"","protected":false},"author":1,"featured_media":48207,"comment_status":"open","ping_status":"open","sticky":false,"template":"","format":"standard","meta":{"footnotes":""},"categories":[35],"tags":[],"class_list":["post-48206","post","type-post","status-publish","format-standard","has-post-thumbnail","hentry","category-politica"],"jetpack_featured_media_url":"https:\/\/radiorevelacionfm.cl\/wp-content\/uploads\/2024\/11\/CALISTO-CONGRESO-NOV-2024-2-2.jpg","_links":{"self":[{"href":"https:\/\/radiorevelacionfm.cl\/index.php?rest_route=\/wp\/v2\/posts\/48206","targetHints":{"allow":["GET"]}}],"collection":[{"href":"https:\/\/radiorevelacionfm.cl\/index.php?rest_route=\/wp\/v2\/posts"}],"about":[{"href":"https:\/\/radiorevelacionfm.cl\/index.php?rest_route=\/wp\/v2\/types\/post"}],"author":[{"embeddable":true,"href":"https:\/\/radiorevelacionfm.cl\/index.php?rest_route=\/wp\/v2\/users\/1"}],"replies":[{"embeddable":true,"href":"https:\/\/radiorevelacionfm.cl\/index.php?rest_route=%2Fwp%2Fv2%2Fcomments&post=48206"}],"version-history":[{"count":1,"href":"https:\/\/radiorevelacionfm.cl\/index.php?rest_route=\/wp\/v2\/posts\/48206\/revisions"}],"predecessor-version":[{"id":48208,"href":"https:\/\/radiorevelacionfm.cl\/index.php?rest_route=\/wp\/v2\/posts\/48206\/revisions\/48208"}],"wp:featuredmedia":[{"embeddable":true,"href":"https:\/\/radiorevelacionfm.cl\/index.php?rest_route=\/wp\/v2\/media\/48207"}],"wp:attachment":[{"href":"https:\/\/radiorevelacionfm.cl\/index.php?rest_route=%2Fwp%2Fv2%2Fmedia&parent=48206"}],"wp:term":[{"taxonomy":"category","embeddable":true,"href":"https:\/\/radiorevelacionfm.cl\/index.php?rest_route=%2Fwp%2Fv2%2Fcategories&post=48206"},{"taxonomy":"post_tag","embeddable":true,"href":"https:\/\/radiorevelacionfm.cl\/index.php?rest_route=%2Fwp%2Fv2%2Ftags&post=48206"}],"curies":[{"name":"wp","href":"https:\/\/api.w.org\/{rel}","templated":true}]}}