{"id":48203,"date":"2024-11-22T16:25:10","date_gmt":"2024-11-22T19:25:10","guid":{"rendered":"https:\/\/radiorevelacionfm.cl\/?p=48203"},"modified":"2024-11-22T16:25:10","modified_gmt":"2024-11-22T19:25:10","slug":"gabinete-del-agro-realiza-dialogo-ciudadano-en-la-junta","status":"publish","type":"post","link":"https:\/\/radiorevelacionfm.cl\/?p=48203","title":{"rendered":"Gabinete del Agro realiza di\u00e1logo ciudadano en La Junta"},"content":{"rendered":"<div class=\"flex_column av_one_full  flex_column_div av-zero-column-padding first  avia-builder-el-0  el_before_av_one_full  avia-builder-el-first  \" style='border-radius:0px; '><div  class='avia-image-container  av-styling-    avia-builder-el-1  avia-builder-el-no-sibling  avia-align-center '  itemprop=\"image\" itemscope=\"itemscope\" itemtype=\"https:\/\/schema.org\/ImageObject\"  ><div class='avia-image-container-inner'><div class='avia-image-overlay-wrap'><img decoding=\"async\" class='wp-image-48204 avia-img-lazy-loading-not-48204 avia_image' src=\"https:\/\/radiorevelacionfm.cl\/wp-content\/uploads\/2024\/11\/g_optimized.a-07-2.jpeg\" alt='' title='g_optimized.a-07-2' height=\"600\" width=\"869\"  itemprop=\"thumbnailUrl\" srcset=\"https:\/\/radiorevelacionfm.cl\/wp-content\/uploads\/2024\/11\/g_optimized.a-07-2.jpeg 869w, https:\/\/radiorevelacionfm.cl\/wp-content\/uploads\/2024\/11\/g_optimized.a-07-2-300x207.jpeg 300w, https:\/\/radiorevelacionfm.cl\/wp-content\/uploads\/2024\/11\/g_optimized.a-07-2-768x530.jpeg 768w, https:\/\/radiorevelacionfm.cl\/wp-content\/uploads\/2024\/11\/g_optimized.a-07-2-705x487.jpeg 705w, https:\/\/radiorevelacionfm.cl\/wp-content\/uploads\/2024\/11\/g_optimized.a-07-2-450x311.jpeg 450w, https:\/\/radiorevelacionfm.cl\/wp-content\/uploads\/2024\/11\/g_optimized.a-07-2-600x414.jpeg 600w\" sizes=\"(max-width: 869px) 100vw, 869px\" \/><\/div><\/div><\/div><\/div><div class=\"flex_column av_one_full  flex_column_div av-zero-column-padding first  avia-builder-el-2  el_after_av_one_full  el_before_av_one_full  column-top-margin\" style='border-radius:0px; '><section class=\"av_textblock_section \"  itemscope=\"itemscope\" itemtype=\"https:\/\/schema.org\/BlogPosting\" itemprop=\"blogPost\" ><div class='avia_textblock  '   itemprop=\"text\" ><p style=\"text-align: center;\"><span style=\"font-size: 18pt;\"><b>Gabinete del Agro realiza di\u00e1logo ciudadano en La Junta<\/b><\/span><\/p>\n<div id=\"gtx-trans\" style=\"position: absolute; left: -50px; top: 4.31534px;\">\n<div class=\"gtx-trans-icon\"><\/div>\n<\/div>\n<\/div><\/section><\/div><div class=\"flex_column av_one_full  flex_column_div av-zero-column-padding first  avia-builder-el-4  el_after_av_one_full  el_before_av_hr  column-top-margin\" style='border-radius:0px; '><section class=\"av_textblock_section \"  itemscope=\"itemscope\" itemtype=\"https:\/\/schema.org\/BlogPosting\" itemprop=\"blogPost\" ><div class='avia_textblock  '   itemprop=\"text\" ><p style=\"text-align: justify;\">Las y los directores regionales del Servicio Agr\u00edcola y Ganadero, INIA Tamel Aike e INDAP, junto a la Comisi\u00f3n Nacional de Riego, la Fundaci\u00f3n para la Innovaci\u00f3n Agraria y Conaf, liderados por el seremi Eugenio Ruiz, desarrollaron este martes 19 de noviembre en la sede comunitaria de La Junta un encuentro de di\u00e1logo ciudadano con productoras y productores de organizaciones silvoagropecuarias para dar cuenta de las necesidades del sector y extender la participaci\u00f3n a las convocatorias abiertas de programas del agro.<\/p>\n<p style=\"text-align: justify;\">Participaron representantes de la AG peque\u00f1os Ganaderos de La Junta, Apipatagonas, AG Mujeres Campesinas La Junta, Comit\u00e9 Agencia de \u00c1rea (CADA) INDAP, PDTI, como tambi\u00e9n artesanos, profesionales sectoriales del agro, municipalidad de cisnes y prodesal.<\/p>\n<p style=\"text-align: justify;\">El seremi de Agricultura de Ays\u00e9n, Eugenio Ruiz Espinoza, detall\u00f3 que \u00aben esta oportunidad, nos referimos principalmente al programa FNDR &#8216;Suelos Ays\u00e9n&#8217; y las convocatorias a concursos para su fin, las cuales est\u00e1n abiertas hasta el 31 de enero a trav\u00e9s de SAG e INDAP. Por otro lado, se invit\u00f3 a participar de la consulta ciudadana por huso horario, disponible durante noviembre a trav\u00e9s de la p\u00e1gina web de la Delegaci\u00f3n Presidencial Regional de Ays\u00e9n\u00bb.<\/p>\n<p style=\"text-align: justify;\">La transferencias de recursos para incentivar la implementaci\u00f3n de pr\u00e1cticas silvoagroambientales de suelos en la regi\u00f3n de Ays\u00e9n, fortalecimiento en materia caprina, el quehacer institucional para la innovaci\u00f3n ganadera y hort\u00edcola de FIA, la habilitaci\u00f3n de concurso de caminos intraprediales para el fomento productivo de la agricultura familiar campesina de INDAP, y el programa de transferencia en mejoramiento sanitario reproductivo bovino del SAG, que se ejecutar\u00e1 en la localidad de la Junta, fueron parte de las materias que se abordaron en el encuentro.<\/p>\n<p style=\"text-align: justify;\">En este sentido, la presidenta de la Asociaci\u00f3n Gremial de Mujeres Campesinas de La Junta, Loreto Catrilef, coment\u00f3 que \u00ablogramos esta linda reuni\u00f3n y buena charla con las distintas entidades de la seremi de Agricultura que estuvieron con toda la disposici\u00f3n a escuchar las necesidades del sector. Dentro de lo que como AG hemos ido trabajando, es apoyar a cada uno de los agricultores y una de esas es la bajada de recursos (&#8230;) les hemos ido dando seguimiento y hoy ya hay programas aprobados con convocatorias abiertas, as\u00ed que feliz con estas iniciativas porque es bueno que se den estas instancias\u00bb.<\/p>\n<p style=\"text-align: justify;\">Por otro lado, en compa\u00f1\u00eda de la directora de INIA Tamel Aike, Camila Reyes, y el coordinador CNR Ays\u00e9n, Pablo Bulnes Pardo, el seremi Ruiz se dirigi\u00f3 hasta el sector del Maitenal, al interior de la comuna de Lago Verde, para conocer el trabajo agr\u00edcola de Karl J\u00fcngst, con motivo de entregar recomendaciones t\u00e9cnicas para cultivos, manejo caprino y sistemas de riego, adem\u00e1s de dar a conocer las acciones e instancias que permitan beneficiar su productividad.<\/p>\n<p style=\"text-align: justify;\">En este marco, la directora de Inia Tamel Aike, Camila Reyes Santolalla, detall\u00f3 que \u00abpara el INIA es muy importante poder transferir tecnolog\u00edas y la investigaci\u00f3n que se desarrolla en nuestro centro. Por eso estas actividades, como el gabinete en terreno, es esencial para vincularnos con lo que est\u00e1n haciendo los productores. Durante la visita al productor Karl, nos pudo mostrar su sistema agroecol\u00f3gico de producci\u00f3n sostenible de alimentos. En ese contexto pudimos conversar y ver una estrategia conjunta para poder seguir apoyando\u00bb.<\/p>\n<p style=\"text-align: justify;\">Finalmente, el seremi Ruiz junto a Bulnes de CNR, visit\u00f3 a la peque\u00f1a productora del Huerto Tierras F\u00e9rtiles del sector Valle Mirta en La Junta, Laura Aillap\u00e1n, ante la recepci\u00f3n definitiva de proyecto de riego menor que desde octubre pasado ha mejorado sus procesos productivos hort\u00edcolas. Cabe se\u00f1alar que esta obra es parte de la licitaci\u00f3n p\u00fablica \u00abAdecuaci\u00f3n, dise\u00f1o y construcci\u00f3n de 12 proyectos de riego, drenaje o soluciones h\u00eddricas en Ays\u00e9n\u00bb de Conadi y ejecutado con CNR, que en su totalidad ya est\u00e1n en completo funcionamiento y sin observaciones.<\/p>\n<\/div><\/section><\/div><div  style='height:50px' class='hr hr-invisible   avia-builder-el-6  el_after_av_one_full  el_before_av_social_share '><span class='hr-inner ' ><span class='hr-inner-style'><\/span><\/span><\/div><\/p>\n<div  class='av-social-sharing-box  avia-builder-el-7  el_after_av_hr  el_before_av_hr  '><div class='av-share-box'><h5 class='av-share-link-description av-no-toc '>Compartir esta noticia<\/h5><ul class='av-share-box-list noLightbox'><li class='av-share-link av-social-link-facebook' ><a target=\"_blank\" aria-label=\"Compartir en Facebook\" href='https:\/\/www.facebook.com\/sharer.php?u=https:\/\/radiorevelacionfm.cl\/?p=48203&#038;t=Gabinete%20del%20Agro%20realiza%20di%C3%A1logo%20ciudadano%20en%20La%20Junta' aria-hidden='false' data-av_icon='\ue8f3' data-av_iconfont='entypo-fontello' title='' data-avia-related-tooltip='Compartir en Facebook' rel=\"noopener\"><span class='avia_hidden_link_text'>Compartir en Facebook<\/span><\/a><\/li><li class='av-share-link av-social-link-twitter' ><a target=\"_blank\" aria-label=\"Compartir en Twitter\" href='https:\/\/twitter.com\/share?text=Gabinete%20del%20Agro%20realiza%20di%C3%A1logo%20ciudadano%20en%20La%20Junta&#038;url=https:\/\/radiorevelacionfm.cl\/?p=48203' aria-hidden='false' data-av_icon='\ue8f1' data-av_iconfont='entypo-fontello' title='' data-avia-related-tooltip='Compartir en Twitter' rel=\"noopener\"><span class='avia_hidden_link_text'>Compartir en Twitter<\/span><\/a><\/li><li class='av-share-link av-social-link-whatsapp' ><a target=\"_blank\" aria-label=\"Compartir en Whatsapp\" href='https:\/\/api.whatsapp.com\/send?text=https:\/\/radiorevelacionfm.cl\/?p=48203' aria-hidden='false' data-av_icon='\uf232' data-av_iconfont='entypo-fontello' title='' data-avia-related-tooltip='Compartir en Whatsapp' rel=\"noopener\"><span class='avia_hidden_link_text'>Compartir en Whatsapp<\/span><\/a><\/li><li class='av-share-link av-social-link-linkedin' ><a target=\"_blank\" aria-label=\"Compartir en LinkedIn\" href='https:\/\/linkedin.com\/shareArticle?mini=true&#038;title=Gabinete%20del%20Agro%20realiza%20di%C3%A1logo%20ciudadano%20en%20La%20Junta&#038;url=https:\/\/radiorevelacionfm.cl\/?p=48203' aria-hidden='false' data-av_icon='\ue8fc' data-av_iconfont='entypo-fontello' title='' data-avia-related-tooltip='Compartir en LinkedIn' rel=\"noopener\"><span class='avia_hidden_link_text'>Compartir en LinkedIn<\/span><\/a><\/li><li class='av-share-link av-social-link-mail' ><a  aria-label=\"Compartir por correo\" href='mailto:?subject=Gabinete%20del%20Agro%20realiza%20di%C3%A1logo%20ciudadano%20en%20La%20Junta&#038;body=https:\/\/radiorevelacionfm.cl\/?p=48203' aria-hidden='false' data-av_icon='\ue805' data-av_iconfont='entypo-fontello' title='' data-avia-related-tooltip='Compartir por correo'><span class='avia_hidden_link_text'>Compartir por correo<\/span><\/a><\/li><\/ul><\/div><\/div>\n<div  style='height:50px' class='hr hr-invisible   avia-builder-el-8  el_after_av_social_share  el_before_av_comments_list '><span class='hr-inner ' ><span class='hr-inner-style'><\/span><\/span><\/div>\n<div  class='av-buildercomment  av-blog-meta-html-info-disabled av-blog-meta-tag-disabled  '><\/div>\n","protected":false},"excerpt":{"rendered":"","protected":false},"author":1,"featured_media":48204,"comment_status":"open","ping_status":"open","sticky":false,"template":"","format":"standard","meta":{"footnotes":""},"categories":[58],"tags":[],"class_list":["post-48203","post","type-post","status-publish","format-standard","has-post-thumbnail","hentry","category-agricultura"],"jetpack_featured_media_url":"https:\/\/radiorevelacionfm.cl\/wp-content\/uploads\/2024\/11\/g_optimized.a-07-2.jpeg","_links":{"self":[{"href":"https:\/\/radiorevelacionfm.cl\/index.php?rest_route=\/wp\/v2\/posts\/48203","targetHints":{"allow":["GET"]}}],"collection":[{"href":"https:\/\/radiorevelacionfm.cl\/index.php?rest_route=\/wp\/v2\/posts"}],"about":[{"href":"https:\/\/radiorevelacionfm.cl\/index.php?rest_route=\/wp\/v2\/types\/post"}],"author":[{"embeddable":true,"href":"https:\/\/radiorevelacionfm.cl\/index.php?rest_route=\/wp\/v2\/users\/1"}],"replies":[{"embeddable":true,"href":"https:\/\/radiorevelacionfm.cl\/index.php?rest_route=%2Fwp%2Fv2%2Fcomments&post=48203"}],"version-history":[{"count":1,"href":"https:\/\/radiorevelacionfm.cl\/index.php?rest_route=\/wp\/v2\/posts\/48203\/revisions"}],"predecessor-version":[{"id":48205,"href":"https:\/\/radiorevelacionfm.cl\/index.php?rest_route=\/wp\/v2\/posts\/48203\/revisions\/48205"}],"wp:featuredmedia":[{"embeddable":true,"href":"https:\/\/radiorevelacionfm.cl\/index.php?rest_route=\/wp\/v2\/media\/48204"}],"wp:attachment":[{"href":"https:\/\/radiorevelacionfm.cl\/index.php?rest_route=%2Fwp%2Fv2%2Fmedia&parent=48203"}],"wp:term":[{"taxonomy":"category","embeddable":true,"href":"https:\/\/radiorevelacionfm.cl\/index.php?rest_route=%2Fwp%2Fv2%2Fcategories&post=48203"},{"taxonomy":"post_tag","embeddable":true,"href":"https:\/\/radiorevelacionfm.cl\/index.php?rest_route=%2Fwp%2Fv2%2Ftags&post=48203"}],"curies":[{"name":"wp","href":"https:\/\/api.w.org\/{rel}","templated":true}]}}