{"id":48200,"date":"2024-11-23T15:15:33","date_gmt":"2024-11-23T18:15:33","guid":{"rendered":"https:\/\/radiorevelacionfm.cl\/?p=48200"},"modified":"2024-11-23T15:15:33","modified_gmt":"2024-11-23T18:15:33","slug":"region-de-aysen-sernac-realizo-el-encuentro-anual-de-plataformas-de-atencion-de-la-region","status":"publish","type":"post","link":"https:\/\/radiorevelacionfm.cl\/?p=48200","title":{"rendered":"Regi\u00f3n de Ays\u00e9n: Sernac realiz\u00f3 el encuentro anual de plataformas de atenci\u00f3n de la regi\u00f3n"},"content":{"rendered":"<div class=\"flex_column av_one_full  flex_column_div av-zero-column-padding first  avia-builder-el-0  el_before_av_one_full  avia-builder-el-first  \" style='border-radius:0px; '><div  class='avia-image-container  av-styling-    avia-builder-el-1  avia-builder-el-no-sibling  avia-align-center '  itemprop=\"image\" itemscope=\"itemscope\" itemtype=\"https:\/\/schema.org\/ImageObject\"  ><div class='avia-image-container-inner'><div class='avia-image-overlay-wrap'><img decoding=\"async\" class='wp-image-48201 avia-img-lazy-loading-not-48201 avia_image' src=\"https:\/\/radiorevelacionfm.cl\/wp-content\/uploads\/2024\/11\/general-2_optimized.jpeg\" alt='' title='general-2_optimized' height=\"600\" width=\"838\"  itemprop=\"thumbnailUrl\" srcset=\"https:\/\/radiorevelacionfm.cl\/wp-content\/uploads\/2024\/11\/general-2_optimized.jpeg 838w, https:\/\/radiorevelacionfm.cl\/wp-content\/uploads\/2024\/11\/general-2_optimized-300x215.jpeg 300w, https:\/\/radiorevelacionfm.cl\/wp-content\/uploads\/2024\/11\/general-2_optimized-768x550.jpeg 768w, https:\/\/radiorevelacionfm.cl\/wp-content\/uploads\/2024\/11\/general-2_optimized-260x185.jpeg 260w, https:\/\/radiorevelacionfm.cl\/wp-content\/uploads\/2024\/11\/general-2_optimized-705x505.jpeg 705w, https:\/\/radiorevelacionfm.cl\/wp-content\/uploads\/2024\/11\/general-2_optimized-450x322.jpeg 450w, https:\/\/radiorevelacionfm.cl\/wp-content\/uploads\/2024\/11\/general-2_optimized-600x430.jpeg 600w\" sizes=\"(max-width: 838px) 100vw, 838px\" \/><\/div><\/div><\/div><\/div><div class=\"flex_column av_one_full  flex_column_div av-zero-column-padding first  avia-builder-el-2  el_after_av_one_full  el_before_av_one_full  column-top-margin\" style='border-radius:0px; '><section class=\"av_textblock_section \"  itemscope=\"itemscope\" itemtype=\"https:\/\/schema.org\/BlogPosting\" itemprop=\"blogPost\" ><div class='avia_textblock  '   itemprop=\"text\" ><p style=\"text-align: center;\"><strong><span style=\"font-size: 18pt;\">Regi\u00f3n de Ays\u00e9n: Sernac realiz\u00f3 el encuentro anual de plataformas de atenci\u00f3n de la regi\u00f3n<\/span><\/strong><\/p>\n<div id=\"gtx-trans\" style=\"position: absolute; left: -50px; top: 4.31534px;\">\n<div class=\"gtx-trans-icon\"><\/div>\n<\/div>\n<\/div><\/section><\/div><div class=\"flex_column av_one_full  flex_column_div av-zero-column-padding first  avia-builder-el-4  el_after_av_one_full  el_before_av_hr  column-top-margin\" style='border-radius:0px; '><section class=\"av_textblock_section \"  itemscope=\"itemscope\" itemtype=\"https:\/\/schema.org\/BlogPosting\" itemprop=\"blogPost\" ><div class='avia_textblock  '   itemprop=\"text\" ><p style=\"text-align: justify;\">Compartir experiencias respecto a situaciones y problem\u00e1ticas en el \u00e1mbito del consumo, desarrollar un balance de la gesti\u00f3n y reconocer los avances, fueron parte uno de los contenidos del Encuentro Anual de Plataformas de Atenci\u00f3n Municipal de la Regi\u00f3n de Ays\u00e9n.<\/p>\n<p style=\"text-align: justify;\">En la actividad participaron las funcionarias de municipalidades y delegaciones provinciales, representantes de las comunas de Ays\u00e9n, Chile Chico y Cochrane.<\/p>\n<p style=\"text-align: justify;\">El espacio de reflexi\u00f3n fue la oportunidad para actualizar y reforzar conocimientos en materias de derechos de los consumidores, facultades del SERNAC para la protecci\u00f3n de las personas consumidoras, gesti\u00f3n de reclamos y roles de otros servicios.<\/p>\n<p style=\"text-align: justify;\">Para la Directora Regional del SERNAC, Sandra Espinoza, \u201cla iniciativa no s\u00f3lo permite destacar la esencial funci\u00f3n que desempe\u00f1an funcionarios y funcionarias encargados de la atenci\u00f3n presencial, sino, adem\u00e1s, compartir experiencias y buenas pr\u00e1cticas, conocimientos que les permitir\u00e1n proporcionar una mejor atenci\u00f3n cuando son requeridos por los consumidores\u00bb.<\/p>\n<p style=\"text-align: justify;\">Uno de los prop\u00f3sitos fue intercambiar situaciones que son habituales en las comunas y encontrar las mejores f\u00f3rmulas de soluci\u00f3n en beneficio de la ciudadan\u00eda.<\/p>\n<p style=\"text-align: justify;\">El Encuentro Anual de encargados de Plataformas Municipales cont\u00f3 con la participaci\u00f3n y exposiciones de la Superintendencia de Electricidad y Combustible (SEC),\u00a0la Superintendencia de Insolvencia y Re emprendimiento (Superir) y la Superintendencia de Servicios Sanitarios (SISS).<\/p>\n<p style=\"text-align: justify;\">Instancia donde los representantes de cada una de las instituciones pertenecientes a la Red de Protecci\u00f3n de las Personas Consumidoras expusieron y profundizaron sobre los alcances y roles de cada una de las instituciones p\u00fablicas.<\/p>\n<p style=\"text-align: justify;\"><strong>\u00a0<\/strong><strong>Plataformas de Atenci\u00f3n Regi\u00f3n de Ays\u00e9n: <\/strong><\/p>\n<p style=\"text-align: justify;\"><strong>Oficina de Puerto Ays\u00e9n<\/strong><\/p>\n<ul style=\"text-align: justify;\">\n<li>Direcci\u00f3n: Teniente Merino 630<\/li>\n<li>Fono: (67) 233 6569<\/li>\n<li>Horario: lunes a viernes de 9 a 13 hrs.<\/li>\n<\/ul>\n<p style=\"text-align: justify;\"><strong>Oficina de Cochrane<\/strong><\/p>\n<ul style=\"text-align: justify;\">\n<li>Direcci\u00f3n: Esmeralda 199<\/li>\n<li>Fono: (67) 252 2198<\/li>\n<li>Horario: lunes a viernes de 8.30 a 16 hrs.<\/li>\n<\/ul>\n<p style=\"text-align: justify;\"><strong>\u00a0<\/strong><strong>Oficina de Chile Chico<\/strong><\/p>\n<ul style=\"text-align: justify;\">\n<li>Direcci\u00f3n: B. O&#8217;Higgins 192<\/li>\n<li>Fono: (67) 241 1259<\/li>\n<li>Horario: lunes a viernes de 9 a 14 hrs.<\/li>\n<\/ul>\n<\/div><\/section><\/div><div  style='height:50px' class='hr hr-invisible   avia-builder-el-6  el_after_av_one_full  el_before_av_social_share '><span class='hr-inner ' ><span class='hr-inner-style'><\/span><\/span><\/div><\/p>\n<div  class='av-social-sharing-box  avia-builder-el-7  el_after_av_hr  el_before_av_hr  '><div class='av-share-box'><h5 class='av-share-link-description av-no-toc '>Compartir esta noticia<\/h5><ul class='av-share-box-list noLightbox'><li class='av-share-link av-social-link-facebook' ><a target=\"_blank\" aria-label=\"Compartir en Facebook\" href='https:\/\/www.facebook.com\/sharer.php?u=https:\/\/radiorevelacionfm.cl\/?p=48200&#038;t=Regi%C3%B3n%20de%20Ays%C3%A9n%3A%20Sernac%20realiz%C3%B3%20el%20encuentro%20anual%20de%20plataformas%20de%20atenci%C3%B3n%20de%20la%20regi%C3%B3n' aria-hidden='false' data-av_icon='\ue8f3' data-av_iconfont='entypo-fontello' title='' data-avia-related-tooltip='Compartir en Facebook' rel=\"noopener\"><span class='avia_hidden_link_text'>Compartir en Facebook<\/span><\/a><\/li><li class='av-share-link av-social-link-twitter' ><a target=\"_blank\" aria-label=\"Compartir en Twitter\" href='https:\/\/twitter.com\/share?text=Regi%C3%B3n%20de%20Ays%C3%A9n%3A%20Sernac%20realiz%C3%B3%20el%20encuentro%20anual%20de%20plataformas%20de%20atenci%C3%B3n%20de%20la%20regi%C3%B3n&#038;url=https:\/\/radiorevelacionfm.cl\/?p=48200' aria-hidden='false' data-av_icon='\ue8f1' data-av_iconfont='entypo-fontello' title='' data-avia-related-tooltip='Compartir en Twitter' rel=\"noopener\"><span class='avia_hidden_link_text'>Compartir en Twitter<\/span><\/a><\/li><li class='av-share-link av-social-link-whatsapp' ><a target=\"_blank\" aria-label=\"Compartir en Whatsapp\" href='https:\/\/api.whatsapp.com\/send?text=https:\/\/radiorevelacionfm.cl\/?p=48200' aria-hidden='false' data-av_icon='\uf232' data-av_iconfont='entypo-fontello' title='' data-avia-related-tooltip='Compartir en Whatsapp' rel=\"noopener\"><span class='avia_hidden_link_text'>Compartir en Whatsapp<\/span><\/a><\/li><li class='av-share-link av-social-link-linkedin' ><a target=\"_blank\" aria-label=\"Compartir en LinkedIn\" href='https:\/\/linkedin.com\/shareArticle?mini=true&#038;title=Regi%C3%B3n%20de%20Ays%C3%A9n%3A%20Sernac%20realiz%C3%B3%20el%20encuentro%20anual%20de%20plataformas%20de%20atenci%C3%B3n%20de%20la%20regi%C3%B3n&#038;url=https:\/\/radiorevelacionfm.cl\/?p=48200' aria-hidden='false' data-av_icon='\ue8fc' data-av_iconfont='entypo-fontello' title='' data-avia-related-tooltip='Compartir en LinkedIn' rel=\"noopener\"><span class='avia_hidden_link_text'>Compartir en LinkedIn<\/span><\/a><\/li><li class='av-share-link av-social-link-mail' ><a  aria-label=\"Compartir por correo\" href='mailto:?subject=Regi%C3%B3n%20de%20Ays%C3%A9n%3A%20Sernac%20realiz%C3%B3%20el%20encuentro%20anual%20de%20plataformas%20de%20atenci%C3%B3n%20de%20la%20regi%C3%B3n&#038;body=https:\/\/radiorevelacionfm.cl\/?p=48200' aria-hidden='false' data-av_icon='\ue805' data-av_iconfont='entypo-fontello' title='' data-avia-related-tooltip='Compartir por correo'><span class='avia_hidden_link_text'>Compartir por correo<\/span><\/a><\/li><\/ul><\/div><\/div>\n<div  style='height:50px' class='hr hr-invisible   avia-builder-el-8  el_after_av_social_share  el_before_av_comments_list '><span class='hr-inner ' ><span class='hr-inner-style'><\/span><\/span><\/div>\n<div  class='av-buildercomment  av-blog-meta-html-info-disabled av-blog-meta-tag-disabled  '><\/div>\n","protected":false},"excerpt":{"rendered":"","protected":false},"author":1,"featured_media":48201,"comment_status":"open","ping_status":"open","sticky":false,"template":"","format":"standard","meta":{"footnotes":""},"categories":[38],"tags":[],"class_list":["post-48200","post","type-post","status-publish","format-standard","has-post-thumbnail","hentry","category-regional"],"jetpack_featured_media_url":"https:\/\/radiorevelacionfm.cl\/wp-content\/uploads\/2024\/11\/general-2_optimized.jpeg","_links":{"self":[{"href":"https:\/\/radiorevelacionfm.cl\/index.php?rest_route=\/wp\/v2\/posts\/48200","targetHints":{"allow":["GET"]}}],"collection":[{"href":"https:\/\/radiorevelacionfm.cl\/index.php?rest_route=\/wp\/v2\/posts"}],"about":[{"href":"https:\/\/radiorevelacionfm.cl\/index.php?rest_route=\/wp\/v2\/types\/post"}],"author":[{"embeddable":true,"href":"https:\/\/radiorevelacionfm.cl\/index.php?rest_route=\/wp\/v2\/users\/1"}],"replies":[{"embeddable":true,"href":"https:\/\/radiorevelacionfm.cl\/index.php?rest_route=%2Fwp%2Fv2%2Fcomments&post=48200"}],"version-history":[{"count":1,"href":"https:\/\/radiorevelacionfm.cl\/index.php?rest_route=\/wp\/v2\/posts\/48200\/revisions"}],"predecessor-version":[{"id":48202,"href":"https:\/\/radiorevelacionfm.cl\/index.php?rest_route=\/wp\/v2\/posts\/48200\/revisions\/48202"}],"wp:featuredmedia":[{"embeddable":true,"href":"https:\/\/radiorevelacionfm.cl\/index.php?rest_route=\/wp\/v2\/media\/48201"}],"wp:attachment":[{"href":"https:\/\/radiorevelacionfm.cl\/index.php?rest_route=%2Fwp%2Fv2%2Fmedia&parent=48200"}],"wp:term":[{"taxonomy":"category","embeddable":true,"href":"https:\/\/radiorevelacionfm.cl\/index.php?rest_route=%2Fwp%2Fv2%2Fcategories&post=48200"},{"taxonomy":"post_tag","embeddable":true,"href":"https:\/\/radiorevelacionfm.cl\/index.php?rest_route=%2Fwp%2Fv2%2Ftags&post=48200"}],"curies":[{"name":"wp","href":"https:\/\/api.w.org\/{rel}","templated":true}]}}