{"id":48197,"date":"2024-11-22T13:19:35","date_gmt":"2024-11-22T16:19:35","guid":{"rendered":"https:\/\/radiorevelacionfm.cl\/?p=48197"},"modified":"2024-11-22T13:19:35","modified_gmt":"2024-11-22T16:19:35","slug":"inauguran-en-cochrane-el-primer-centro-de-atencion-especializada-en-violencias-de-genero-de-la-region-de-aysen","status":"publish","type":"post","link":"https:\/\/radiorevelacionfm.cl\/?p=48197","title":{"rendered":"Inauguran en Cochrane el primer Centro de Atenci\u00f3n Especializada en Violencias de G\u00e9nero de la Regi\u00f3n de Ays\u00e9n"},"content":{"rendered":"<div class=\"flex_column av_one_full  flex_column_div av-zero-column-padding first  avia-builder-el-0  el_before_av_one_full  avia-builder-el-first  \" style='border-radius:0px; '><div  class='avia-image-container  av-styling-    avia-builder-el-1  avia-builder-el-no-sibling  avia-align-center '  itemprop=\"image\" itemscope=\"itemscope\" itemtype=\"https:\/\/schema.org\/ImageObject\"  ><div class='avia-image-container-inner'><div class='avia-image-overlay-wrap'><img decoding=\"async\" class='wp-image-48198 avia-img-lazy-loading-not-48198 avia_image' src=\"https:\/\/radiorevelacionfm.cl\/wp-content\/uploads\/2024\/11\/inauguracion-caevg-2-2_optimized.jpeg\" alt='' title='inauguraci\u00f3n-caevg-2-2_optimized' height=\"600\" width=\"800\"  itemprop=\"thumbnailUrl\" srcset=\"https:\/\/radiorevelacionfm.cl\/wp-content\/uploads\/2024\/11\/inauguracion-caevg-2-2_optimized.jpeg 800w, https:\/\/radiorevelacionfm.cl\/wp-content\/uploads\/2024\/11\/inauguracion-caevg-2-2_optimized-300x225.jpeg 300w, https:\/\/radiorevelacionfm.cl\/wp-content\/uploads\/2024\/11\/inauguracion-caevg-2-2_optimized-768x576.jpeg 768w, https:\/\/radiorevelacionfm.cl\/wp-content\/uploads\/2024\/11\/inauguracion-caevg-2-2_optimized-705x529.jpeg 705w, https:\/\/radiorevelacionfm.cl\/wp-content\/uploads\/2024\/11\/inauguracion-caevg-2-2_optimized-450x338.jpeg 450w, https:\/\/radiorevelacionfm.cl\/wp-content\/uploads\/2024\/11\/inauguracion-caevg-2-2_optimized-600x450.jpeg 600w\" sizes=\"(max-width: 800px) 100vw, 800px\" \/><\/div><\/div><\/div><\/div><div class=\"flex_column av_one_full  flex_column_div av-zero-column-padding first  avia-builder-el-2  el_after_av_one_full  el_before_av_one_full  column-top-margin\" style='border-radius:0px; '><section class=\"av_textblock_section \"  itemscope=\"itemscope\" itemtype=\"https:\/\/schema.org\/BlogPosting\" itemprop=\"blogPost\" ><div class='avia_textblock  '   itemprop=\"text\" ><p style=\"text-align: center;\"><strong><span style=\"font-size: 18pt;\">Inauguran en Cochrane el primer Centro de Atenci\u00f3n Especializada en Violencias de G\u00e9nero de la Regi\u00f3n de Ays\u00e9n<\/span><\/strong><\/p>\n<div id=\"gtx-trans\" style=\"position: absolute; left: -50px; top: 4.31534px;\">\n<div class=\"gtx-trans-icon\"><\/div>\n<\/div>\n<\/div><\/section><\/div><div class=\"flex_column av_one_full  flex_column_div av-zero-column-padding first  avia-builder-el-4  el_after_av_one_full  el_before_av_hr  column-top-margin\" style='border-radius:0px; '><section class=\"av_textblock_section \"  itemscope=\"itemscope\" itemtype=\"https:\/\/schema.org\/BlogPosting\" itemprop=\"blogPost\" ><div class='avia_textblock  '   itemprop=\"text\" ><p dir=\"ltr\" style=\"text-align: justify;\"><em>Se trata del centro n\u00famero 23 en todo el pa\u00eds y el primero en la provincia de Capit\u00e1n Prat, logrando llegar con esta cobertura a la atenci\u00f3n integral de mujeres en situaci\u00f3n de violencia.<\/em><\/p>\n<p dir=\"ltr\" style=\"text-align: justify;\">Hasta Cochrane, a m\u00e1s de 300 kil\u00f3metros de la capital de Ays\u00e9n, llegaron las autoridades nacionales, la subsecretaria de la Mujer y la Equidad de G\u00e9nero, Luz Vidal Huiriqueo, la directora nacional del SernamEG, Priscilla Carrasco Pizarro y el delegado presidencial regional de Ays\u00e9n, Jorge D\u00edaz Guzm\u00e1n, para inaugurar el primer Centro de Atenci\u00f3n Especializada en Violencias de G\u00e9nero (CAEVG) en la regi\u00f3n.<\/p>\n<p dir=\"ltr\" style=\"text-align: justify;\">\u00abHoy estamos cumpliendo no solo con un compromiso presidencial, sino que asegurando a las v\u00edctimas de violencia de g\u00e9nero un espacio de protecci\u00f3n y apoyo. As\u00ed surge la necesidad de instalar en Cochrane un Centro de Atenci\u00f3n Especializada en Violencia de G\u00e9nero, el n\u00famero 23 del pa\u00eds y el primero de la comuna, que adem\u00e1s atender\u00e1 a usuarias de las tres comunas de la Provincia de Capital Prat, posibilitando que cada mujer tenga acceso a una atenci\u00f3n segura, cercana y especializada que contribuya a entregarles un apoyo efectivo que les permita avanzar\u00bb, expres\u00f3 la subsecretaria de la Mujer y la Equidad de G\u00e9nero, Luz Vidal Huiriqueo.<\/p>\n<p dir=\"ltr\" style=\"text-align: justify;\">Este centro ser\u00e1 ejecutado por la municipalidad de Cochrane y brindar\u00e1 atenci\u00f3n integral con sentido reparatorio a mujeres sobrevivientes de violencia de g\u00e9nero de car\u00e1cter grave y extremo, incluyendo la violencia sexual. Tendr\u00e1 una capacidad de atenci\u00f3n de 20 a 25 mujeres por mes aproximadamente y una cobertura que abarcar\u00e1 toda la Provincia de Capit\u00e1n Prat, incluyendo tambi\u00e9n por su cercan\u00eda geogr\u00e1fica a la comuna de Chile Chico, ubicada en la Provincia de General Carrera.<\/p>\n<p dir=\"ltr\" style=\"text-align: justify;\">Para la directora nacional del SernamEG, Priscilla Carrasco Pizarro, \u00abestos centros refuerzan la red de apoyo y cuidado que el Servicio Nacional de la Mujer y la Equidad de G\u00e9nero proporciona a las mujeres v\u00edctimas de violencia de g\u00e9nero. Estos espacios entregan una atenci\u00f3n profesional y confidencial, brindando acceso a la justicia, a la reparaci\u00f3n psicosocial y a la restituci\u00f3n de los derechos. Las mujeres en Chile no est\u00e1n solas y su seguridad y bienestar son nuestra prioridad. Seguiremos trabajando firmemente hacia una vida libre de violencia, reforzando y adecuando nuestros programas en esta materia\u00bb.<\/p>\n<p dir=\"ltr\" style=\"text-align: justify;\">El nuevo CAEVG ofrecer\u00e1 atenci\u00f3n terap\u00e9utica de tipo psicol\u00f3gica y social reparatoria con enfoque de g\u00e9nero, tanto individual como grupal, con un equipo profesional compuesto por una trabajadora social, una psic\u00f3loga y un psiquiatra. Tambi\u00e9n entregar\u00e1 acompa\u00f1amiento y representaci\u00f3n jur\u00eddica para promover el acceso a la justicia y llevar\u00e1 a cabo la articulaci\u00f3n y coordinaci\u00f3n con redes comunitarias e institucionales para fortalecer la recuperaci\u00f3n de las autonom\u00edas de las usuarias.<\/p>\n<p dir=\"ltr\" style=\"text-align: justify;\">En tanto, el delegado presidencial regional de Ays\u00e9n, Jorge D\u00edaz Guzm\u00e1n, afirm\u00f3 que \u00abpara el gobierno, en la sociedad de hoy, en el Chile de hoy, la violencia de g\u00e9nero es una situaci\u00f3n inaceptable. Por eso hoy estamos cumpliendo este compromiso del Presidente Boric, con las mujeres, con la sociedad toda, para avanzar en la restituci\u00f3n de derechos de las v\u00edctimas y sobrevivientes de las violencias de g\u00e9nero graves y extremas. Y estamos cumpliendo este compromiso con descentralizaci\u00f3n, en el sur de Ays\u00e9n, para dar cobertura a la provincia Capit\u00e1n Prat y la comuna de Chile Chico\u00bb.<\/p>\n<p dir=\"ltr\" style=\"text-align: justify;\">Por su parte, desde la direcci\u00f3n regional de SernamEG, la directora Patricia Baeza sostuvo que \u00abes tremendamente importante instalar este centro en Cochrane porque brindar\u00e1 atenci\u00f3n especializada no solo a las v\u00edctimas de violencia en esta comuna, sino que tambi\u00e9n a las mujeres en Chile Chico, Tortel y Villa O&#8217;Higgins, dando una respuesta a una demanda hist\u00f3rica en el territorio\u00bb.<\/p>\n<p dir=\"ltr\" style=\"text-align: justify;\">Finalmente, el concejal Jaime Reyes Vel\u00e1squez, quien preside el concejo municipal de Cochrane, relev\u00f3 este es \u00abun espacio que marca un antes y un despu\u00e9s para la historia de la regi\u00f3n. Este centro, instalado provisoriamente en la Nueva Casa Mate, es un s\u00edmbolo de nuestro compromiso para alcanzar una sociedad m\u00e1s justa y equitativa, donde las mujeres de las comunas de Cochrane, Tortel, O&#8217;Higgins y Chile Chico cuenten con el apoyo que tanto necesitan\u00bb.<\/p>\n<p dir=\"ltr\" style=\"text-align: justify;\">Circuito Intersectorial de Femicidios y Sistema T\u00e1ctico de Operaciones Policiales<\/p>\n<p dir=\"ltr\" style=\"text-align: justify;\">Las autoridades lideraron tambi\u00e9n la sesi\u00f3n extraordinaria del Circuito Intersectorial de Femicidios (CIF) combinada con una sesi\u00f3n del Sistema T\u00e1ctico de Operaciones Policiales (STOP); una instancia donde se reunieron distintas instituciones para dar seguimiento a los casos de femicidio y de violencia intrafamiliar en la regi\u00f3n, revisando el accionar de los diferentes servicios\u00a0 en los procedimientos y en la aplicaci\u00f3n de protocolos de atenci\u00f3n oportuna a v\u00edctimas directas o indirectas como -por ejemplo- ni\u00f1as, ni\u00f1os y adolescentes.<\/p>\n<p dir=\"ltr\" style=\"text-align: justify;\">En la oportunidad, junto a representantes de la Subsecretar\u00eda de Prevenci\u00f3n del Delito, Ministerio del Interior Seguridad P\u00fablica (Programa Apoyo a V\u00edctimas), del Servicio Nacional de Menores, ahora Mejor Ni\u00f1ez, Carabineros, Polic\u00eda de Investigaciones, Servicio M\u00e9dico Legal (SML), Ministerio P\u00fablico y URAVIT, se analizaron los datos y las acciones realizadas; la perspectiva para abordar casos a la luz de nueva legislaci\u00f3n; la complejidad territorial; entre otras materias para mejorar la respuesta institucional y la coordinaci\u00f3n en la regi\u00f3n de Ays\u00e9n.<\/p>\n<\/div><\/section><\/div><div  style='height:50px' class='hr hr-invisible   avia-builder-el-6  el_after_av_one_full  el_before_av_social_share '><span class='hr-inner ' ><span class='hr-inner-style'><\/span><\/span><\/div><\/p>\n<div  class='av-social-sharing-box  avia-builder-el-7  el_after_av_hr  el_before_av_hr  '><div class='av-share-box'><h5 class='av-share-link-description av-no-toc '>Compartir esta noticia<\/h5><ul class='av-share-box-list noLightbox'><li class='av-share-link av-social-link-facebook' ><a target=\"_blank\" aria-label=\"Compartir en Facebook\" href='https:\/\/www.facebook.com\/sharer.php?u=https:\/\/radiorevelacionfm.cl\/?p=48197&#038;t=Inauguran%20en%20Cochrane%20el%20primer%20Centro%20de%20Atenci%C3%B3n%20Especializada%20en%20Violencias%20de%20G%C3%A9nero%20de%20la%20Regi%C3%B3n%20de%20Ays%C3%A9n' aria-hidden='false' data-av_icon='\ue8f3' data-av_iconfont='entypo-fontello' title='' data-avia-related-tooltip='Compartir en Facebook' rel=\"noopener\"><span class='avia_hidden_link_text'>Compartir en Facebook<\/span><\/a><\/li><li class='av-share-link av-social-link-twitter' ><a target=\"_blank\" aria-label=\"Compartir en Twitter\" href='https:\/\/twitter.com\/share?text=Inauguran%20en%20Cochrane%20el%20primer%20Centro%20de%20Atenci%C3%B3n%20Especializada%20en%20Violencias%20de%20G%C3%A9nero%20de%20la%20Regi%C3%B3n%20de%20Ays%C3%A9n&#038;url=https:\/\/radiorevelacionfm.cl\/?p=48197' aria-hidden='false' data-av_icon='\ue8f1' data-av_iconfont='entypo-fontello' title='' data-avia-related-tooltip='Compartir en Twitter' rel=\"noopener\"><span class='avia_hidden_link_text'>Compartir en Twitter<\/span><\/a><\/li><li class='av-share-link av-social-link-whatsapp' ><a target=\"_blank\" aria-label=\"Compartir en Whatsapp\" href='https:\/\/api.whatsapp.com\/send?text=https:\/\/radiorevelacionfm.cl\/?p=48197' aria-hidden='false' data-av_icon='\uf232' data-av_iconfont='entypo-fontello' title='' data-avia-related-tooltip='Compartir en Whatsapp' rel=\"noopener\"><span class='avia_hidden_link_text'>Compartir en Whatsapp<\/span><\/a><\/li><li class='av-share-link av-social-link-linkedin' ><a target=\"_blank\" aria-label=\"Compartir en LinkedIn\" href='https:\/\/linkedin.com\/shareArticle?mini=true&#038;title=Inauguran%20en%20Cochrane%20el%20primer%20Centro%20de%20Atenci%C3%B3n%20Especializada%20en%20Violencias%20de%20G%C3%A9nero%20de%20la%20Regi%C3%B3n%20de%20Ays%C3%A9n&#038;url=https:\/\/radiorevelacionfm.cl\/?p=48197' aria-hidden='false' data-av_icon='\ue8fc' data-av_iconfont='entypo-fontello' title='' data-avia-related-tooltip='Compartir en LinkedIn' rel=\"noopener\"><span class='avia_hidden_link_text'>Compartir en LinkedIn<\/span><\/a><\/li><li class='av-share-link av-social-link-mail' ><a  aria-label=\"Compartir por correo\" href='mailto:?subject=Inauguran%20en%20Cochrane%20el%20primer%20Centro%20de%20Atenci%C3%B3n%20Especializada%20en%20Violencias%20de%20G%C3%A9nero%20de%20la%20Regi%C3%B3n%20de%20Ays%C3%A9n&#038;body=https:\/\/radiorevelacionfm.cl\/?p=48197' aria-hidden='false' data-av_icon='\ue805' data-av_iconfont='entypo-fontello' title='' data-avia-related-tooltip='Compartir por correo'><span class='avia_hidden_link_text'>Compartir por correo<\/span><\/a><\/li><\/ul><\/div><\/div>\n<div  style='height:50px' class='hr hr-invisible   avia-builder-el-8  el_after_av_social_share  el_before_av_comments_list '><span class='hr-inner ' ><span class='hr-inner-style'><\/span><\/span><\/div>\n<div  class='av-buildercomment  av-blog-meta-html-info-disabled av-blog-meta-tag-disabled  '><\/div>\n","protected":false},"excerpt":{"rendered":"","protected":false},"author":1,"featured_media":48198,"comment_status":"open","ping_status":"open","sticky":false,"template":"","format":"standard","meta":{"footnotes":""},"categories":[38],"tags":[],"class_list":["post-48197","post","type-post","status-publish","format-standard","has-post-thumbnail","hentry","category-regional"],"jetpack_featured_media_url":"https:\/\/radiorevelacionfm.cl\/wp-content\/uploads\/2024\/11\/inauguracion-caevg-2-2_optimized.jpeg","_links":{"self":[{"href":"https:\/\/radiorevelacionfm.cl\/index.php?rest_route=\/wp\/v2\/posts\/48197","targetHints":{"allow":["GET"]}}],"collection":[{"href":"https:\/\/radiorevelacionfm.cl\/index.php?rest_route=\/wp\/v2\/posts"}],"about":[{"href":"https:\/\/radiorevelacionfm.cl\/index.php?rest_route=\/wp\/v2\/types\/post"}],"author":[{"embeddable":true,"href":"https:\/\/radiorevelacionfm.cl\/index.php?rest_route=\/wp\/v2\/users\/1"}],"replies":[{"embeddable":true,"href":"https:\/\/radiorevelacionfm.cl\/index.php?rest_route=%2Fwp%2Fv2%2Fcomments&post=48197"}],"version-history":[{"count":1,"href":"https:\/\/radiorevelacionfm.cl\/index.php?rest_route=\/wp\/v2\/posts\/48197\/revisions"}],"predecessor-version":[{"id":48199,"href":"https:\/\/radiorevelacionfm.cl\/index.php?rest_route=\/wp\/v2\/posts\/48197\/revisions\/48199"}],"wp:featuredmedia":[{"embeddable":true,"href":"https:\/\/radiorevelacionfm.cl\/index.php?rest_route=\/wp\/v2\/media\/48198"}],"wp:attachment":[{"href":"https:\/\/radiorevelacionfm.cl\/index.php?rest_route=%2Fwp%2Fv2%2Fmedia&parent=48197"}],"wp:term":[{"taxonomy":"category","embeddable":true,"href":"https:\/\/radiorevelacionfm.cl\/index.php?rest_route=%2Fwp%2Fv2%2Fcategories&post=48197"},{"taxonomy":"post_tag","embeddable":true,"href":"https:\/\/radiorevelacionfm.cl\/index.php?rest_route=%2Fwp%2Fv2%2Ftags&post=48197"}],"curies":[{"name":"wp","href":"https:\/\/api.w.org\/{rel}","templated":true}]}}