{"id":48191,"date":"2024-11-22T15:42:01","date_gmt":"2024-11-22T18:42:01","guid":{"rendered":"https:\/\/radiorevelacionfm.cl\/?p=48191"},"modified":"2024-11-22T15:42:01","modified_gmt":"2024-11-22T18:42:01","slug":"servicio-de-salud-aysen-cuenta-con-nuevo-consejo-de-la-sociedad-civil-regional","status":"publish","type":"post","link":"https:\/\/radiorevelacionfm.cl\/?p=48191","title":{"rendered":"Servicio de Salud Ays\u00e9n cuenta con nuevo Consejo de la Sociedad Civil regional"},"content":{"rendered":"<div class=\"flex_column av_one_full  flex_column_div av-zero-column-padding first  avia-builder-el-0  el_before_av_one_full  avia-builder-el-first  \" style='border-radius:0px; '><div  class='avia-image-container  av-styling-    avia-builder-el-1  avia-builder-el-no-sibling  avia-align-center '  itemprop=\"image\" itemscope=\"itemscope\" itemtype=\"https:\/\/schema.org\/ImageObject\"  ><div class='avia-image-container-inner'><div class='avia-image-overlay-wrap'><img decoding=\"async\" class='wp-image-48192 avia-img-lazy-loading-not-48192 avia_image' src=\"https:\/\/radiorevelacionfm.cl\/wp-content\/uploads\/2024\/11\/image_123650291-2-2.jpg\" alt='' title='image_123650291-2-2' height=\"600\" width=\"901\"  itemprop=\"thumbnailUrl\" srcset=\"https:\/\/radiorevelacionfm.cl\/wp-content\/uploads\/2024\/11\/image_123650291-2-2.jpg 901w, https:\/\/radiorevelacionfm.cl\/wp-content\/uploads\/2024\/11\/image_123650291-2-2-300x200.jpg 300w, https:\/\/radiorevelacionfm.cl\/wp-content\/uploads\/2024\/11\/image_123650291-2-2-768x511.jpg 768w, https:\/\/radiorevelacionfm.cl\/wp-content\/uploads\/2024\/11\/image_123650291-2-2-705x469.jpg 705w, https:\/\/radiorevelacionfm.cl\/wp-content\/uploads\/2024\/11\/image_123650291-2-2-450x300.jpg 450w, https:\/\/radiorevelacionfm.cl\/wp-content\/uploads\/2024\/11\/image_123650291-2-2-600x400.jpg 600w\" sizes=\"(max-width: 901px) 100vw, 901px\" \/><\/div><\/div><\/div><\/div><div class=\"flex_column av_one_full  flex_column_div av-zero-column-padding first  avia-builder-el-2  el_after_av_one_full  el_before_av_one_full  column-top-margin\" style='border-radius:0px; '><section class=\"av_textblock_section \"  itemscope=\"itemscope\" itemtype=\"https:\/\/schema.org\/BlogPosting\" itemprop=\"blogPost\" ><div class='avia_textblock  '   itemprop=\"text\" ><p style=\"text-align: center;\"><span style=\"font-size: 18pt;\"><b>Servicio de Salud Ays\u00e9n cuenta con nuevo Consejo de la Sociedad Civil regional<\/b><\/span><\/p>\n<div id=\"gtx-trans\" style=\"position: absolute; left: -50px; top: 4.31534px;\">\n<div class=\"gtx-trans-icon\"><\/div>\n<\/div>\n<\/div><\/section><\/div><div class=\"flex_column av_one_full  flex_column_div av-zero-column-padding first  avia-builder-el-4  el_after_av_one_full  el_before_av_hr  column-top-margin\" style='border-radius:0px; '><section class=\"av_textblock_section \"  itemscope=\"itemscope\" itemtype=\"https:\/\/schema.org\/BlogPosting\" itemprop=\"blogPost\" ><div class='avia_textblock  '   itemprop=\"text\" ><p style=\"text-align: justify;\"><em>El\u00a0 COSOC est\u00e1 conformado por 7 consejeras y consejeros, 4 mujeres y 3 hombres, elegidos en un proceso eleccionario transparente y con amplia difusi\u00f3n.<\/em><\/p>\n<p style=\"text-align: justify;\">Con gran participaci\u00f3n, se llevaron a cabo las elecciones del Consejo de la Sociedad Civil (COSOC) del Servicio de Salud Ays\u00e9n, un importante \u00f3rgano que permitir\u00e1 fortalecer la participaci\u00f3n ciudadana y la voz de la comunidad en la toma de decisiones del sector en la regi\u00f3n.<\/p>\n<p style=\"text-align: justify;\">De un total de 37 organizaciones inscritas en el padr\u00f3n electoral, 33 participaron activamente en el proceso, logrando elegir a 7 consejeros entre los ocho candidatos postulantes.<\/p>\n<p style=\"text-align: justify;\">\u201cInstalar este Consejo Regional me parece de primera importancia porque permitir\u00e1 que tambi\u00e9n los territorios geogr\u00e1ficamente puedan manifestar sus opiniones, sus demandas y as\u00ed juntos podemos colaborar para construir una mejor calidad de vida\u201d, dijo V\u00edctor Enrique Soto Guzm\u00e1n, presidente de la Federaci\u00f3n Regional de Uniones Comunales de Personas Mayores.<\/p>\n<p style=\"text-align: justify;\">Este nuevo consejo estar\u00e1 compuesto por tres hombres y cuatro mujeres, representantes de las comunas de Ays\u00e9n y Coyhaique, quienes asumir\u00e1n la importante tarea de ser la voz de la ciudadan\u00eda en temas de salud p\u00fablica.<\/p>\n<p style=\"text-align: justify;\">\u201cRepresentar a todas las familias con TEA en nuestra regi\u00f3n, ser la voz y tener voto aqu\u00ed dentro del COSOC del Servicio de Salud\u201d manifest\u00f3 Carla Mart\u00ednez, vicepresidenta de la Asociaci\u00f3n Asperger Patagonia.<\/p>\n<p style=\"text-align: justify;\">Cabe mencionar que las elecciones se realizaron El pasado 18 de noviembre en las comunas de Coyhaique, Puerto Ays\u00e9n, Chacabuco, Puerto Ib\u00e1\u00f1ez e Islas Las Huichas, en el marco de la implementaci\u00f3n de la Ley N\u00b020.500 sobre Asociaciones y Participaci\u00f3n Ciudadana en la Gesti\u00f3n P\u00fablica.<\/p>\n<p style=\"text-align: justify;\">\u201cEn Puerto Ays\u00e9n se inscribieron 24 agrupaciones y fundaciones del territorio, fue un proceso exitoso\u201d acot\u00f3 Natali B\u00f3rquez, referente de Participaci\u00f3n Ciudadana Hospital Puerto Ays\u00e9n.<\/p>\n<p style=\"text-align: justify;\">En esa misma l\u00ednea, Rodrigo Mena, presidente Asociaci\u00f3n de funcionarios FENATS, Servicio de Salud Ays\u00e9n, expres\u00f3 \u201cnosotros como Direcci\u00f3n de Servicio FENATS, hemos querido participar para poder trabajar tambi\u00e9n con la sociedad en conjunto y poder ayudar\u00a0dentro y fuera, mejorando nuestro \u00e1mbito en la salud regional y poder trabajar unidos con la comunidad\u201d dijo Mena.<\/p>\n<p style=\"text-align: justify;\">El director del Servicio de Salud Ays\u00e9n, Juan Pablo Bravo Quintana, felicit\u00f3 a los nuevos integrantes del COSOC, destacando el \u00e9xito del proceso electoral y la importancia de contar con un consejo representativo y activo que promueva la participaci\u00f3n ciudadana en el \u00e1mbito de la salud.<\/p>\n<p style=\"text-align: justify;\"><strong>Consejeros electos:<\/strong><\/p>\n<ul style=\"text-align: justify;\">\n<li>Hugo Roberto Soto Orellana &#8211; Asociaci\u00f3n de Funcionarios FENATS, Servicio de Salud Ays\u00e9n<\/li>\n<li>V\u00edctor Enrique Soto Guzm\u00e1n &#8211; Federaci\u00f3n Regional de Uniones Comunales de Personas Mayores<\/li>\n<li>\u00c1ngela Ximena Ru\u00edz Reimapo &#8211; Agrupaci\u00f3n Social Cultural Solidaria Ays\u00e9n<\/li>\n<li>Macarena Magdalena Medrano Villagra &#8211; Corporaci\u00f3n Coordinadora Nacional de Familiares Usuarios y Amigos de Personas con Afecciones de Salud Mental (CORFAUSAM2)<\/li>\n<li>Francisca Javiera Ronda Valdevellano &#8211; Consejo Consultivo de Salud Hospital de Puerto Ays\u00e9n<\/li>\n<li>Graciela del Carmen Amigo Santander &#8211; Consejo de Desarrollo Consultorio V\u00edctor Domingo Silva<\/li>\n<li>Roberto Carlos Haro Vargas &#8211; Asociaci\u00f3n Asperger Patagonia<\/li>\n<\/ul>\n<p style=\"text-align: justify;\">El siguiente hito ser\u00e1 la Primera Sesi\u00f3n de Conformaci\u00f3n, en la cual los consejeros deber\u00e1n elegir entre ellos la vicepresidencia del consejo. Este paso marcar\u00e1 el inicio oficial de las actividades del COSOC y su contribuci\u00f3n a la mejora del sistema de salud en la regi\u00f3n.<\/p>\n<p style=\"text-align: justify;\">El COSOC ser\u00e1 clave en el plan de trabajo con miras a la gesti\u00f3n 2025-2027<\/p>\n<\/div><\/section><\/div><div  style='height:50px' class='hr hr-invisible   avia-builder-el-6  el_after_av_one_full  el_before_av_social_share '><span class='hr-inner ' ><span class='hr-inner-style'><\/span><\/span><\/div><\/p>\n<div  class='av-social-sharing-box  avia-builder-el-7  el_after_av_hr  el_before_av_hr  '><div class='av-share-box'><h5 class='av-share-link-description av-no-toc '>Compartir esta noticia<\/h5><ul class='av-share-box-list noLightbox'><li class='av-share-link av-social-link-facebook' ><a target=\"_blank\" aria-label=\"Compartir en Facebook\" href='https:\/\/www.facebook.com\/sharer.php?u=https:\/\/radiorevelacionfm.cl\/?p=48191&#038;t=Servicio%20de%20Salud%20Ays%C3%A9n%20cuenta%20con%20nuevo%20Consejo%20de%20la%20Sociedad%20Civil%20regional' aria-hidden='false' data-av_icon='\ue8f3' data-av_iconfont='entypo-fontello' title='' data-avia-related-tooltip='Compartir en Facebook' rel=\"noopener\"><span class='avia_hidden_link_text'>Compartir en Facebook<\/span><\/a><\/li><li class='av-share-link av-social-link-twitter' ><a target=\"_blank\" aria-label=\"Compartir en Twitter\" href='https:\/\/twitter.com\/share?text=Servicio%20de%20Salud%20Ays%C3%A9n%20cuenta%20con%20nuevo%20Consejo%20de%20la%20Sociedad%20Civil%20regional&#038;url=https:\/\/radiorevelacionfm.cl\/?p=48191' aria-hidden='false' data-av_icon='\ue8f1' data-av_iconfont='entypo-fontello' title='' data-avia-related-tooltip='Compartir en Twitter' rel=\"noopener\"><span class='avia_hidden_link_text'>Compartir en Twitter<\/span><\/a><\/li><li class='av-share-link av-social-link-whatsapp' ><a target=\"_blank\" aria-label=\"Compartir en Whatsapp\" href='https:\/\/api.whatsapp.com\/send?text=https:\/\/radiorevelacionfm.cl\/?p=48191' aria-hidden='false' data-av_icon='\uf232' data-av_iconfont='entypo-fontello' title='' data-avia-related-tooltip='Compartir en Whatsapp' rel=\"noopener\"><span class='avia_hidden_link_text'>Compartir en Whatsapp<\/span><\/a><\/li><li class='av-share-link av-social-link-linkedin' ><a target=\"_blank\" aria-label=\"Compartir en LinkedIn\" href='https:\/\/linkedin.com\/shareArticle?mini=true&#038;title=Servicio%20de%20Salud%20Ays%C3%A9n%20cuenta%20con%20nuevo%20Consejo%20de%20la%20Sociedad%20Civil%20regional&#038;url=https:\/\/radiorevelacionfm.cl\/?p=48191' aria-hidden='false' data-av_icon='\ue8fc' data-av_iconfont='entypo-fontello' title='' data-avia-related-tooltip='Compartir en LinkedIn' rel=\"noopener\"><span class='avia_hidden_link_text'>Compartir en LinkedIn<\/span><\/a><\/li><li class='av-share-link av-social-link-mail' ><a  aria-label=\"Compartir por correo\" href='mailto:?subject=Servicio%20de%20Salud%20Ays%C3%A9n%20cuenta%20con%20nuevo%20Consejo%20de%20la%20Sociedad%20Civil%20regional&#038;body=https:\/\/radiorevelacionfm.cl\/?p=48191' aria-hidden='false' data-av_icon='\ue805' data-av_iconfont='entypo-fontello' title='' data-avia-related-tooltip='Compartir por correo'><span class='avia_hidden_link_text'>Compartir por correo<\/span><\/a><\/li><\/ul><\/div><\/div>\n<div  style='height:50px' class='hr hr-invisible   avia-builder-el-8  el_after_av_social_share  el_before_av_comments_list '><span class='hr-inner ' ><span class='hr-inner-style'><\/span><\/span><\/div>\n<div  class='av-buildercomment  av-blog-meta-html-info-disabled av-blog-meta-tag-disabled  '><\/div>\n","protected":false},"excerpt":{"rendered":"","protected":false},"author":1,"featured_media":48192,"comment_status":"open","ping_status":"open","sticky":false,"template":"","format":"standard","meta":{"footnotes":""},"categories":[46],"tags":[],"class_list":["post-48191","post","type-post","status-publish","format-standard","has-post-thumbnail","hentry","category-salud"],"jetpack_featured_media_url":"https:\/\/radiorevelacionfm.cl\/wp-content\/uploads\/2024\/11\/image_123650291-2-2.jpg","_links":{"self":[{"href":"https:\/\/radiorevelacionfm.cl\/index.php?rest_route=\/wp\/v2\/posts\/48191","targetHints":{"allow":["GET"]}}],"collection":[{"href":"https:\/\/radiorevelacionfm.cl\/index.php?rest_route=\/wp\/v2\/posts"}],"about":[{"href":"https:\/\/radiorevelacionfm.cl\/index.php?rest_route=\/wp\/v2\/types\/post"}],"author":[{"embeddable":true,"href":"https:\/\/radiorevelacionfm.cl\/index.php?rest_route=\/wp\/v2\/users\/1"}],"replies":[{"embeddable":true,"href":"https:\/\/radiorevelacionfm.cl\/index.php?rest_route=%2Fwp%2Fv2%2Fcomments&post=48191"}],"version-history":[{"count":1,"href":"https:\/\/radiorevelacionfm.cl\/index.php?rest_route=\/wp\/v2\/posts\/48191\/revisions"}],"predecessor-version":[{"id":48193,"href":"https:\/\/radiorevelacionfm.cl\/index.php?rest_route=\/wp\/v2\/posts\/48191\/revisions\/48193"}],"wp:featuredmedia":[{"embeddable":true,"href":"https:\/\/radiorevelacionfm.cl\/index.php?rest_route=\/wp\/v2\/media\/48192"}],"wp:attachment":[{"href":"https:\/\/radiorevelacionfm.cl\/index.php?rest_route=%2Fwp%2Fv2%2Fmedia&parent=48191"}],"wp:term":[{"taxonomy":"category","embeddable":true,"href":"https:\/\/radiorevelacionfm.cl\/index.php?rest_route=%2Fwp%2Fv2%2Fcategories&post=48191"},{"taxonomy":"post_tag","embeddable":true,"href":"https:\/\/radiorevelacionfm.cl\/index.php?rest_route=%2Fwp%2Fv2%2Ftags&post=48191"}],"curies":[{"name":"wp","href":"https:\/\/api.w.org\/{rel}","templated":true}]}}