{"id":48185,"date":"2024-11-22T10:17:08","date_gmt":"2024-11-22T13:17:08","guid":{"rendered":"https:\/\/radiorevelacionfm.cl\/?p=48185"},"modified":"2024-11-22T10:17:08","modified_gmt":"2024-11-22T13:17:08","slug":"alumnos-del-liceo-manihuales-y-cft-de-aysen-participaron-del-quinto-embarque-minero-en-emporcha","status":"publish","type":"post","link":"https:\/\/radiorevelacionfm.cl\/?p=48185","title":{"rendered":"Alumnos del liceo Ma\u00f1ihuales y CFT de Ays\u00e9n participaron del quinto embarque minero en Emporcha"},"content":{"rendered":"<div class=\"flex_column av_one_full  flex_column_div av-zero-column-padding first  avia-builder-el-0  el_before_av_one_full  avia-builder-el-first  \" style='border-radius:0px; '><div  class='avia-image-container  av-styling-    avia-builder-el-1  avia-builder-el-no-sibling  avia-align-center '  itemprop=\"image\" itemscope=\"itemscope\" itemtype=\"https:\/\/schema.org\/ImageObject\"  ><div class='avia-image-container-inner'><div class='avia-image-overlay-wrap'><img decoding=\"async\" class='wp-image-48186 avia-img-lazy-loading-not-48186 avia_image' src=\"https:\/\/radiorevelacionfm.cl\/wp-content\/uploads\/2024\/11\/whatsapp-image-2024-11-21-at-18_optimized.35.22-2-2.jpeg\" alt='' title='whatsapp-image-2024-11-21-at-18_optimized.35.22-2-2' height=\"600\" width=\"1066\"  itemprop=\"thumbnailUrl\" srcset=\"https:\/\/radiorevelacionfm.cl\/wp-content\/uploads\/2024\/11\/whatsapp-image-2024-11-21-at-18_optimized.35.22-2-2.jpeg 1066w, https:\/\/radiorevelacionfm.cl\/wp-content\/uploads\/2024\/11\/whatsapp-image-2024-11-21-at-18_optimized.35.22-2-2-300x169.jpeg 300w, https:\/\/radiorevelacionfm.cl\/wp-content\/uploads\/2024\/11\/whatsapp-image-2024-11-21-at-18_optimized.35.22-2-2-1030x580.jpeg 1030w, https:\/\/radiorevelacionfm.cl\/wp-content\/uploads\/2024\/11\/whatsapp-image-2024-11-21-at-18_optimized.35.22-2-2-768x432.jpeg 768w, https:\/\/radiorevelacionfm.cl\/wp-content\/uploads\/2024\/11\/whatsapp-image-2024-11-21-at-18_optimized.35.22-2-2-705x397.jpeg 705w, https:\/\/radiorevelacionfm.cl\/wp-content\/uploads\/2024\/11\/whatsapp-image-2024-11-21-at-18_optimized.35.22-2-2-450x253.jpeg 450w, https:\/\/radiorevelacionfm.cl\/wp-content\/uploads\/2024\/11\/whatsapp-image-2024-11-21-at-18_optimized.35.22-2-2-600x338.jpeg 600w\" sizes=\"(max-width: 1066px) 100vw, 1066px\" \/><\/div><\/div><\/div><\/div><div class=\"flex_column av_one_full  flex_column_div av-zero-column-padding first  avia-builder-el-2  el_after_av_one_full  el_before_av_one_full  column-top-margin\" style='border-radius:0px; '><section class=\"av_textblock_section \"  itemscope=\"itemscope\" itemtype=\"https:\/\/schema.org\/BlogPosting\" itemprop=\"blogPost\" ><div class='avia_textblock  '   itemprop=\"text\" ><p style=\"text-align: center;\"><strong><span style=\"font-size: 18pt;\">Alumnos del liceo Ma\u00f1ihuales y CFT de Ays\u00e9n participaron del quinto embarque minero en Emporcha<\/span><\/strong><\/p>\n<div id=\"gtx-trans\" style=\"position: absolute; left: -50px; top: 4.31534px;\">\n<div class=\"gtx-trans-icon\"><\/div>\n<\/div>\n<\/div><\/section><\/div><div class=\"flex_column av_one_full  flex_column_div av-zero-column-padding first  avia-builder-el-4  el_after_av_one_full  el_before_av_hr  column-top-margin\" style='border-radius:0px; '><section class=\"av_textblock_section \"  itemscope=\"itemscope\" itemtype=\"https:\/\/schema.org\/BlogPosting\" itemprop=\"blogPost\" ><div class='avia_textblock  '   itemprop=\"text\" ><p style=\"text-align: justify;\"><em>En la ocasi\u00f3n, la<\/em> <em>Minera Sociedad Pac\u00edfico Sur y Empresa Portuaria Chacabuco efectuaron charlas presentando los procesos industriales y su cadena de productividad.<\/em><\/p>\n<p style=\"text-align: justify;\">Este Jueves se efectu\u00f3 el quinto embarque minero de concentrado de Zinc en Emporcha, instancia que reuni\u00f3 a estudiantes de la carrera de Administraci\u00f3n de Sistemas Log\u00edsticos\u00a0 del Centro de Formaci\u00f3n T\u00e9cnica de Ays\u00e9n, estudiantes de la especializaci\u00f3n Explotaci\u00f3n Minera \u00a0del liceo de Ma\u00f1ihuales y autoridades regionales.<\/p>\n<p style=\"text-align: justify;\">El prop\u00f3sito central de la actividad es vincular a los alumnos\u00a0 con el sector minero- industrial para fortalecer su formaci\u00f3n y generarles competencias para incorporarlos a la fuerza laboral de la regi\u00f3n.<\/p>\n<p style=\"text-align: justify;\">En este contexto, el seremi de Miner\u00eda Ays\u00e9n, Juan V\u00e1squez Alarc\u00f3n, indic\u00f3 que \u201cestamos en el quinto embarque minero de concentrado de Zinc y acompa\u00f1ados por estudiantes del Centro de Formaci\u00f3n de T\u00e9cnica\u00a0 de Ays\u00e9n y alumnos del liceo de Ma\u00f1ihuales con el fin de poder vincular la vocaci\u00f3n productiva de la miner\u00eda con el proyecto educativo de ambos establecimientos. Este quinto embarque nos permite marcar la diferencia de forma positiva en relaci\u00f3n a lo que se export\u00f3 el 2023\u201d.<\/p>\n<p style=\"text-align: justify;\">En tanto,\u00a0 el Jefe de carreras del Centro de Formaci\u00f3n T\u00e9cnica de Ays\u00e9n, C\u00e9sar G\u00f3mez, indic\u00f3 que \u201ceste tipo de instancias generan un valor importante desde el punto de vista acad\u00e9mico ya que con esto se genera un acercamiento real y concreto hacia el mundo laboral al cual los alumnos se enfrentar\u00e1n\u201d.<\/p>\n<p style=\"text-align: justify;\">Por su parte, el gerente general de Emporcha, Felipe Candia, valor\u00f3 la actividad e indic\u00f3 que \u201cpara nosotros es importante el relacionamiento con los centros educativos de la regi\u00f3n, es parte de nuestro plan de Sostenibilidad y aprovechamos este embarque como una oportunidad educativa porque creemos que somos parte de la cadena de valor de mineral que se produce en la regi\u00f3n, de esta forma, aprovechamos de hacer esta transferencia de conocimiento a quienes se est\u00e1n educando\u201d.<\/p>\n<p style=\"text-align: justify;\"><strong>Embarque de Zinc <\/strong><\/p>\n<p style=\"text-align: justify;\">En el 2024, la exportaci\u00f3n de zinc desde Ays\u00e9n, proveniente de Minera Sociedad Pac\u00edfico SPA en el distrito El Toqui en Alto Ma\u00f1ihuales, alcanz\u00f3 \u00a0un volumen acumulado de 62.500 toneladas en cinco embarques, lo que representa un aumento del 15,7% en comparaci\u00f3n con las 54.000 toneladas exportadas en 2023.<\/p>\n<p style=\"text-align: justify;\">En este contexto, el delegado presidencial provincial de Ays\u00e9n, Samuel Navarro Castro,\u00a0 se\u00f1al\u00f3\u00a0 que \u201ces importante relevar esta actividad econ\u00f3mica donde participa una empresa privada y una empresa p\u00fablica, oportunidad\u00a0 que nos permite dar cuenta del aumento en las exportaciones de concentrado de Zinc y de una econom\u00eda que est\u00e1 despegando, creemos que este espacio es relevante porque al estar con estudiantes generamos redes de contacto con la empresa minera y portuaria de la regi\u00f3n.<\/p>\n<\/div><\/section><\/div><div  style='height:50px' class='hr hr-invisible   avia-builder-el-6  el_after_av_one_full  el_before_av_social_share '><span class='hr-inner ' ><span class='hr-inner-style'><\/span><\/span><\/div><\/p>\n<div  class='av-social-sharing-box  avia-builder-el-7  el_after_av_hr  el_before_av_hr  '><div class='av-share-box'><h5 class='av-share-link-description av-no-toc '>Compartir esta noticia<\/h5><ul class='av-share-box-list noLightbox'><li class='av-share-link av-social-link-facebook' ><a target=\"_blank\" aria-label=\"Compartir en Facebook\" href='https:\/\/www.facebook.com\/sharer.php?u=https:\/\/radiorevelacionfm.cl\/?p=48185&#038;t=Alumnos%20del%20liceo%20Ma%C3%B1ihuales%20y%20CFT%20de%20Ays%C3%A9n%20participaron%20del%20quinto%20embarque%20minero%20en%20Emporcha' aria-hidden='false' data-av_icon='\ue8f3' data-av_iconfont='entypo-fontello' title='' data-avia-related-tooltip='Compartir en Facebook' rel=\"noopener\"><span class='avia_hidden_link_text'>Compartir en Facebook<\/span><\/a><\/li><li class='av-share-link av-social-link-twitter' ><a target=\"_blank\" aria-label=\"Compartir en Twitter\" href='https:\/\/twitter.com\/share?text=Alumnos%20del%20liceo%20Ma%C3%B1ihuales%20y%20CFT%20de%20Ays%C3%A9n%20participaron%20del%20quinto%20embarque%20minero%20en%20Emporcha&#038;url=https:\/\/radiorevelacionfm.cl\/?p=48185' aria-hidden='false' data-av_icon='\ue8f1' data-av_iconfont='entypo-fontello' title='' data-avia-related-tooltip='Compartir en Twitter' rel=\"noopener\"><span class='avia_hidden_link_text'>Compartir en Twitter<\/span><\/a><\/li><li class='av-share-link av-social-link-whatsapp' ><a target=\"_blank\" aria-label=\"Compartir en Whatsapp\" href='https:\/\/api.whatsapp.com\/send?text=https:\/\/radiorevelacionfm.cl\/?p=48185' aria-hidden='false' data-av_icon='\uf232' data-av_iconfont='entypo-fontello' title='' data-avia-related-tooltip='Compartir en Whatsapp' rel=\"noopener\"><span class='avia_hidden_link_text'>Compartir en Whatsapp<\/span><\/a><\/li><li class='av-share-link av-social-link-linkedin' ><a target=\"_blank\" aria-label=\"Compartir en LinkedIn\" href='https:\/\/linkedin.com\/shareArticle?mini=true&#038;title=Alumnos%20del%20liceo%20Ma%C3%B1ihuales%20y%20CFT%20de%20Ays%C3%A9n%20participaron%20del%20quinto%20embarque%20minero%20en%20Emporcha&#038;url=https:\/\/radiorevelacionfm.cl\/?p=48185' aria-hidden='false' data-av_icon='\ue8fc' data-av_iconfont='entypo-fontello' title='' data-avia-related-tooltip='Compartir en LinkedIn' rel=\"noopener\"><span class='avia_hidden_link_text'>Compartir en LinkedIn<\/span><\/a><\/li><li class='av-share-link av-social-link-mail' ><a  aria-label=\"Compartir por correo\" href='mailto:?subject=Alumnos%20del%20liceo%20Ma%C3%B1ihuales%20y%20CFT%20de%20Ays%C3%A9n%20participaron%20del%20quinto%20embarque%20minero%20en%20Emporcha&#038;body=https:\/\/radiorevelacionfm.cl\/?p=48185' aria-hidden='false' data-av_icon='\ue805' data-av_iconfont='entypo-fontello' title='' data-avia-related-tooltip='Compartir por correo'><span class='avia_hidden_link_text'>Compartir por correo<\/span><\/a><\/li><\/ul><\/div><\/div>\n<div  style='height:50px' class='hr hr-invisible   avia-builder-el-8  el_after_av_social_share  el_before_av_comments_list '><span class='hr-inner ' ><span class='hr-inner-style'><\/span><\/span><\/div>\n<div  class='av-buildercomment  av-blog-meta-html-info-disabled av-blog-meta-tag-disabled  '><\/div>\n","protected":false},"excerpt":{"rendered":"","protected":false},"author":1,"featured_media":48186,"comment_status":"open","ping_status":"open","sticky":false,"template":"","format":"standard","meta":{"footnotes":""},"categories":[38],"tags":[],"class_list":["post-48185","post","type-post","status-publish","format-standard","has-post-thumbnail","hentry","category-regional"],"jetpack_featured_media_url":"https:\/\/radiorevelacionfm.cl\/wp-content\/uploads\/2024\/11\/whatsapp-image-2024-11-21-at-18_optimized.35.22-2-2.jpeg","_links":{"self":[{"href":"https:\/\/radiorevelacionfm.cl\/index.php?rest_route=\/wp\/v2\/posts\/48185","targetHints":{"allow":["GET"]}}],"collection":[{"href":"https:\/\/radiorevelacionfm.cl\/index.php?rest_route=\/wp\/v2\/posts"}],"about":[{"href":"https:\/\/radiorevelacionfm.cl\/index.php?rest_route=\/wp\/v2\/types\/post"}],"author":[{"embeddable":true,"href":"https:\/\/radiorevelacionfm.cl\/index.php?rest_route=\/wp\/v2\/users\/1"}],"replies":[{"embeddable":true,"href":"https:\/\/radiorevelacionfm.cl\/index.php?rest_route=%2Fwp%2Fv2%2Fcomments&post=48185"}],"version-history":[{"count":1,"href":"https:\/\/radiorevelacionfm.cl\/index.php?rest_route=\/wp\/v2\/posts\/48185\/revisions"}],"predecessor-version":[{"id":48187,"href":"https:\/\/radiorevelacionfm.cl\/index.php?rest_route=\/wp\/v2\/posts\/48185\/revisions\/48187"}],"wp:featuredmedia":[{"embeddable":true,"href":"https:\/\/radiorevelacionfm.cl\/index.php?rest_route=\/wp\/v2\/media\/48186"}],"wp:attachment":[{"href":"https:\/\/radiorevelacionfm.cl\/index.php?rest_route=%2Fwp%2Fv2%2Fmedia&parent=48185"}],"wp:term":[{"taxonomy":"category","embeddable":true,"href":"https:\/\/radiorevelacionfm.cl\/index.php?rest_route=%2Fwp%2Fv2%2Fcategories&post=48185"},{"taxonomy":"post_tag","embeddable":true,"href":"https:\/\/radiorevelacionfm.cl\/index.php?rest_route=%2Fwp%2Fv2%2Ftags&post=48185"}],"curies":[{"name":"wp","href":"https:\/\/api.w.org\/{rel}","templated":true}]}}