{"id":48182,"date":"2024-11-23T12:15:59","date_gmt":"2024-11-23T15:15:59","guid":{"rendered":"https:\/\/radiorevelacionfm.cl\/?p=48182"},"modified":"2024-11-23T12:15:59","modified_gmt":"2024-11-23T15:15:59","slug":"ultimos-dias-junji-invita-a-postular-a-salas-cuna-y-jardines-infantiles","status":"publish","type":"post","link":"https:\/\/radiorevelacionfm.cl\/?p=48182","title":{"rendered":"\u00daltimos d\u00edas: JUNJI invita a postular a salas cuna y jardines infantiles"},"content":{"rendered":"<div class=\"flex_column av_one_full  flex_column_div av-zero-column-padding first  avia-builder-el-0  el_before_av_one_full  avia-builder-el-first  \" style='border-radius:0px; '><div  class='avia-image-container  av-styling-    avia-builder-el-1  avia-builder-el-no-sibling  avia-align-center '  itemprop=\"image\" itemscope=\"itemscope\" itemtype=\"https:\/\/schema.org\/ImageObject\"  ><div class='avia-image-container-inner'><div class='avia-image-overlay-wrap'><img decoding=\"async\" class='wp-image-48183 avia-img-lazy-loading-not-48183 avia_image' src=\"https:\/\/radiorevelacionfm.cl\/wp-content\/uploads\/2024\/11\/0-46-2-2.jpg\" alt='' title='0-46-2-2' height=\"600\" width=\"900\"  itemprop=\"thumbnailUrl\" srcset=\"https:\/\/radiorevelacionfm.cl\/wp-content\/uploads\/2024\/11\/0-46-2-2.jpg 900w, https:\/\/radiorevelacionfm.cl\/wp-content\/uploads\/2024\/11\/0-46-2-2-300x200.jpg 300w, https:\/\/radiorevelacionfm.cl\/wp-content\/uploads\/2024\/11\/0-46-2-2-768x512.jpg 768w, https:\/\/radiorevelacionfm.cl\/wp-content\/uploads\/2024\/11\/0-46-2-2-705x470.jpg 705w, https:\/\/radiorevelacionfm.cl\/wp-content\/uploads\/2024\/11\/0-46-2-2-450x300.jpg 450w, https:\/\/radiorevelacionfm.cl\/wp-content\/uploads\/2024\/11\/0-46-2-2-600x400.jpg 600w\" sizes=\"(max-width: 900px) 100vw, 900px\" \/><\/div><\/div><\/div><\/div><div class=\"flex_column av_one_full  flex_column_div av-zero-column-padding first  avia-builder-el-2  el_after_av_one_full  el_before_av_one_full  column-top-margin\" style='border-radius:0px; '><section class=\"av_textblock_section \"  itemscope=\"itemscope\" itemtype=\"https:\/\/schema.org\/BlogPosting\" itemprop=\"blogPost\" ><div class='avia_textblock  '   itemprop=\"text\" ><p style=\"text-align: center;\"><strong><span style=\"font-size: 18pt;\">\u00daltimos d\u00edas: JUNJI invita a postular a salas cuna y jardines infantiles<\/span><\/strong><\/p>\n<div id=\"gtx-trans\" style=\"position: absolute; left: -50px; top: 4.31534px;\">\n<div class=\"gtx-trans-icon\"><\/div>\n<\/div>\n<\/div><\/section><\/div><div class=\"flex_column av_one_full  flex_column_div av-zero-column-padding first  avia-builder-el-4  el_after_av_one_full  el_before_av_hr  column-top-margin\" style='border-radius:0px; '><section class=\"av_textblock_section \"  itemscope=\"itemscope\" itemtype=\"https:\/\/schema.org\/BlogPosting\" itemprop=\"blogPost\" ><div class='avia_textblock  '   itemprop=\"text\" ><p style=\"text-align: justify;\">El pr\u00f3ximo viernes 29 de noviembre finaliza el plazo para postular a las salas cuna y jardines infantiles de JUNJI. La convocatoria se centra en la importancia de una cultura de asistencia y permanencia al primer nivel educativo. Por eso, el slogan \u201cPorque es muy importante, \u00a1Vamos al Jard\u00edn!\u201d, busca destacar que la Educaci\u00f3n Parvularia favorece que ni\u00f1as y ni\u00f1os jueguen, exploren, descubran sus emociones y aprendan en entornos desafiantes y enriquecedores.<\/p>\n<p style=\"text-align: justify;\">Son 3.146 salas cuna y jardines infantiles de Administraci\u00f3n Directa y V\u00eda Transferencia de Fondos (VTF) disponibles a lo largo del territorio nacional, por lo que el llamado es a postular de manera online a trav\u00e9s del Sistema de Inscripci\u00f3n en L\u00ednea (SIM Online) de JUNJI <a href=\"https:\/\/simonline.junji.gob.cl\/postulacionOnline\/\">https:\/\/simonline.junji.gob.cl\/postulacionOnline\/<\/a>.<\/p>\n<p style=\"text-align: justify;\">Otra alternativa, es asistir de manera presencial a la sala cuna y jard\u00edn infantil de su preferencia o postular a trav\u00e9s de las oficinas regionales del Sistema de Informaci\u00f3n y Atenci\u00f3n Ciudadana (SIAC).<\/p>\n<p style=\"text-align: justify;\"><em>\u201cLa Educaci\u00f3n Parvularia es fundamental para el desarrollo y bienestar integral de ni\u00f1os y ni\u00f1as. Este primer nivel educativo permite favorecer la autonom\u00eda progresiva, la socializaci\u00f3n, vivenciar experiencias de aprendizaje l\u00fadicas, desafiantes y vinculantes. Tal como dice el slogan de nuestra campa\u00f1a \u201cPorque es muy importante. Vamos Al Jard\u00edn\u201d, <\/em>asegur\u00f3 Daniela Trivi\u00f1o Millar, vicepresidenta ejecutiva de JUNJI.<\/p>\n<p style=\"text-align: justify;\">La postulaci\u00f3n comenz\u00f3 el 21 de octubre y estar\u00e1 disponible hasta el 29 de noviembre. En tanto, la entrega de resultados ser\u00e1 el 18 de diciembre, y el periodo de matr\u00edcula est\u00e1 contemplado desde el 23 de diciembre al 14 de enero de 2025. Para m\u00e1s informaci\u00f3n ingresa a <a href=\"http:\/\/www.junji.cl\/\">www.junji.cl<\/a><\/p>\n<\/div><\/section><\/div><div  style='height:50px' class='hr hr-invisible   avia-builder-el-6  el_after_av_one_full  el_before_av_social_share '><span class='hr-inner ' ><span class='hr-inner-style'><\/span><\/span><\/div><\/p>\n<div  class='av-social-sharing-box  avia-builder-el-7  el_after_av_hr  el_before_av_hr  '><div class='av-share-box'><h5 class='av-share-link-description av-no-toc '>Compartir esta noticia<\/h5><ul class='av-share-box-list noLightbox'><li class='av-share-link av-social-link-facebook' ><a target=\"_blank\" aria-label=\"Compartir en Facebook\" href='https:\/\/www.facebook.com\/sharer.php?u=https:\/\/radiorevelacionfm.cl\/?p=48182&#038;t=%C3%9Altimos%20d%C3%ADas%3A%20JUNJI%20invita%20a%20postular%20a%20salas%20cuna%20y%20jardines%20infantiles' aria-hidden='false' data-av_icon='\ue8f3' data-av_iconfont='entypo-fontello' title='' data-avia-related-tooltip='Compartir en Facebook' rel=\"noopener\"><span class='avia_hidden_link_text'>Compartir en Facebook<\/span><\/a><\/li><li class='av-share-link av-social-link-twitter' ><a target=\"_blank\" aria-label=\"Compartir en Twitter\" href='https:\/\/twitter.com\/share?text=%C3%9Altimos%20d%C3%ADas%3A%20JUNJI%20invita%20a%20postular%20a%20salas%20cuna%20y%20jardines%20infantiles&#038;url=https:\/\/radiorevelacionfm.cl\/?p=48182' aria-hidden='false' data-av_icon='\ue8f1' data-av_iconfont='entypo-fontello' title='' data-avia-related-tooltip='Compartir en Twitter' rel=\"noopener\"><span class='avia_hidden_link_text'>Compartir en Twitter<\/span><\/a><\/li><li class='av-share-link av-social-link-whatsapp' ><a target=\"_blank\" aria-label=\"Compartir en Whatsapp\" href='https:\/\/api.whatsapp.com\/send?text=https:\/\/radiorevelacionfm.cl\/?p=48182' aria-hidden='false' data-av_icon='\uf232' data-av_iconfont='entypo-fontello' title='' data-avia-related-tooltip='Compartir en Whatsapp' rel=\"noopener\"><span class='avia_hidden_link_text'>Compartir en Whatsapp<\/span><\/a><\/li><li class='av-share-link av-social-link-linkedin' ><a target=\"_blank\" aria-label=\"Compartir en LinkedIn\" href='https:\/\/linkedin.com\/shareArticle?mini=true&#038;title=%C3%9Altimos%20d%C3%ADas%3A%20JUNJI%20invita%20a%20postular%20a%20salas%20cuna%20y%20jardines%20infantiles&#038;url=https:\/\/radiorevelacionfm.cl\/?p=48182' aria-hidden='false' data-av_icon='\ue8fc' data-av_iconfont='entypo-fontello' title='' data-avia-related-tooltip='Compartir en LinkedIn' rel=\"noopener\"><span class='avia_hidden_link_text'>Compartir en LinkedIn<\/span><\/a><\/li><li class='av-share-link av-social-link-mail' ><a  aria-label=\"Compartir por correo\" href='mailto:?subject=%C3%9Altimos%20d%C3%ADas%3A%20JUNJI%20invita%20a%20postular%20a%20salas%20cuna%20y%20jardines%20infantiles&#038;body=https:\/\/radiorevelacionfm.cl\/?p=48182' aria-hidden='false' data-av_icon='\ue805' data-av_iconfont='entypo-fontello' title='' data-avia-related-tooltip='Compartir por correo'><span class='avia_hidden_link_text'>Compartir por correo<\/span><\/a><\/li><\/ul><\/div><\/div>\n<div  style='height:50px' class='hr hr-invisible   avia-builder-el-8  el_after_av_social_share  el_before_av_comments_list '><span class='hr-inner ' ><span class='hr-inner-style'><\/span><\/span><\/div>\n<div  class='av-buildercomment  av-blog-meta-html-info-disabled av-blog-meta-tag-disabled  '><\/div>\n","protected":false},"excerpt":{"rendered":"","protected":false},"author":1,"featured_media":48183,"comment_status":"open","ping_status":"open","sticky":false,"template":"","format":"standard","meta":{"footnotes":""},"categories":[49],"tags":[],"class_list":["post-48182","post","type-post","status-publish","format-standard","has-post-thumbnail","hentry","category-educacion"],"jetpack_featured_media_url":"https:\/\/radiorevelacionfm.cl\/wp-content\/uploads\/2024\/11\/0-46-2-2.jpg","_links":{"self":[{"href":"https:\/\/radiorevelacionfm.cl\/index.php?rest_route=\/wp\/v2\/posts\/48182","targetHints":{"allow":["GET"]}}],"collection":[{"href":"https:\/\/radiorevelacionfm.cl\/index.php?rest_route=\/wp\/v2\/posts"}],"about":[{"href":"https:\/\/radiorevelacionfm.cl\/index.php?rest_route=\/wp\/v2\/types\/post"}],"author":[{"embeddable":true,"href":"https:\/\/radiorevelacionfm.cl\/index.php?rest_route=\/wp\/v2\/users\/1"}],"replies":[{"embeddable":true,"href":"https:\/\/radiorevelacionfm.cl\/index.php?rest_route=%2Fwp%2Fv2%2Fcomments&post=48182"}],"version-history":[{"count":1,"href":"https:\/\/radiorevelacionfm.cl\/index.php?rest_route=\/wp\/v2\/posts\/48182\/revisions"}],"predecessor-version":[{"id":48184,"href":"https:\/\/radiorevelacionfm.cl\/index.php?rest_route=\/wp\/v2\/posts\/48182\/revisions\/48184"}],"wp:featuredmedia":[{"embeddable":true,"href":"https:\/\/radiorevelacionfm.cl\/index.php?rest_route=\/wp\/v2\/media\/48183"}],"wp:attachment":[{"href":"https:\/\/radiorevelacionfm.cl\/index.php?rest_route=%2Fwp%2Fv2%2Fmedia&parent=48182"}],"wp:term":[{"taxonomy":"category","embeddable":true,"href":"https:\/\/radiorevelacionfm.cl\/index.php?rest_route=%2Fwp%2Fv2%2Fcategories&post=48182"},{"taxonomy":"post_tag","embeddable":true,"href":"https:\/\/radiorevelacionfm.cl\/index.php?rest_route=%2Fwp%2Fv2%2Ftags&post=48182"}],"curies":[{"name":"wp","href":"https:\/\/api.w.org\/{rel}","templated":true}]}}