{"id":4818,"date":"2021-06-02T15:42:35","date_gmt":"2021-06-02T18:42:35","guid":{"rendered":"https:\/\/radiorevelacionfm.cl\/?p=4818"},"modified":"2021-06-02T15:42:35","modified_gmt":"2021-06-02T18:42:35","slug":"ampliacion-de-centro-de-entrenamiento-regional-ind-permitira-aumentar-las-disciplinas-deportivas","status":"publish","type":"post","link":"https:\/\/radiorevelacionfm.cl\/?p=4818","title":{"rendered":"Ampliaci\u00f3n de Centro de Entrenamiento Regional IND permitir\u00e1 aumentar las disciplinas deportivas"},"content":{"rendered":"<div class=\"flex_column av_one_full  flex_column_div av-zero-column-padding first  avia-builder-el-0  el_before_av_one_full  avia-builder-el-first  \" style='border-radius:0px; '><div  class='avia-image-container  av-styling-    avia-builder-el-1  avia-builder-el-no-sibling  avia-align-center '  itemprop=\"image\" itemscope=\"itemscope\" itemtype=\"https:\/\/schema.org\/ImageObject\"  ><div class='avia-image-container-inner'><div class='avia-image-overlay-wrap'><img decoding=\"async\" class='wp-image-4819 avia-img-lazy-loading-not-4819 avia_image' src=\"https:\/\/radiorevelacionfm.cl\/wp-content\/uploads\/2021\/06\/3-30_optimized.jpg\" alt='' title='3-(30)_optimized' height=\"609\" width=\"1100\"  itemprop=\"thumbnailUrl\" srcset=\"https:\/\/radiorevelacionfm.cl\/wp-content\/uploads\/2021\/06\/3-30_optimized.jpg 1100w, https:\/\/radiorevelacionfm.cl\/wp-content\/uploads\/2021\/06\/3-30_optimized-300x166.jpg 300w, https:\/\/radiorevelacionfm.cl\/wp-content\/uploads\/2021\/06\/3-30_optimized-1030x570.jpg 1030w, https:\/\/radiorevelacionfm.cl\/wp-content\/uploads\/2021\/06\/3-30_optimized-768x425.jpg 768w, https:\/\/radiorevelacionfm.cl\/wp-content\/uploads\/2021\/06\/3-30_optimized-705x390.jpg 705w, https:\/\/radiorevelacionfm.cl\/wp-content\/uploads\/2021\/06\/3-30_optimized-600x332.jpg 600w\" sizes=\"(max-width: 1100px) 100vw, 1100px\" \/><\/div><\/div><\/div><\/div><div class=\"flex_column av_one_full  flex_column_div av-zero-column-padding first  avia-builder-el-2  el_after_av_one_full  el_before_av_one_full  column-top-margin\" style='border-radius:0px; '><section class=\"av_textblock_section \"  itemscope=\"itemscope\" itemtype=\"https:\/\/schema.org\/BlogPosting\" itemprop=\"blogPost\" ><div class='avia_textblock  '   itemprop=\"text\" ><p style=\"text-align: center;\"><strong><span style=\"font-size: 18pt;\">Ampliaci\u00f3n de Centro de Entrenamiento Regional IND permitir\u00e1 aumentar las disciplinas deportivas<\/span><\/strong><\/p>\n<div id=\"gtx-trans\" style=\"position: absolute; left: -50px; top: 4.31534px;\">\n<div class=\"gtx-trans-icon\"><\/div>\n<\/div>\n<\/div><\/section><\/div><div class=\"flex_column av_one_full  flex_column_div av-zero-column-padding first  avia-builder-el-4  el_after_av_one_full  el_before_av_hr  column-top-margin\" style='border-radius:0px; '><section class=\"av_textblock_section \"  itemscope=\"itemscope\" itemtype=\"https:\/\/schema.org\/BlogPosting\" itemprop=\"blogPost\" ><div class='avia_textblock  '   itemprop=\"text\" ><div>\n<p class=\"v1MsoNormal\" style=\"text-align: justify;\">Esta semana se realiz\u00f3 la primera reuni\u00f3n t\u00e9cnica entre profesionales del \u00e1rea de Infraestructura del Instituto Nacional de Deportes con la empresa que se adjudic\u00f3 el dise\u00f1o de mejoramiento y ampliaci\u00f3n del Centro Deportivo\u00a0 polifuncional de Coyhaique, espacio que albergar\u00e1 diversas disciplinas deportivas.<\/p>\n<p class=\"v1MsoNormal\" style=\"text-align: justify;\">As\u00ed lo confirm\u00f3 el Seremi del Deporte, Rodrigo Cubilla Retamal quien se\u00f1al\u00f3 \u00abeste es un gran aporte urbano deportivo para los habitantes de la regi\u00f3n con aproximadamente 3 mil m2 de superficie a edificar, obras que formar\u00e1n parte del patrimonio en infraestructura deportiva impulsada por el Gobierno y el Ministerio del Deporte y esta consultor\u00eda de la fase de dise\u00f1o en la que nos encontramos actualmente, es la etapa preliminar para una posterior ejecuci\u00f3n,\u00a0 para lo cual el consultor tiene 180 d\u00edas corridos de desarrollo con un costo de M$155.000\u00bb, puntualiz\u00f3.<\/p>\n<p class=\"v1MsoNormal\" style=\"text-align: justify;\"><b><u>M\u00faltiples disciplinas deportivas\u00a0 y\u00a0 mejores dependencias<\/u><\/b><\/p>\n<p class=\"v1MsoNormal\" style=\"text-align: justify;\">La mantenci\u00f3n y ampliaci\u00f3n del recinto deportivo ubicado en calle 21 de Mayo, permitir\u00e1 albergar diversas disciplinas deportivas, seg\u00fan necesidad, ya que considera 3 salas de uso m\u00faltiple, que se pueden usar conjunta o separadamente, una multicancha para las disciplinas de basquetbol, voleibol y balonmano, adem\u00e1s de una sala de musculaci\u00f3n y mejores dependencias para el laboratorio de Promesas Chile y alto rendimiento.<\/p>\n<p class=\"v1MsoNormal\" style=\"text-align: justify;\">Por su parte, Jos\u00e9 Manuel Sep\u00falveda, Director Regional del IND, precis\u00f3 \u00abel proyecto nace de las necesidades deportivas propias de los programas de alto rendimiento y competici\u00f3n, ya que en tiempos normales pre-pandemia el actual recinto CER no pod\u00eda cubrir la demanda de espacios necesario para la preparaci\u00f3n deportiva del programa Promesas Chile y deportistas priorizados, as\u00ed como del Team Ays\u00e9n que nos representa en los juegos de la Araucan\u00eda. Por otro lado, el nuevo dise\u00f1o nos permitir\u00e1 proveer nuevos espacios deportivos para otros programas del IND, como tambi\u00e9n para las organizaciones deportivas y la comunidad deportiva en general\u00bb, puntualiz\u00f3 el directivo.<\/p>\n<p class=\"v1MsoNormal\" style=\"text-align: justify;\"><b><u>Plan de Desarrollo Regional<\/u><\/b><\/p>\n<p class=\"v1MsoNormal\" style=\"text-align: justify;\">Esta iniciativa corresponde al tercer proyecto de los cuatro comprometidos por el IND regional para satisfacer la demanda en infraestructura deportiva y se enmarca\u00a0 dentro del plan de desarrollo Zona Extrema, sum\u00e1ndose a otros proyectos como la cancha de f\u00fatbol sint\u00e9tico (2017) y Estadio Atl\u00e9tico (2019).<\/p>\n<\/div>\n<div style=\"text-align: justify;\"><\/div>\n<\/div><\/section><\/div><div  style='height:50px' class='hr hr-invisible   avia-builder-el-6  el_after_av_one_full  el_before_av_social_share '><span class='hr-inner ' ><span class='hr-inner-style'><\/span><\/span><\/div><\/p>\n<div  class='av-social-sharing-box  avia-builder-el-7  el_after_av_hr  el_before_av_hr  '><div class='av-share-box'><h5 class='av-share-link-description av-no-toc '>Compartir esta noticia<\/h5><ul class='av-share-box-list noLightbox'><li class='av-share-link av-social-link-facebook' ><a target=\"_blank\" aria-label=\"Compartir en Facebook\" href='https:\/\/www.facebook.com\/sharer.php?u=https:\/\/radiorevelacionfm.cl\/?p=4818&#038;t=Ampliaci%C3%B3n%20de%20Centro%20de%20Entrenamiento%20Regional%20IND%20permitir%C3%A1%20aumentar%20las%20disciplinas%20deportivas' aria-hidden='false' data-av_icon='\ue8f3' data-av_iconfont='entypo-fontello' title='' data-avia-related-tooltip='Compartir en Facebook' rel=\"noopener\"><span class='avia_hidden_link_text'>Compartir en Facebook<\/span><\/a><\/li><li class='av-share-link av-social-link-twitter' ><a target=\"_blank\" aria-label=\"Compartir en Twitter\" href='https:\/\/twitter.com\/share?text=Ampliaci%C3%B3n%20de%20Centro%20de%20Entrenamiento%20Regional%20IND%20permitir%C3%A1%20aumentar%20las%20disciplinas%20deportivas&#038;url=https:\/\/radiorevelacionfm.cl\/?p=4818' aria-hidden='false' data-av_icon='\ue8f1' data-av_iconfont='entypo-fontello' title='' data-avia-related-tooltip='Compartir en Twitter' rel=\"noopener\"><span class='avia_hidden_link_text'>Compartir en Twitter<\/span><\/a><\/li><li class='av-share-link av-social-link-whatsapp' ><a target=\"_blank\" aria-label=\"Compartir en Whatsapp\" href='https:\/\/api.whatsapp.com\/send?text=https:\/\/radiorevelacionfm.cl\/?p=4818' aria-hidden='false' data-av_icon='\uf232' data-av_iconfont='entypo-fontello' title='' data-avia-related-tooltip='Compartir en Whatsapp' rel=\"noopener\"><span class='avia_hidden_link_text'>Compartir en Whatsapp<\/span><\/a><\/li><li class='av-share-link av-social-link-linkedin' ><a target=\"_blank\" aria-label=\"Compartir en LinkedIn\" href='https:\/\/linkedin.com\/shareArticle?mini=true&#038;title=Ampliaci%C3%B3n%20de%20Centro%20de%20Entrenamiento%20Regional%20IND%20permitir%C3%A1%20aumentar%20las%20disciplinas%20deportivas&#038;url=https:\/\/radiorevelacionfm.cl\/?p=4818' aria-hidden='false' data-av_icon='\ue8fc' data-av_iconfont='entypo-fontello' title='' data-avia-related-tooltip='Compartir en LinkedIn' rel=\"noopener\"><span class='avia_hidden_link_text'>Compartir en LinkedIn<\/span><\/a><\/li><li class='av-share-link av-social-link-mail' ><a  aria-label=\"Compartir por correo\" href='mailto:?subject=Ampliaci%C3%B3n%20de%20Centro%20de%20Entrenamiento%20Regional%20IND%20permitir%C3%A1%20aumentar%20las%20disciplinas%20deportivas&#038;body=https:\/\/radiorevelacionfm.cl\/?p=4818' aria-hidden='false' data-av_icon='\ue805' data-av_iconfont='entypo-fontello' title='' data-avia-related-tooltip='Compartir por correo'><span class='avia_hidden_link_text'>Compartir por correo<\/span><\/a><\/li><\/ul><\/div><\/div>\n<div  style='height:50px' class='hr hr-invisible   avia-builder-el-8  el_after_av_social_share  el_before_av_comments_list '><span class='hr-inner ' ><span class='hr-inner-style'><\/span><\/span><\/div>\n<div  class='av-buildercomment  av-blog-meta-html-info-disabled av-blog-meta-tag-disabled  '><\/div>\n","protected":false},"excerpt":{"rendered":"","protected":false},"author":1,"featured_media":4819,"comment_status":"open","ping_status":"open","sticky":false,"template":"","format":"standard","meta":{"footnotes":""},"categories":[40],"tags":[],"class_list":["post-4818","post","type-post","status-publish","format-standard","has-post-thumbnail","hentry","category-deportes"],"jetpack_featured_media_url":"https:\/\/radiorevelacionfm.cl\/wp-content\/uploads\/2021\/06\/3-30_optimized.jpg","_links":{"self":[{"href":"https:\/\/radiorevelacionfm.cl\/index.php?rest_route=\/wp\/v2\/posts\/4818","targetHints":{"allow":["GET"]}}],"collection":[{"href":"https:\/\/radiorevelacionfm.cl\/index.php?rest_route=\/wp\/v2\/posts"}],"about":[{"href":"https:\/\/radiorevelacionfm.cl\/index.php?rest_route=\/wp\/v2\/types\/post"}],"author":[{"embeddable":true,"href":"https:\/\/radiorevelacionfm.cl\/index.php?rest_route=\/wp\/v2\/users\/1"}],"replies":[{"embeddable":true,"href":"https:\/\/radiorevelacionfm.cl\/index.php?rest_route=%2Fwp%2Fv2%2Fcomments&post=4818"}],"version-history":[{"count":1,"href":"https:\/\/radiorevelacionfm.cl\/index.php?rest_route=\/wp\/v2\/posts\/4818\/revisions"}],"predecessor-version":[{"id":4820,"href":"https:\/\/radiorevelacionfm.cl\/index.php?rest_route=\/wp\/v2\/posts\/4818\/revisions\/4820"}],"wp:featuredmedia":[{"embeddable":true,"href":"https:\/\/radiorevelacionfm.cl\/index.php?rest_route=\/wp\/v2\/media\/4819"}],"wp:attachment":[{"href":"https:\/\/radiorevelacionfm.cl\/index.php?rest_route=%2Fwp%2Fv2%2Fmedia&parent=4818"}],"wp:term":[{"taxonomy":"category","embeddable":true,"href":"https:\/\/radiorevelacionfm.cl\/index.php?rest_route=%2Fwp%2Fv2%2Fcategories&post=4818"},{"taxonomy":"post_tag","embeddable":true,"href":"https:\/\/radiorevelacionfm.cl\/index.php?rest_route=%2Fwp%2Fv2%2Ftags&post=4818"}],"curies":[{"name":"wp","href":"https:\/\/api.w.org\/{rel}","templated":true}]}}