{"id":48179,"date":"2024-11-22T10:54:06","date_gmt":"2024-11-22T13:54:06","guid":{"rendered":"https:\/\/radiorevelacionfm.cl\/?p=48179"},"modified":"2024-11-22T10:54:06","modified_gmt":"2024-11-22T13:54:06","slug":"lanzan-etapa-de-implementacion-de-programa-red-proveedores-para-potenciar-a-emprendedores-de-aysen","status":"publish","type":"post","link":"https:\/\/radiorevelacionfm.cl\/?p=48179","title":{"rendered":"Lanzan etapa de implementaci\u00f3n de programa Red Proveedores para potenciar a emprendedores de Ays\u00e9n"},"content":{"rendered":"<div class=\"flex_column av_one_full  flex_column_div av-zero-column-padding first  avia-builder-el-0  el_before_av_one_full  avia-builder-el-first  \" style='border-radius:0px; '><div  class='avia-image-container  av-styling-    avia-builder-el-1  avia-builder-el-no-sibling  avia-align-center '  itemprop=\"image\" itemscope=\"itemscope\" itemtype=\"https:\/\/schema.org\/ImageObject\"  ><div class='avia-image-container-inner'><div class='avia-image-overlay-wrap'><img decoding=\"async\" class='wp-image-48180 avia-img-lazy-loading-not-48180 avia_image' src=\"https:\/\/radiorevelacionfm.cl\/wp-content\/uploads\/2024\/11\/01-red-proveedores-hiper-2-2_optimized-2.jpg\" alt='' title='01-red-proveedores-hiper-2-2_optimized-2' height=\"600\" width=\"1066\"  itemprop=\"thumbnailUrl\" srcset=\"https:\/\/radiorevelacionfm.cl\/wp-content\/uploads\/2024\/11\/01-red-proveedores-hiper-2-2_optimized-2.jpg 1066w, https:\/\/radiorevelacionfm.cl\/wp-content\/uploads\/2024\/11\/01-red-proveedores-hiper-2-2_optimized-2-300x169.jpg 300w, https:\/\/radiorevelacionfm.cl\/wp-content\/uploads\/2024\/11\/01-red-proveedores-hiper-2-2_optimized-2-1030x580.jpg 1030w, https:\/\/radiorevelacionfm.cl\/wp-content\/uploads\/2024\/11\/01-red-proveedores-hiper-2-2_optimized-2-768x432.jpg 768w, https:\/\/radiorevelacionfm.cl\/wp-content\/uploads\/2024\/11\/01-red-proveedores-hiper-2-2_optimized-2-705x397.jpg 705w, https:\/\/radiorevelacionfm.cl\/wp-content\/uploads\/2024\/11\/01-red-proveedores-hiper-2-2_optimized-2-450x253.jpg 450w, https:\/\/radiorevelacionfm.cl\/wp-content\/uploads\/2024\/11\/01-red-proveedores-hiper-2-2_optimized-2-600x338.jpg 600w\" sizes=\"(max-width: 1066px) 100vw, 1066px\" \/><\/div><\/div><\/div><\/div><div class=\"flex_column av_one_full  flex_column_div av-zero-column-padding first  avia-builder-el-2  el_after_av_one_full  el_before_av_one_full  column-top-margin\" style='border-radius:0px; '><section class=\"av_textblock_section \"  itemscope=\"itemscope\" itemtype=\"https:\/\/schema.org\/BlogPosting\" itemprop=\"blogPost\" ><div class='avia_textblock  '   itemprop=\"text\" ><p style=\"text-align: center;\"><span style=\"font-size: 18pt;\"><b>Lanzan etapa de implementaci\u00f3n de programa Red Proveedores para potenciar a emprendedores de Ays\u00e9n<\/b><\/span><\/p>\n<div id=\"gtx-trans\" style=\"position: absolute; left: -50px; top: 4.31534px;\">\n<div class=\"gtx-trans-icon\"><\/div>\n<\/div>\n<\/div><\/section><\/div><div class=\"flex_column av_one_full  flex_column_div av-zero-column-padding first  avia-builder-el-4  el_after_av_one_full  el_before_av_hr  column-top-margin\" style='border-radius:0px; '><section class=\"av_textblock_section \"  itemscope=\"itemscope\" itemtype=\"https:\/\/schema.org\/BlogPosting\" itemprop=\"blogPost\" ><div class='avia_textblock  '   itemprop=\"text\" ><p style=\"text-align: justify;\"><em>La iniciativa busca potenciar a 17 proveedores locales mediante capacitaciones y mejoras en sostenibilidad, integr\u00e1ndolos a la cadena de valor del supermercado y abriendo oportunidades de expansi\u00f3n.<\/em><\/p>\n<p style=\"text-align: justify;\">Corfo Ays\u00e9n e HiperPatag\u00f3nico lanzaron la fase de implementaci\u00f3n del programa Red Proveedores, que busca fortalecer la econom\u00eda local y apoyar a las peque\u00f1as y medianas empresas (pymes) de la regi\u00f3n de Ays\u00e9n. El objetivo es integrar a 17 proveedores locales a la cadena de valor del supermercado HiperPatag\u00f3nico, mejorando la calidad de sus productos y aline\u00e1ndolos con las demandas actuales del mercado, a la vez que promueve pr\u00e1cticas sostenibles que atraigan a los consumidores.<\/p>\n<p style=\"text-align: justify;\">Con una inversi\u00f3n de 110 millones de pesos, el programa se enfoca en ofrecer capacitaciones y herramientas pr\u00e1cticas a los emprendedores para mejorar la competitividad de sus negocios, optimizar sus procesos de producci\u00f3n y fomentar la sostenibilidad de sus productos. El prop\u00f3sito es asegurar que los productos sean competitivos tanto en calidad como en precio, brindando una oferta atractiva para los consumidores regionales y nacionales.<\/p>\n<p style=\"text-align: justify;\">Fernando Johnson Dur\u00e1n, subdirector de Corfo, destac\u00f3 la relevancia de este programa para el crecimiento local. \u00abCon el lanzamiento de la etapa de implementaci\u00f3n de la Red Proveedores, buscamos que los emprendedores obtengan conocimientos que fortalezcan sus negocios, ampliando sus oportunidades dentro y fuera de la regi\u00f3n\u00bb, coment\u00f3 Johnson.<\/p>\n<p style=\"text-align: justify;\">Este programa surge tras un diagn\u00f3stico de las necesidades de los proveedores locales, realizado en la fase anterior, que identific\u00f3 \u00e1reas de mejora en la producci\u00f3n, calidad y capacidad de respuesta a la demanda del mercado. Con base en estos resultados, se dise\u00f1aron estrategias personalizadas para cada proveedor, buscando maximizar su potencial comercial.<\/p>\n<p style=\"text-align: justify;\">Rodrigo Canales Alarc\u00f3n, gerente general del <a href=\"https:\/\/www.instagram.com\/hiperpatagonico\/\" data-saferedirecturl=\"https:\/\/www.google.com\/url?q=https:\/\/www.instagram.com\/hiperpatagonico\/&amp;source=gmail&amp;ust=1732320891844000&amp;usg=AOvVaw1bMBKVBiJxJT3uZ7lomirS\">supermercado HiperPatag\u00f3nico<\/a>, subray\u00f3 la importancia de la colaboraci\u00f3n entre el supermercado y los proveedores regionales. \u00abEl objetivo es que los productos de Ays\u00e9n se conviertan en una oferta habitual en nuestras g\u00f3ndolas, no una excepci\u00f3n. Las capacitaciones no solo buscan mejorar la productividad, sino tambi\u00e9n estandarizar los procesos para adaptarse mejor a las demandas del mercado\u00bb, indic\u00f3 Canales.<\/p>\n<p style=\"text-align: justify;\">Entre los proveedores que participan en el programa se encuentra Patricia Gonz\u00e1lez Gonz\u00e1lez, creadora de <a href=\"https:\/\/www.instagram.com\/buenpuntopatagonia\/\" data-saferedirecturl=\"https:\/\/www.google.com\/url?q=https:\/\/www.instagram.com\/buenpuntopatagonia\/&amp;source=gmail&amp;ust=1732320891844000&amp;usg=AOvVaw06sC2eqtvF3Dmn5QgPOASs\">Buen Punto<\/a>, que se especializa en frutales menores y productos procesados como jugos y mermeladas. Patricia destac\u00f3 la importancia del programa en su desarrollo: \u00abGracias a las recomendaciones recibidas, ahora tenemos presencia en tiendas dentro y fuera de la regi\u00f3n y esperamos expandir nuestra presencia en HiperPatag\u00f3nico\u00bb.<\/p>\n<p style=\"text-align: justify;\">Tambi\u00e9n participa Ver\u00f3nica Ehijos Mu\u00f1oz, de <a href=\"https:\/\/www.instagram.com\/iaru_lavanda_patagonia\/\" data-saferedirecturl=\"https:\/\/www.google.com\/url?q=https:\/\/www.instagram.com\/iaru_lavanda_patagonia\/&amp;source=gmail&amp;ust=1732320891844000&amp;usg=AOvVaw0B3rKizXli1ZdKkvbssfOm\">Iar\u00fa Lavanda Patagonia<\/a>, una empresa dedicada al cultivo de lavanda y la fabricaci\u00f3n de cosm\u00e9ticos naturales. \u00abEste programa nos permite dar visibilidad a nuestros productos y confiamos en que pronto estaremos en el supermercado. Nos ayudar\u00e1 a consolidar nuestra presencia en el mercado\u00bb, expres\u00f3 Ehijos.<\/p>\n<p style=\"text-align: justify;\">El programa tambi\u00e9n se enfoca en la sostenibilidad, con capacitaciones que incluyen la implementaci\u00f3n de modelos de gesti\u00f3n responsables, permitiendo a los proveedores reducir su huella ambiental y mejorar la trazabilidad de sus productos. Esto responde a la creciente demanda de los consumidores por productos sostenibles y responsables con el medio ambiente.<\/p>\n<p style=\"text-align: justify;\">Red Proveedores es un ejemplo claro de c\u00f3mo las alianzas p\u00fablico-privadas pueden generar un impacto positivo en las comunidades locales. La colaboraci\u00f3n entre CORFO e HiperPatag\u00f3nico busca no solo fortalecer la competitividad de las pymes regionales, sino tambi\u00e9n abrir oportunidades de expansi\u00f3n en mercados nacionales, posicionando a Ays\u00e9n como un referente en sostenibilidad, competitividad e innovaci\u00f3n.<\/p>\n<\/div><\/section><\/div><div  style='height:50px' class='hr hr-invisible   avia-builder-el-6  el_after_av_one_full  el_before_av_social_share '><span class='hr-inner ' ><span class='hr-inner-style'><\/span><\/span><\/div><\/p>\n<div  class='av-social-sharing-box  avia-builder-el-7  el_after_av_hr  el_before_av_hr  '><div class='av-share-box'><h5 class='av-share-link-description av-no-toc '>Compartir esta noticia<\/h5><ul class='av-share-box-list noLightbox'><li class='av-share-link av-social-link-facebook' ><a target=\"_blank\" aria-label=\"Compartir en Facebook\" href='https:\/\/www.facebook.com\/sharer.php?u=https:\/\/radiorevelacionfm.cl\/?p=48179&#038;t=Lanzan%20etapa%20de%20implementaci%C3%B3n%20de%20programa%20Red%20Proveedores%20para%20potenciar%20a%20emprendedores%20de%20Ays%C3%A9n' aria-hidden='false' data-av_icon='\ue8f3' data-av_iconfont='entypo-fontello' title='' data-avia-related-tooltip='Compartir en Facebook' rel=\"noopener\"><span class='avia_hidden_link_text'>Compartir en Facebook<\/span><\/a><\/li><li class='av-share-link av-social-link-twitter' ><a target=\"_blank\" aria-label=\"Compartir en Twitter\" href='https:\/\/twitter.com\/share?text=Lanzan%20etapa%20de%20implementaci%C3%B3n%20de%20programa%20Red%20Proveedores%20para%20potenciar%20a%20emprendedores%20de%20Ays%C3%A9n&#038;url=https:\/\/radiorevelacionfm.cl\/?p=48179' aria-hidden='false' data-av_icon='\ue8f1' data-av_iconfont='entypo-fontello' title='' data-avia-related-tooltip='Compartir en Twitter' rel=\"noopener\"><span class='avia_hidden_link_text'>Compartir en Twitter<\/span><\/a><\/li><li class='av-share-link av-social-link-whatsapp' ><a target=\"_blank\" aria-label=\"Compartir en Whatsapp\" href='https:\/\/api.whatsapp.com\/send?text=https:\/\/radiorevelacionfm.cl\/?p=48179' aria-hidden='false' data-av_icon='\uf232' data-av_iconfont='entypo-fontello' title='' data-avia-related-tooltip='Compartir en Whatsapp' rel=\"noopener\"><span class='avia_hidden_link_text'>Compartir en Whatsapp<\/span><\/a><\/li><li class='av-share-link av-social-link-linkedin' ><a target=\"_blank\" aria-label=\"Compartir en LinkedIn\" href='https:\/\/linkedin.com\/shareArticle?mini=true&#038;title=Lanzan%20etapa%20de%20implementaci%C3%B3n%20de%20programa%20Red%20Proveedores%20para%20potenciar%20a%20emprendedores%20de%20Ays%C3%A9n&#038;url=https:\/\/radiorevelacionfm.cl\/?p=48179' aria-hidden='false' data-av_icon='\ue8fc' data-av_iconfont='entypo-fontello' title='' data-avia-related-tooltip='Compartir en LinkedIn' rel=\"noopener\"><span class='avia_hidden_link_text'>Compartir en LinkedIn<\/span><\/a><\/li><li class='av-share-link av-social-link-mail' ><a  aria-label=\"Compartir por correo\" href='mailto:?subject=Lanzan%20etapa%20de%20implementaci%C3%B3n%20de%20programa%20Red%20Proveedores%20para%20potenciar%20a%20emprendedores%20de%20Ays%C3%A9n&#038;body=https:\/\/radiorevelacionfm.cl\/?p=48179' aria-hidden='false' data-av_icon='\ue805' data-av_iconfont='entypo-fontello' title='' data-avia-related-tooltip='Compartir por correo'><span class='avia_hidden_link_text'>Compartir por correo<\/span><\/a><\/li><\/ul><\/div><\/div>\n<div  style='height:50px' class='hr hr-invisible   avia-builder-el-8  el_after_av_social_share  el_before_av_comments_list '><span class='hr-inner ' ><span class='hr-inner-style'><\/span><\/span><\/div>\n<div  class='av-buildercomment  av-blog-meta-html-info-disabled av-blog-meta-tag-disabled  '><\/div>\n","protected":false},"excerpt":{"rendered":"","protected":false},"author":1,"featured_media":48180,"comment_status":"open","ping_status":"open","sticky":false,"template":"","format":"standard","meta":{"footnotes":""},"categories":[38],"tags":[],"class_list":["post-48179","post","type-post","status-publish","format-standard","has-post-thumbnail","hentry","category-regional"],"jetpack_featured_media_url":"https:\/\/radiorevelacionfm.cl\/wp-content\/uploads\/2024\/11\/01-red-proveedores-hiper-2-2_optimized-2.jpg","_links":{"self":[{"href":"https:\/\/radiorevelacionfm.cl\/index.php?rest_route=\/wp\/v2\/posts\/48179","targetHints":{"allow":["GET"]}}],"collection":[{"href":"https:\/\/radiorevelacionfm.cl\/index.php?rest_route=\/wp\/v2\/posts"}],"about":[{"href":"https:\/\/radiorevelacionfm.cl\/index.php?rest_route=\/wp\/v2\/types\/post"}],"author":[{"embeddable":true,"href":"https:\/\/radiorevelacionfm.cl\/index.php?rest_route=\/wp\/v2\/users\/1"}],"replies":[{"embeddable":true,"href":"https:\/\/radiorevelacionfm.cl\/index.php?rest_route=%2Fwp%2Fv2%2Fcomments&post=48179"}],"version-history":[{"count":1,"href":"https:\/\/radiorevelacionfm.cl\/index.php?rest_route=\/wp\/v2\/posts\/48179\/revisions"}],"predecessor-version":[{"id":48181,"href":"https:\/\/radiorevelacionfm.cl\/index.php?rest_route=\/wp\/v2\/posts\/48179\/revisions\/48181"}],"wp:featuredmedia":[{"embeddable":true,"href":"https:\/\/radiorevelacionfm.cl\/index.php?rest_route=\/wp\/v2\/media\/48180"}],"wp:attachment":[{"href":"https:\/\/radiorevelacionfm.cl\/index.php?rest_route=%2Fwp%2Fv2%2Fmedia&parent=48179"}],"wp:term":[{"taxonomy":"category","embeddable":true,"href":"https:\/\/radiorevelacionfm.cl\/index.php?rest_route=%2Fwp%2Fv2%2Fcategories&post=48179"},{"taxonomy":"post_tag","embeddable":true,"href":"https:\/\/radiorevelacionfm.cl\/index.php?rest_route=%2Fwp%2Fv2%2Ftags&post=48179"}],"curies":[{"name":"wp","href":"https:\/\/api.w.org\/{rel}","templated":true}]}}