{"id":48176,"date":"2024-11-22T09:46:31","date_gmt":"2024-11-22T12:46:31","guid":{"rendered":"https:\/\/radiorevelacionfm.cl\/?p=48176"},"modified":"2024-11-22T09:46:31","modified_gmt":"2024-11-22T12:46:31","slug":"con-entrega-de-premios-regionales-se-inaugura-la-quinta-edicion-de-la-feria-de-culturas-aysen","status":"publish","type":"post","link":"https:\/\/radiorevelacionfm.cl\/?p=48176","title":{"rendered":"Con entrega de Premios Regionales se inaugura la quinta edici\u00f3n de la Feria de Culturas Ays\u00e9n"},"content":{"rendered":"<div class=\"flex_column av_one_full  flex_column_div av-zero-column-padding first  avia-builder-el-0  el_before_av_one_full  avia-builder-el-first  \" style='border-radius:0px; '><div  class='avia-image-container  av-styling-    avia-builder-el-1  avia-builder-el-no-sibling  avia-align-center '  itemprop=\"image\" itemscope=\"itemscope\" itemtype=\"https:\/\/schema.org\/ImageObject\"  ><div class='avia-image-container-inner'><div class='avia-image-overlay-wrap'><img decoding=\"async\" class='wp-image-48177 avia-img-lazy-loading-not-48177 avia_image' src=\"https:\/\/radiorevelacionfm.cl\/wp-content\/uploads\/2024\/11\/INAUGURACION-V-FERIA-CULTURAS-AYSEN16-2-2.jpg\" alt='' title='INAUGURACION V FERIA CULTURAS AYSEN16-2-2' height=\"600\" width=\"900\"  itemprop=\"thumbnailUrl\" srcset=\"https:\/\/radiorevelacionfm.cl\/wp-content\/uploads\/2024\/11\/INAUGURACION-V-FERIA-CULTURAS-AYSEN16-2-2.jpg 900w, https:\/\/radiorevelacionfm.cl\/wp-content\/uploads\/2024\/11\/INAUGURACION-V-FERIA-CULTURAS-AYSEN16-2-2-300x200.jpg 300w, https:\/\/radiorevelacionfm.cl\/wp-content\/uploads\/2024\/11\/INAUGURACION-V-FERIA-CULTURAS-AYSEN16-2-2-768x512.jpg 768w, https:\/\/radiorevelacionfm.cl\/wp-content\/uploads\/2024\/11\/INAUGURACION-V-FERIA-CULTURAS-AYSEN16-2-2-705x470.jpg 705w, https:\/\/radiorevelacionfm.cl\/wp-content\/uploads\/2024\/11\/INAUGURACION-V-FERIA-CULTURAS-AYSEN16-2-2-450x300.jpg 450w, https:\/\/radiorevelacionfm.cl\/wp-content\/uploads\/2024\/11\/INAUGURACION-V-FERIA-CULTURAS-AYSEN16-2-2-600x400.jpg 600w\" sizes=\"(max-width: 900px) 100vw, 900px\" \/><\/div><\/div><\/div><\/div><div class=\"flex_column av_one_full  flex_column_div av-zero-column-padding first  avia-builder-el-2  el_after_av_one_full  el_before_av_one_full  column-top-margin\" style='border-radius:0px; '><section class=\"av_textblock_section \"  itemscope=\"itemscope\" itemtype=\"https:\/\/schema.org\/BlogPosting\" itemprop=\"blogPost\" ><div class='avia_textblock  '   itemprop=\"text\" ><p style=\"text-align: center;\"><span style=\"font-size: 18pt;\"><b><span lang=\"ES-TRAD\">Con entrega de Premios Regionales se inaugura la quinta edici\u00f3n de la Feria de Culturas Ays\u00e9n<\/span><\/b><\/span><\/p>\n<div>\n<p class=\"Predeterminado\">\n<\/div>\n<div id=\"gtx-trans\" style=\"position: absolute; left: -50px; top: 4.31534px;\">\n<div class=\"gtx-trans-icon\"><\/div>\n<\/div>\n<\/div><\/section><\/div><div class=\"flex_column av_one_full  flex_column_div av-zero-column-padding first  avia-builder-el-4  el_after_av_one_full  el_before_av_hr  column-top-margin\" style='border-radius:0px; '><section class=\"av_textblock_section \"  itemscope=\"itemscope\" itemtype=\"https:\/\/schema.org\/BlogPosting\" itemprop=\"blogPost\" ><div class='avia_textblock  '   itemprop=\"text\" ><div>\n<p class=\"Predeterminado\" style=\"text-align: justify;\"><span class=\"Ninguno\"><span lang=\"ES-TRAD\">Por primera vez, artesanas y artesanos, creadores de nueve regiones del pa\u00eds, protagonizan la Feria de Culturas Ays\u00e9n en su quinta edici\u00f3n.<\/span><\/span><\/p>\n<\/div>\n<div style=\"text-align: justify;\">\n<p class=\"Predeterminado\">Creadoras, artesanos, artistas visuales, editoras, y otros exponentes estar\u00e1n hasta este viernes exhibiendo y vendiendo obras tra\u00eddas desde las regiones de Arica y Parinacota, Tarapac\u00e1, Atacama, Metropolitana, Maule, Los R\u00edos, Los Lagos, Ays\u00e9n, Magallanes y la Ant\u00e1rtica Chilena.<\/p>\n<\/div>\n<div style=\"text-align: justify;\">\n<p class=\"Predeterminado\">Tras participar en el I Encuentro Macrozonal Austral Patagonia Enlazando Culturas, la creaci\u00f3n de diversos puntos del pa\u00eds se toma la Plaza Pentagonal de Coyhaique para dar vida a la ya tradicional Feria de las Culturas.<\/p>\n<\/div>\n<div style=\"text-align: justify;\">\n<p class=\"Predeterminado\">Durante la inauguraci\u00f3n, se entregaron los Premios Regionales de Arte, Cultura y Patrimonio 2024, que en esta ocasi\u00f3n recayeron en instituciones y personas naturales, cuya trayectoria ha dignificado y potenciado la gesti\u00f3n cultural en la regi\u00f3n.<\/p>\n<\/div>\n<div style=\"text-align: justify;\">\n<p class=\"Predeterminado\">Se trata de la m\u00fasica, profesora y gestora, Magdalena Rosas; el gestor cultural y cineasta V\u00edctor Beto Cabrera; y las agrupaciones Malotun Ortiga y Cultural de la Patagonia, por el reconocido trabajo en gesti\u00f3n cultural que han desarrollado en la Regi\u00f3n de Ays\u00e9n.<\/p>\n<\/div>\n<div style=\"text-align: justify;\">\n<p class=\"Predeterminado\">Para Magdalena Rosas, el reconocimiento del ministerio tambi\u00e9n est\u00e1 vinculado al trabajo desde y con las instituciones: \u00abQuiero agradecer al Ministerio de las Culturas porque creamos esta institucionalidad hace tanto tiempo y ha sido un camino largo. Ha sido un esfuerzo gigante de todos los equipos, de los funcionarios y de los trabajadores. Hay un compromiso por el tema cultural con un esp\u00edritu mucho m\u00e1s grande que ser funcionario. Eso me llena de orgullo. Ver c\u00f3mo se ha ido instalando este ministerio\u201d.<\/p>\n<\/div>\n<div style=\"text-align: justify;\">\n<p class=\"Predeterminado\"><span class=\"Ninguno\"><span lang=\"ES-TRAD\">El seremi de Culturas Ays\u00e9n, Felipe Quiroz, dijo que \u00abestamos por quinta vez en la Feria de las Culturas Ays\u00e9n, donde nos tomamos la plaza y el espacio p\u00fablico para celebrar y acercarnos a la cultura y a los servicios culturales. En esta oportunidad nos acompa\u00f1an desde distintas regiones, desde el extremo norte al sur nos congregamos en el coraz\u00f3n de la Patagonia para poder celebrar y acercar la cultura a todos los ciudadanos y, adem\u00e1s, a los turistas que nos visitan desde los extremos del pa\u00eds y desde otras partes del mundo. Para nuestro gobierno, la cultura est<\/span><\/span><span class=\"Ninguno\">\u00e1 <\/span><span class=\"Ninguno\"><span lang=\"ES-TRAD\">al centro de la vida de las personas, entendi<\/span><\/span><span class=\"Ninguno\"><span lang=\"FR\">\u00e9<\/span><\/span><span class=\"Ninguno\"><span lang=\"ES-TRAD\">ndola como un derecho que debemos garantizar y profundizar<\/span><\/span><span class=\"Ninguno\">\u201d<\/span><span class=\"Ninguno\"><span lang=\"ES-TRAD\">.<\/span><\/span><\/p>\n<\/div>\n<div style=\"text-align: justify;\">\n<p class=\"Predeterminado\">Adem\u00e1s de los premios, se reconoci\u00f3 el trabajo de cuatro trabajadores del arte y la cultura de Ays\u00e9n: la actriz Silvia Mart\u00ednez, quien ha recorrido las comunas del territorio con su personaje la bruja Maruja fomentando la lectura; el cultor y m\u00fasico oriundo de Balmaceda, Cecilio Aguilar, por su rescate permanente del arte tradicional; la escritora y artesana Rosa Tita G\u00f3mez, por su trabajo integral desde las comunidades; y, p\u00f3stumamente, al fot\u00f3grafo cochranino Fabian Espa\u00f1a, fallecido a mediados de este a\u00f1o, y cuya obra recoge el rostro m\u00e1s profundo de la Patagonia.<\/p>\n<\/div>\n<div style=\"text-align: justify;\">\n<p class=\"Predeterminado\">Cecilio Aguilar piensa que \u201csiempre es bueno ser reconocido porque quiere decir que el trabajo rinde algunos frutos, se ve, y ojal\u00e1 se visualizar\u00e1 m\u00e1s, pero es importante\u201d.<\/p>\n<\/div>\n<div style=\"text-align: justify;\">\n<p class=\"Predeterminado\">La quinta edici\u00f3n de la Feria de Culturas Ays\u00e9n contempla talleres, mediaciones art\u00edsticas, espacios de formaci\u00f3n, n\u00fameros musicales y danc\u00edsticos, conversatorios y m\u00e1s de 70 estands con creaciones y productos de primera calidad desde diversos y distantes puntos del pa\u00eds. Puedes visitarla hasta el viernes desde las 10 de la ma\u00f1ana y revisar la programaci\u00f3n en www.cultura.gob.cl\/aysen.<\/p>\n<\/div>\n<\/div><\/section><\/div><div  style='height:50px' class='hr hr-invisible   avia-builder-el-6  el_after_av_one_full  el_before_av_social_share '><span class='hr-inner ' ><span class='hr-inner-style'><\/span><\/span><\/div><\/p>\n<div  class='av-social-sharing-box  avia-builder-el-7  el_after_av_hr  el_before_av_hr  '><div class='av-share-box'><h5 class='av-share-link-description av-no-toc '>Compartir esta noticia<\/h5><ul class='av-share-box-list noLightbox'><li class='av-share-link av-social-link-facebook' ><a target=\"_blank\" aria-label=\"Compartir en Facebook\" href='https:\/\/www.facebook.com\/sharer.php?u=https:\/\/radiorevelacionfm.cl\/?p=48176&#038;t=Con%20entrega%20de%20Premios%20Regionales%20se%20inaugura%20la%20quinta%20edici%C3%B3n%20de%20la%20Feria%20de%20Culturas%20Ays%C3%A9n' aria-hidden='false' data-av_icon='\ue8f3' data-av_iconfont='entypo-fontello' title='' data-avia-related-tooltip='Compartir en Facebook' rel=\"noopener\"><span class='avia_hidden_link_text'>Compartir en Facebook<\/span><\/a><\/li><li class='av-share-link av-social-link-twitter' ><a target=\"_blank\" aria-label=\"Compartir en Twitter\" href='https:\/\/twitter.com\/share?text=Con%20entrega%20de%20Premios%20Regionales%20se%20inaugura%20la%20quinta%20edici%C3%B3n%20de%20la%20Feria%20de%20Culturas%20Ays%C3%A9n&#038;url=https:\/\/radiorevelacionfm.cl\/?p=48176' aria-hidden='false' data-av_icon='\ue8f1' data-av_iconfont='entypo-fontello' title='' data-avia-related-tooltip='Compartir en Twitter' rel=\"noopener\"><span class='avia_hidden_link_text'>Compartir en Twitter<\/span><\/a><\/li><li class='av-share-link av-social-link-whatsapp' ><a target=\"_blank\" aria-label=\"Compartir en Whatsapp\" href='https:\/\/api.whatsapp.com\/send?text=https:\/\/radiorevelacionfm.cl\/?p=48176' aria-hidden='false' data-av_icon='\uf232' data-av_iconfont='entypo-fontello' title='' data-avia-related-tooltip='Compartir en Whatsapp' rel=\"noopener\"><span class='avia_hidden_link_text'>Compartir en Whatsapp<\/span><\/a><\/li><li class='av-share-link av-social-link-linkedin' ><a target=\"_blank\" aria-label=\"Compartir en LinkedIn\" href='https:\/\/linkedin.com\/shareArticle?mini=true&#038;title=Con%20entrega%20de%20Premios%20Regionales%20se%20inaugura%20la%20quinta%20edici%C3%B3n%20de%20la%20Feria%20de%20Culturas%20Ays%C3%A9n&#038;url=https:\/\/radiorevelacionfm.cl\/?p=48176' aria-hidden='false' data-av_icon='\ue8fc' data-av_iconfont='entypo-fontello' title='' data-avia-related-tooltip='Compartir en LinkedIn' rel=\"noopener\"><span class='avia_hidden_link_text'>Compartir en LinkedIn<\/span><\/a><\/li><li class='av-share-link av-social-link-mail' ><a  aria-label=\"Compartir por correo\" href='mailto:?subject=Con%20entrega%20de%20Premios%20Regionales%20se%20inaugura%20la%20quinta%20edici%C3%B3n%20de%20la%20Feria%20de%20Culturas%20Ays%C3%A9n&#038;body=https:\/\/radiorevelacionfm.cl\/?p=48176' aria-hidden='false' data-av_icon='\ue805' data-av_iconfont='entypo-fontello' title='' data-avia-related-tooltip='Compartir por correo'><span class='avia_hidden_link_text'>Compartir por correo<\/span><\/a><\/li><\/ul><\/div><\/div>\n<div  style='height:50px' class='hr hr-invisible   avia-builder-el-8  el_after_av_social_share  el_before_av_comments_list '><span class='hr-inner ' ><span class='hr-inner-style'><\/span><\/span><\/div>\n<div  class='av-buildercomment  av-blog-meta-html-info-disabled av-blog-meta-tag-disabled  '><\/div>\n","protected":false},"excerpt":{"rendered":"","protected":false},"author":1,"featured_media":48177,"comment_status":"open","ping_status":"open","sticky":false,"template":"","format":"standard","meta":{"footnotes":""},"categories":[52],"tags":[],"class_list":["post-48176","post","type-post","status-publish","format-standard","has-post-thumbnail","hentry","category-cultura"],"jetpack_featured_media_url":"https:\/\/radiorevelacionfm.cl\/wp-content\/uploads\/2024\/11\/INAUGURACION-V-FERIA-CULTURAS-AYSEN16-2-2.jpg","_links":{"self":[{"href":"https:\/\/radiorevelacionfm.cl\/index.php?rest_route=\/wp\/v2\/posts\/48176","targetHints":{"allow":["GET"]}}],"collection":[{"href":"https:\/\/radiorevelacionfm.cl\/index.php?rest_route=\/wp\/v2\/posts"}],"about":[{"href":"https:\/\/radiorevelacionfm.cl\/index.php?rest_route=\/wp\/v2\/types\/post"}],"author":[{"embeddable":true,"href":"https:\/\/radiorevelacionfm.cl\/index.php?rest_route=\/wp\/v2\/users\/1"}],"replies":[{"embeddable":true,"href":"https:\/\/radiorevelacionfm.cl\/index.php?rest_route=%2Fwp%2Fv2%2Fcomments&post=48176"}],"version-history":[{"count":1,"href":"https:\/\/radiorevelacionfm.cl\/index.php?rest_route=\/wp\/v2\/posts\/48176\/revisions"}],"predecessor-version":[{"id":48178,"href":"https:\/\/radiorevelacionfm.cl\/index.php?rest_route=\/wp\/v2\/posts\/48176\/revisions\/48178"}],"wp:featuredmedia":[{"embeddable":true,"href":"https:\/\/radiorevelacionfm.cl\/index.php?rest_route=\/wp\/v2\/media\/48177"}],"wp:attachment":[{"href":"https:\/\/radiorevelacionfm.cl\/index.php?rest_route=%2Fwp%2Fv2%2Fmedia&parent=48176"}],"wp:term":[{"taxonomy":"category","embeddable":true,"href":"https:\/\/radiorevelacionfm.cl\/index.php?rest_route=%2Fwp%2Fv2%2Fcategories&post=48176"},{"taxonomy":"post_tag","embeddable":true,"href":"https:\/\/radiorevelacionfm.cl\/index.php?rest_route=%2Fwp%2Fv2%2Ftags&post=48176"}],"curies":[{"name":"wp","href":"https:\/\/api.w.org\/{rel}","templated":true}]}}