{"id":48173,"date":"2024-11-22T12:55:56","date_gmt":"2024-11-22T15:55:56","guid":{"rendered":"https:\/\/radiorevelacionfm.cl\/?p=48173"},"modified":"2024-11-22T12:55:56","modified_gmt":"2024-11-22T15:55:56","slug":"aprueban-plan-de-descontaminacion-atmosferica-para-puerto-aysen","status":"publish","type":"post","link":"https:\/\/radiorevelacionfm.cl\/?p=48173","title":{"rendered":"Aprueban Plan de Descontaminaci\u00f3n Atmosf\u00e9rica para Puerto Ays\u00e9n"},"content":{"rendered":"<div class=\"flex_column av_one_full  flex_column_div av-zero-column-padding first  avia-builder-el-0  el_before_av_one_full  avia-builder-el-first  \" style='border-radius:0px; '><div  class='avia-image-container  av-styling-    avia-builder-el-1  avia-builder-el-no-sibling  avia-align-center '  itemprop=\"image\" itemscope=\"itemscope\" itemtype=\"https:\/\/schema.org\/ImageObject\"  ><div class='avia-image-container-inner'><div class='avia-image-overlay-wrap'><img decoding=\"async\" class='wp-image-48174 avia-img-lazy-loading-not-48174 avia_image' src=\"https:\/\/radiorevelacionfm.cl\/wp-content\/uploads\/2024\/11\/3-15-3-2_optimized.jpg\" alt='' title='3-15-3-2_optimized' height=\"600\" width=\"906\"  itemprop=\"thumbnailUrl\" srcset=\"https:\/\/radiorevelacionfm.cl\/wp-content\/uploads\/2024\/11\/3-15-3-2_optimized.jpg 906w, https:\/\/radiorevelacionfm.cl\/wp-content\/uploads\/2024\/11\/3-15-3-2_optimized-300x199.jpg 300w, https:\/\/radiorevelacionfm.cl\/wp-content\/uploads\/2024\/11\/3-15-3-2_optimized-768x509.jpg 768w, https:\/\/radiorevelacionfm.cl\/wp-content\/uploads\/2024\/11\/3-15-3-2_optimized-705x467.jpg 705w, https:\/\/radiorevelacionfm.cl\/wp-content\/uploads\/2024\/11\/3-15-3-2_optimized-450x298.jpg 450w, https:\/\/radiorevelacionfm.cl\/wp-content\/uploads\/2024\/11\/3-15-3-2_optimized-600x397.jpg 600w\" sizes=\"(max-width: 906px) 100vw, 906px\" \/><\/div><\/div><\/div><\/div><div class=\"flex_column av_one_full  flex_column_div av-zero-column-padding first  avia-builder-el-2  el_after_av_one_full  el_before_av_one_full  column-top-margin\" style='border-radius:0px; '><section class=\"av_textblock_section \"  itemscope=\"itemscope\" itemtype=\"https:\/\/schema.org\/BlogPosting\" itemprop=\"blogPost\" ><div class='avia_textblock  '   itemprop=\"text\" ><div style=\"text-align: center;\"><strong><span lang=\"ES\" style=\"font-size: 18pt;\">Aprueban Plan de Descontaminaci\u00f3n Atmosf\u00e9rica para Puerto Ays\u00e9n<\/span><\/strong><\/div>\n<div id=\"gtx-trans\" style=\"position: absolute; left: -50px; top: 4.31534px;\">\n<div class=\"gtx-trans-icon\"><\/div>\n<\/div>\n<\/div><\/section><\/div><div class=\"flex_column av_one_full  flex_column_div av-zero-column-padding first  avia-builder-el-4  el_after_av_one_full  el_before_av_hr  column-top-margin\" style='border-radius:0px; '><section class=\"av_textblock_section \"  itemscope=\"itemscope\" itemtype=\"https:\/\/schema.org\/BlogPosting\" itemprop=\"blogPost\" ><div class='avia_textblock  '   itemprop=\"text\" ><p style=\"text-align: justify;\"><em>El Plan de Descontaminaci\u00f3n Atmosf\u00e9rica (PDA) para Puerto Ays\u00e9n, que considera el recambio de calefactores, subsidios de acondicionamiento t\u00e9rmico, entre otros, avanza para firma del Presidente y tr\u00e1mite en Contralor\u00eda General de la Rep\u00fablica.<\/em><\/p>\n<p style=\"text-align: justify;\">El Consejo de Ministros para la Sustentabilidad y el Cambio Clim\u00e1tico -presidido por la ministra del Medio Ambiente, Maisa Rojas- aprob\u00f3 la ma\u00f1ana de este mi\u00e9rcoles el Plan de Descontaminaci\u00f3n Atmosf\u00e9rica PDA para la Zona Saturada de Puerto Ays\u00e9n.<\/p>\n<p style=\"text-align: justify;\">\u201cEstamos muy contentos que el Consejo de Ministros para la Sustentabilidad y el Cambio Clim\u00e1tico acaba de aprobar el Plan de Descontaminaci\u00f3n Atmosf\u00e9rica para Puerto Ays\u00e9n. Esto es muy relevante para todos los ciudadanos y ciudadanas de Puerto Ays\u00e9n que, una vez que cuenten con este plan est\u00e9 vigente, van a poder contar con medidas para ir mejorando la calidad del aire y de esa manera la salud de la poblaci\u00f3n\u201d, expres\u00f3 la ministra del Medio Ambiente.<\/p>\n<p style=\"text-align: justify;\">As\u00ed tambi\u00e9n el Seremi del Medio Ambiente de la regi\u00f3n de Ays\u00e9n, Yoal D\u00edaz, manifest\u00f3 su alegr\u00eda con la nueva etapa concretada \u201cestamos muy felices como regi\u00f3n de Ays\u00e9n de poder dar este tremendo paso sobre la aprobaci\u00f3n del Consejo de Ministros de nuestro Plan de Descontaminaci\u00f3n Atmosf\u00e9rico de Puerto Ays\u00e9n. Esta es una oportunidad hist\u00f3rica para salir de la zona de saturaci\u00f3n en la que se encuentra la ciudad. Tenemos medidas que son innovadoras y tambi\u00e9n permiten a los vecinos y vecinas so\u00f1ar con un aire mucho m\u00e1s limpio y que nos permita mejorar las condiciones y calidad de vida de todos y todas. As\u00ed que a seguir trabajando por la mejora de la calidad del aire y el cuidado y preservaci\u00f3n de nuestro medio ambiente\u201d.<\/p>\n<p style=\"text-align: justify;\">El documento, que constituye la hoja de ruta que concreta medidas de diversos ministerios para avanzar en la mejora de la calidad del aire de la zona saturada de Puerto Ays\u00e9n, incluye como principales medidas una meta de recambio de calefactores de 4.000 artefactos en un plazo de siete a\u00f1os; tambi\u00e9n contempla 3.550 subsidios de acondicionamiento t\u00e9rmico a 10 a\u00f1os, considerando mayores est\u00e1ndares de eficiencia energ\u00e9tica en viviendas en relaci\u00f3n al est\u00e1ndar PDA Coyhaique; adem\u00e1s establece una meta anual de le\u00f1a seca \u00a0de25.000 metros c\u00fabicos a partir de 5 a\u00f1os de implementado el PDA.<\/p>\n<p style=\"text-align: justify;\">Al igual que ocurre con el PDA Coyhaique, el plan establece un periodo de Gesti\u00f3n de Episodios Cr\u00edticos GEC, en este caso, a partir del 1 de mayo y hasta el 31 de agosto de cada a\u00f1o, considerando 4 meses donde para reducir las emisiones de contaminantes, se prohibir\u00e1 en forma gradual y\u00a0 permanente: el uso de calefactores a le\u00f1a en dependencias de organismos de la administraci\u00f3n del Estado y municipales; a contar de 2027 el uso de artefactos como salamandras y hechizos; y a partir de 2029 el uso de calefactores a le\u00f1a que no est\u00e9n certificados.<\/p>\n<p style=\"text-align: justify;\">Respecto a los Episodios Cr\u00edticos, el documento establece recomendaciones a la salud y actividades f\u00edsicas seg\u00fan la gu\u00eda del Ministerio de Salud. En caso de ALERTA se proh\u00edbe el uso de m\u00e1s de un artefacto a le\u00f1a las 18:00 y hasta las 24:00 horas en episodio de PREEMERGENCIA se prohibir\u00e1 el uso de m\u00e1s de un artefacto a le\u00f1a por vivienda durante las 24:00 horas y en EMERGENCIA adem\u00e1s de la prohibici\u00f3n de un artefacto a le\u00f1a por 24 horas.<\/p>\n<p style=\"text-align: justify;\">Adem\u00e1s, entre otras medidas, se incluye la compensaci\u00f3n de emisiones para proyectos que emitan 1 ton\/a\u00f1o o m\u00e1s, quienes deber\u00e1n compensar en un 120% mediante medidas o acciones a definir, que aporten a la disminuci\u00f3n de contaminantes atmosf\u00e9ricos.<\/p>\n<p style=\"text-align: justify;\">Ya con el pronunciamiento por parte del Consejo de Ministros para la Sustentabilidad, el documento se enviar\u00e1 a firma de todos los Ministros y Ministras de las carteras que conformaron el Comit\u00e9 Operativo y Presidencia, para luego ser ingresado a la Contralor\u00eda General de la Rep\u00fablica, una vez que esta emita la toma de raz\u00f3n, el PDA ser\u00e1 publicado en el Diario Oficial y entrar\u00e1 en vigencia.<\/p>\n<\/div><\/section><\/div><div  style='height:50px' class='hr hr-invisible   avia-builder-el-6  el_after_av_one_full  el_before_av_social_share '><span class='hr-inner ' ><span class='hr-inner-style'><\/span><\/span><\/div><\/p>\n<div  class='av-social-sharing-box  avia-builder-el-7  el_after_av_hr  el_before_av_hr  '><div class='av-share-box'><h5 class='av-share-link-description av-no-toc '>Compartir esta noticia<\/h5><ul class='av-share-box-list noLightbox'><li class='av-share-link av-social-link-facebook' ><a target=\"_blank\" aria-label=\"Compartir en Facebook\" href='https:\/\/www.facebook.com\/sharer.php?u=https:\/\/radiorevelacionfm.cl\/?p=48173&#038;t=Aprueban%20Plan%20de%20Descontaminaci%C3%B3n%20Atmosf%C3%A9rica%20para%20Puerto%20Ays%C3%A9n' aria-hidden='false' data-av_icon='\ue8f3' data-av_iconfont='entypo-fontello' title='' data-avia-related-tooltip='Compartir en Facebook' rel=\"noopener\"><span class='avia_hidden_link_text'>Compartir en Facebook<\/span><\/a><\/li><li class='av-share-link av-social-link-twitter' ><a target=\"_blank\" aria-label=\"Compartir en Twitter\" href='https:\/\/twitter.com\/share?text=Aprueban%20Plan%20de%20Descontaminaci%C3%B3n%20Atmosf%C3%A9rica%20para%20Puerto%20Ays%C3%A9n&#038;url=https:\/\/radiorevelacionfm.cl\/?p=48173' aria-hidden='false' data-av_icon='\ue8f1' data-av_iconfont='entypo-fontello' title='' data-avia-related-tooltip='Compartir en Twitter' rel=\"noopener\"><span class='avia_hidden_link_text'>Compartir en Twitter<\/span><\/a><\/li><li class='av-share-link av-social-link-whatsapp' ><a target=\"_blank\" aria-label=\"Compartir en Whatsapp\" href='https:\/\/api.whatsapp.com\/send?text=https:\/\/radiorevelacionfm.cl\/?p=48173' aria-hidden='false' data-av_icon='\uf232' data-av_iconfont='entypo-fontello' title='' data-avia-related-tooltip='Compartir en Whatsapp' rel=\"noopener\"><span class='avia_hidden_link_text'>Compartir en Whatsapp<\/span><\/a><\/li><li class='av-share-link av-social-link-linkedin' ><a target=\"_blank\" aria-label=\"Compartir en LinkedIn\" href='https:\/\/linkedin.com\/shareArticle?mini=true&#038;title=Aprueban%20Plan%20de%20Descontaminaci%C3%B3n%20Atmosf%C3%A9rica%20para%20Puerto%20Ays%C3%A9n&#038;url=https:\/\/radiorevelacionfm.cl\/?p=48173' aria-hidden='false' data-av_icon='\ue8fc' data-av_iconfont='entypo-fontello' title='' data-avia-related-tooltip='Compartir en LinkedIn' rel=\"noopener\"><span class='avia_hidden_link_text'>Compartir en LinkedIn<\/span><\/a><\/li><li class='av-share-link av-social-link-mail' ><a  aria-label=\"Compartir por correo\" href='mailto:?subject=Aprueban%20Plan%20de%20Descontaminaci%C3%B3n%20Atmosf%C3%A9rica%20para%20Puerto%20Ays%C3%A9n&#038;body=https:\/\/radiorevelacionfm.cl\/?p=48173' aria-hidden='false' data-av_icon='\ue805' data-av_iconfont='entypo-fontello' title='' data-avia-related-tooltip='Compartir por correo'><span class='avia_hidden_link_text'>Compartir por correo<\/span><\/a><\/li><\/ul><\/div><\/div>\n<div  style='height:50px' class='hr hr-invisible   avia-builder-el-8  el_after_av_social_share  el_before_av_comments_list '><span class='hr-inner ' ><span class='hr-inner-style'><\/span><\/span><\/div>\n<div  class='av-buildercomment  av-blog-meta-html-info-disabled av-blog-meta-tag-disabled  '><\/div>\n","protected":false},"excerpt":{"rendered":"","protected":false},"author":1,"featured_media":48174,"comment_status":"open","ping_status":"open","sticky":false,"template":"","format":"standard","meta":{"footnotes":""},"categories":[38],"tags":[],"class_list":["post-48173","post","type-post","status-publish","format-standard","has-post-thumbnail","hentry","category-regional"],"jetpack_featured_media_url":"https:\/\/radiorevelacionfm.cl\/wp-content\/uploads\/2024\/11\/3-15-3-2_optimized.jpg","_links":{"self":[{"href":"https:\/\/radiorevelacionfm.cl\/index.php?rest_route=\/wp\/v2\/posts\/48173","targetHints":{"allow":["GET"]}}],"collection":[{"href":"https:\/\/radiorevelacionfm.cl\/index.php?rest_route=\/wp\/v2\/posts"}],"about":[{"href":"https:\/\/radiorevelacionfm.cl\/index.php?rest_route=\/wp\/v2\/types\/post"}],"author":[{"embeddable":true,"href":"https:\/\/radiorevelacionfm.cl\/index.php?rest_route=\/wp\/v2\/users\/1"}],"replies":[{"embeddable":true,"href":"https:\/\/radiorevelacionfm.cl\/index.php?rest_route=%2Fwp%2Fv2%2Fcomments&post=48173"}],"version-history":[{"count":1,"href":"https:\/\/radiorevelacionfm.cl\/index.php?rest_route=\/wp\/v2\/posts\/48173\/revisions"}],"predecessor-version":[{"id":48175,"href":"https:\/\/radiorevelacionfm.cl\/index.php?rest_route=\/wp\/v2\/posts\/48173\/revisions\/48175"}],"wp:featuredmedia":[{"embeddable":true,"href":"https:\/\/radiorevelacionfm.cl\/index.php?rest_route=\/wp\/v2\/media\/48174"}],"wp:attachment":[{"href":"https:\/\/radiorevelacionfm.cl\/index.php?rest_route=%2Fwp%2Fv2%2Fmedia&parent=48173"}],"wp:term":[{"taxonomy":"category","embeddable":true,"href":"https:\/\/radiorevelacionfm.cl\/index.php?rest_route=%2Fwp%2Fv2%2Fcategories&post=48173"},{"taxonomy":"post_tag","embeddable":true,"href":"https:\/\/radiorevelacionfm.cl\/index.php?rest_route=%2Fwp%2Fv2%2Ftags&post=48173"}],"curies":[{"name":"wp","href":"https:\/\/api.w.org\/{rel}","templated":true}]}}