{"id":48148,"date":"2024-11-21T21:37:24","date_gmt":"2024-11-22T00:37:24","guid":{"rendered":"https:\/\/radiorevelacionfm.cl\/?p=48148"},"modified":"2024-11-21T21:37:24","modified_gmt":"2024-11-22T00:37:24","slug":"destacada-divulgadora-cientifica-nelida-pohl-realizara-capacitacion-en-comunicacion-de-la-ciencia-en-coyhaique","status":"publish","type":"post","link":"https:\/\/radiorevelacionfm.cl\/?p=48148","title":{"rendered":"Destacada divulgadora cient\u00edfica N\u00e9lida Pohl realizar\u00e1  capacitaci\u00f3n en comunicaci\u00f3n de la ciencia en Coyhaique"},"content":{"rendered":"<div class=\"flex_column av_one_full  flex_column_div av-zero-column-padding first  avia-builder-el-0  el_before_av_one_full  avia-builder-el-first  \" style='border-radius:0px; '><div  class='avia-image-container  av-styling-    avia-builder-el-1  avia-builder-el-no-sibling  avia-align-center '  itemprop=\"image\" itemscope=\"itemscope\" itemtype=\"https:\/\/schema.org\/ImageObject\"  ><div class='avia-image-container-inner'><div class='avia-image-overlay-wrap'><img decoding=\"async\" class='wp-image-48149 avia-img-lazy-loading-not-48149 avia_image' src=\"https:\/\/radiorevelacionfm.cl\/wp-content\/uploads\/2024\/11\/Nelida-Pohl-2-2-2.jpg\" alt='' title='Nelida Pohl-2-2-2' height=\"695\" width=\"801\"  itemprop=\"thumbnailUrl\" srcset=\"https:\/\/radiorevelacionfm.cl\/wp-content\/uploads\/2024\/11\/Nelida-Pohl-2-2-2.jpg 801w, https:\/\/radiorevelacionfm.cl\/wp-content\/uploads\/2024\/11\/Nelida-Pohl-2-2-2-300x260.jpg 300w, https:\/\/radiorevelacionfm.cl\/wp-content\/uploads\/2024\/11\/Nelida-Pohl-2-2-2-768x666.jpg 768w, https:\/\/radiorevelacionfm.cl\/wp-content\/uploads\/2024\/11\/Nelida-Pohl-2-2-2-705x612.jpg 705w, https:\/\/radiorevelacionfm.cl\/wp-content\/uploads\/2024\/11\/Nelida-Pohl-2-2-2-450x390.jpg 450w, https:\/\/radiorevelacionfm.cl\/wp-content\/uploads\/2024\/11\/Nelida-Pohl-2-2-2-600x521.jpg 600w\" sizes=\"(max-width: 801px) 100vw, 801px\" \/><\/div><\/div><\/div><\/div><div class=\"flex_column av_one_full  flex_column_div av-zero-column-padding first  avia-builder-el-2  el_after_av_one_full  el_before_av_one_full  column-top-margin\" style='border-radius:0px; '><section class=\"av_textblock_section \"  itemscope=\"itemscope\" itemtype=\"https:\/\/schema.org\/BlogPosting\" itemprop=\"blogPost\" ><div class='avia_textblock  '   itemprop=\"text\" ><p dir=\"ltr\" style=\"text-align: center;\"><span style=\"font-size: 18pt;\"><strong>Destacada divulgadora cient\u00edfica N\u00e9lida Pohl realizar\u00e1\u00a0capacitaci\u00f3n en comunicaci\u00f3n de la ciencia en Coyhaique<\/strong><\/span><\/p>\n<div id=\"gtx-trans\" style=\"position: absolute; left: -50px; top: 4.31534px;\">\n<div class=\"gtx-trans-icon\"><\/div>\n<\/div>\n<\/div><\/section><\/div><div class=\"flex_column av_one_full  flex_column_div av-zero-column-padding first  avia-builder-el-4  el_after_av_one_full  el_before_av_hr  column-top-margin\" style='border-radius:0px; '><section class=\"av_textblock_section \"  itemscope=\"itemscope\" itemtype=\"https:\/\/schema.org\/BlogPosting\" itemprop=\"blogPost\" ><div class='avia_textblock  '   itemprop=\"text\" ><p dir=\"ltr\" style=\"text-align: justify;\">La jornada \u201cDivulgaci\u00f3n de la Ciencia al fin del mundo\u201d es organizada por la red de articulaci\u00f3n Nodo Ciencia Austral y el Centro de Investigaci\u00f3n en Ecosistemas de la Patagonia. Se realizar\u00e1 los d\u00edas 26, 27 y 28 de noviembre en Coyhaique. Las inscripciones est\u00e1n abiertas para las charlas y talleres virtuales y presenciales en el Museo Regional de Ays\u00e9n.<\/p>\n<p dir=\"ltr\" style=\"text-align: justify;\">En un mundo de creciente complejidad, la toma de decisiones, tanto personales como pol\u00edticas, se enriquece cada vez m\u00e1s al existir comprensi\u00f3n de nuestro entorno y la sociedad abordados por la ciencia. En ese contexto, su comunicaci\u00f3n es clave y es un \u00e1rea donde todos los actores relacionados con las comunicaciones, la ciencia, la tecnolog\u00eda, el conocimiento y la innovaci\u00f3n deben confluir.<\/p>\n<p dir=\"ltr\" style=\"text-align: justify;\">\u201cPorque el conocimiento cient\u00edfico est\u00e1 en constante evoluci\u00f3n y su comunicaci\u00f3n nos presenta permanentemente nuevos desaf\u00edos, desde Nodo Ciencia Austral y CIEP hemos dise\u00f1ado la jornada formativa \u201cDivulgaci\u00f3n de la ciencia al fin del mundo\u201d. Invitamos a la comunidad\u00a0 a sumarse a las distintas charlas y talleres, tanto presenciales como virtuales, donde podremos intercambiar herramientas esenciales de la comunicaci\u00f3n de la ciencia y generar conciencia sobre la importancia de compartir los hallazgos de nuestras investigaciones m\u00e1s all\u00e1 de la academia, llegando a la sociedad civil, al sector p\u00fablico y privado, en la misma l\u00ednea en que trabajamos en nuestra red de articulaci\u00f3n Nodo Ciencia Austral\u201d, comenta su director, el bi\u00f3logo e investigador Dr. Juan Carlos Aravena.<\/p>\n<p dir=\"ltr\" style=\"text-align: justify;\">La jornada abrir\u00e1 con una charla magistral abierta a todo p\u00fablico y titulada \u00bfDe qu\u00e9 sirve comunicar la ciencia de la regi\u00f3n a Ays\u00e9n?, la cual no requiere inscripci\u00f3n previa. Esta actividad se realizar\u00e1 el mi\u00e9rcoles 27 de noviembre a las 9:00 horas en el auditorio del Museo Regional de Ays\u00e9n. La relator\u00eda estar\u00e1 a cargo de la destacada divulgadora cient\u00edfica N\u00e9lida Pohl, Directora de Comunicaciones del Instituto de Ecolog\u00eda y Biodiversidad de Chile, quien tambi\u00e9n fue Presidenta de la Asociaci\u00f3n Chilena de Periodistas y Profesionales para la Comunicaci\u00f3n de la Ciencia y ha sido autora de diversos libros sobre divulgaci\u00f3ncient\u00edfica.<\/p>\n<p dir=\"ltr\" style=\"text-align: justify;\">\u201cEn esta charla abierta justamente voy a hablar de la importancia de llevar los conocimientos cient\u00edficos y el contenido cient\u00edfico, pero tambi\u00e9n el proceso de c\u00f3mo se hace ciencia, a audiencias extra acad\u00e9micas. Tambi\u00e9n voy a hablar sobre por qu\u00e9 es importante que esta no sea una labor que le deleguemos solamente a los medios de comunicaci\u00f3n, este es un campo por naturaleza interdisciplinario, donde necesitamos que la gente que est\u00e1 generando el conocimiento sea parte de este proceso y tambi\u00e9n necesitamos a gente de las comunicaciones, del arte, de las ciencias sociales y de la publicidad, etc. Voy a hacer ese llamado para que nos conectemos entre todas estas comunidades que viven en la regi\u00f3n y as\u00ed vayamos avanzando en la interdisciplina que es la comunicaci\u00f3n de la ciencia\u201d, comenta la invitada N\u00e9lida Pohl.<\/p>\n<p dir=\"ltr\" style=\"text-align: justify;\">Tras la charla magistral, se invitar\u00e1 a los participantes a conocer una innovadora experiencia de divulgaci\u00f3n cient\u00edfica en la Regi\u00f3n de Ays\u00e9n que pr\u00f3ximamente abrir\u00e1 sus puertas en el Museo Regional de Ays\u00e9n. Se trata de un sitio arqueol\u00f3gico y paleontol\u00f3gico desarrollado como parte de un proyecto ciencia p\u00fablica dessrrollado por CIEP y titulado \u201cExcavemos el pasado de Ays\u00e9n\u201d. La visita guiada estar\u00e1 a cargo de la divulgadora Catalina Espinosa, tambi\u00e9n integrante del equipo Nodo Ciencia Austral.<\/p>\n<p dir=\"ltr\" style=\"text-align: justify;\">La jornada formativa contempla talleres dirigidos espec\u00edficamente a comunicadores(as), gestores(as) e investigadores(as), quienes deber\u00e1n inscribirse previamente. Estos se realizar\u00e1n los d\u00edas 27 y 28 de noviembre, ser\u00e1n facilitados por N\u00e9lida Pohl y est\u00e1n enfocados en entregar conceptos, herramientas y reflexiones para comunicar a diferentes agentes sociales las investigaciones que se realizan en la Macrozona Austral. De esta manera, se busca profundizar en su relevancia y urgencia, de modo efectivo, responsable y sensible a los requerimientos que demanda la ciudadan\u00eda. Se focalizar\u00e1 en entregar los principios b\u00e1sicos de la comunicaci\u00f3n de la ciencia, discutir por qu\u00e9 es necesaria y por qu\u00e9 es importante que se involucren las mismas personas que generan y transfieren conocimiento. Fundamentalmente, se entregar\u00e1n herramientas en comunicaci\u00f3n oral, escrita y gr\u00e1fica para llegar a diversas audiencias en una variedad de formatos.<\/p>\n<p dir=\"ltr\" style=\"text-align: justify;\"><strong>Charlas virtuales: dise\u00f1o y storymaps<\/strong><\/p>\n<p dir=\"ltr\" style=\"text-align: justify;\">Desde el Centro de Investigaci\u00f3n en Ecosistemas de la Patagonia, el Subdirector de Vinculaci\u00f3n y Transferencia, Alexis Catal\u00e1n, destaca que \u201cesta iniciativa presenta una gran oportunidad para las instituciones que hacemos investigaci\u00f3n, pero tambi\u00e9n para todos y todas las que nos gusta saber sobre los conocimientos cient\u00edficos y sobre los avances tecnol\u00f3gicos\u201d. Agrega tambi\u00e9n que ser\u00e1 un espacio que nos permitir\u00e1 \u201cencontrarnos, formarnos, compartir experiencias y conocer a profesionales en el \u00e1rea que llevan varios a\u00f1os ya trabajando en esto y que nos estar\u00e1n compartiendo su trabajo. Adem\u00e1s tendremos un taller de StoryMap que es una herramienta muy novedosa para comunicar ciencias\u201d.<\/p>\n<p dir=\"ltr\" style=\"text-align: justify;\">En esa l\u00ednea, para quienes no puedan participar presencialmente en Coyhaique, la programaci\u00f3n de la jornada \u201cDivulgaci\u00f3n de la ciencia al fin del mundo\u201d contempla dos charlas virtuales que se llevar\u00e1n a cabo el d\u00eda martes 26 de noviembre.<\/p>\n<p dir=\"ltr\" style=\"text-align: justify;\">Entre las 10:00 y las 13:00 horas se realizar\u00e1 el taller online \u00abAprende a crear storymaps\u00bb, cuyas inscripciones est\u00e1n abiertas para quienes trabajan con datos espaciales y se interesan en la divulgaci\u00f3n cient\u00edfica. Un espacio para descubrir la herramienta web ArcGIS Storymaps y crear narraciones interactivas, integrando mapas y diversos contenidos multimedia. Es una aplicaci\u00f3n online que permite comunicar desde un enfoque espacial, combinando la visualizaci\u00f3n de mapas con recursos gr\u00e1ficos. <a href=\"https:\/\/docs.google.com\/forms\/d\/e\/1FAIpQLSePg-52Y-6dT4a2hPqTj27F4g7-P5S1F9zspHGaRpO7Rgw3_A\/viewform?fbclid=PAY2xjawGr_4tleHRuA2FlbQIxMAABppB-neVVLR1bnj8bWqNo1My2v2uCPueqOCGeE0rgMyhX8PNYMhJn8eKchQ_aem_O82nw2ITdntSWb8b514THwTambi%C3%A9n\" target=\"_blank\" rel=\"noopener\" data-saferedirecturl=\"https:\/\/www.google.com\/url?q=https:\/\/docs.google.com\/forms\/d\/e\/1FAIpQLSePg-52Y-6dT4a2hPqTj27F4g7-P5S1F9zspHGaRpO7Rgw3_A\/viewform?fbclid%3DPAY2xjawGr_4tleHRuA2FlbQIxMAABppB-neVVLR1bnj8bWqNo1My2v2uCPueqOCGeE0rgMyhX8PNYMhJn8eKchQ_aem_O82nw2ITdntSWb8b514THwTambi%25C3%25A9n&amp;source=gmail&amp;ust=1732280540890000&amp;usg=AOvVaw3PDMFTgCzRevWLQSS9fw8d\">https:\/\/docs.google.com\/forms\/<wbr \/>d\/e\/1FAIpQLSePg-52Y-<wbr \/>6dT4a2hPqTj27F4g7-<wbr \/>P5S1F9zspHGaRpO7Rgw3_A\/<wbr \/>viewform?fbclid=PAY2xjawGr_<wbr \/>4tleHRuA2FlbQIxMAABppB-<wbr \/>neVVLR1bnj8bWqNo1My2v2uCPueqOC<wbr \/>GeE0rgMyhX8PNYMhJn8eKchQ_aem_<wbr \/>O82nw2ITdntSWb8b514THwTambi\u00e9n<\/a> se presentar\u00e1 la plataforma Geoportal Ciencia Austral y se ense\u00f1ar\u00e1 a alojar datos all\u00ed, facilitando la divulgaci\u00f3n y transferencia del conocimiento cient\u00edfico de manera accesible y atractiva, favoreciendo la comprensi\u00f3n y experiencia educativa de las investigaciones que se realizan en la Macrozona Austral.<\/p>\n<p dir=\"ltr\" style=\"text-align: justify;\">Este taller ser\u00e1 dictado por los profesionales Hungr\u00eda Salgado, Ingeniera de Soluciones de Esri Chile; y Juan Jos\u00e9 Gaete, Especialista en SIG del Geoportal Ciencia Austral y CIEP. Principalmente est\u00e1 dirigido a generadores y divulgadores de conocimiento, adem\u00e1s de gestores de informaci\u00f3n territorial de instituciones y\/o iniciativas ligadas a la CTCI en las regiones de Ays\u00e9n y Magallanes.<\/p>\n<p dir=\"ltr\" style=\"text-align: justify;\">Durante la tarde del martes 26 de noviembre a las 17:00 horas se realizar\u00e1 la charla online \u201cDise\u00f1o de publicaciones para divulgaci\u00f3n cient\u00edfica\u201d, un espacio abierto a todo p\u00fablico y enfocado en c\u00f3mo pensar un libro, hacer un libro y circular un libro. La relator\u00eda estar\u00e1 a cargo de Luis Rojas, fundador y director del estudio Negro Dise\u00f1o, especializado en dise\u00f1o editorial, tipograf\u00eda y en proyectos de identidad gr\u00e1fica.<\/p>\n<p dir=\"ltr\" style=\"text-align: justify;\">Para inscripciones en las charlas y talleres de la jornada \u201cDivulgaci\u00f3n de la ciencia al fin del mundo\u201d, entrar a link a continuaci\u00f3n.<\/p>\n<p dir=\"ltr\" style=\"text-align: justify;\"><a href=\"https:\/\/docs.google.com\/forms\/d\/e\/1FAIpQLSePg-52Y-6dT4a2hPqTj27F4g7-P5S1F9zspHGaRpO7Rgw3_A\/viewform?vc=0&amp;c=0&amp;w=1&amp;flr=0\" target=\"_blank\" rel=\"noopener\" data-saferedirecturl=\"https:\/\/www.google.com\/url?q=https:\/\/docs.google.com\/forms\/d\/e\/1FAIpQLSePg-52Y-6dT4a2hPqTj27F4g7-P5S1F9zspHGaRpO7Rgw3_A\/viewform?vc%3D0%26c%3D0%26w%3D1%26flr%3D0&amp;source=gmail&amp;ust=1732280540890000&amp;usg=AOvVaw03VoCZiq2_-wHazCPZMe0z\">https:\/\/docs.google.com\/forms\/<wbr \/>d\/e\/1FAIpQLSePg-52Y-<wbr \/>6dT4a2hPqTj27F4g7-<wbr \/>P5S1F9zspHGaRpO7Rgw3_A\/<wbr \/>viewform?vc=0&amp;c=0&amp;w=1&amp;flr=0<\/a><\/p>\n<\/div><\/section><\/div><div  style='height:50px' class='hr hr-invisible   avia-builder-el-6  el_after_av_one_full  el_before_av_social_share '><span class='hr-inner ' ><span class='hr-inner-style'><\/span><\/span><\/div><\/p>\n<div  class='av-social-sharing-box  avia-builder-el-7  el_after_av_hr  el_before_av_hr  '><div class='av-share-box'><h5 class='av-share-link-description av-no-toc '>Compartir esta noticia<\/h5><ul class='av-share-box-list noLightbox'><li class='av-share-link av-social-link-facebook' ><a target=\"_blank\" aria-label=\"Compartir en Facebook\" href='https:\/\/www.facebook.com\/sharer.php?u=https:\/\/radiorevelacionfm.cl\/?p=48148&#038;t=Destacada%20divulgadora%20cient%C3%ADfica%20N%C3%A9lida%20Pohl%20realizar%C3%A1%20%20capacitaci%C3%B3n%20en%20comunicaci%C3%B3n%20de%20la%20ciencia%20en%20Coyhaique' aria-hidden='false' data-av_icon='\ue8f3' data-av_iconfont='entypo-fontello' title='' data-avia-related-tooltip='Compartir en Facebook' rel=\"noopener\"><span class='avia_hidden_link_text'>Compartir en Facebook<\/span><\/a><\/li><li class='av-share-link av-social-link-twitter' ><a target=\"_blank\" aria-label=\"Compartir en Twitter\" href='https:\/\/twitter.com\/share?text=Destacada%20divulgadora%20cient%C3%ADfica%20N%C3%A9lida%20Pohl%20realizar%C3%A1%20%20capacitaci%C3%B3n%20en%20comunicaci%C3%B3n%20de%20la%20ciencia%20en%20Coyhaique&#038;url=https:\/\/radiorevelacionfm.cl\/?p=48148' aria-hidden='false' data-av_icon='\ue8f1' data-av_iconfont='entypo-fontello' title='' data-avia-related-tooltip='Compartir en Twitter' rel=\"noopener\"><span class='avia_hidden_link_text'>Compartir en Twitter<\/span><\/a><\/li><li class='av-share-link av-social-link-whatsapp' ><a target=\"_blank\" aria-label=\"Compartir en Whatsapp\" href='https:\/\/api.whatsapp.com\/send?text=https:\/\/radiorevelacionfm.cl\/?p=48148' aria-hidden='false' data-av_icon='\uf232' data-av_iconfont='entypo-fontello' title='' data-avia-related-tooltip='Compartir en Whatsapp' rel=\"noopener\"><span class='avia_hidden_link_text'>Compartir en Whatsapp<\/span><\/a><\/li><li class='av-share-link av-social-link-linkedin' ><a target=\"_blank\" aria-label=\"Compartir en LinkedIn\" href='https:\/\/linkedin.com\/shareArticle?mini=true&#038;title=Destacada%20divulgadora%20cient%C3%ADfica%20N%C3%A9lida%20Pohl%20realizar%C3%A1%20%20capacitaci%C3%B3n%20en%20comunicaci%C3%B3n%20de%20la%20ciencia%20en%20Coyhaique&#038;url=https:\/\/radiorevelacionfm.cl\/?p=48148' aria-hidden='false' data-av_icon='\ue8fc' data-av_iconfont='entypo-fontello' title='' data-avia-related-tooltip='Compartir en LinkedIn' rel=\"noopener\"><span class='avia_hidden_link_text'>Compartir en LinkedIn<\/span><\/a><\/li><li class='av-share-link av-social-link-mail' ><a  aria-label=\"Compartir por correo\" href='mailto:?subject=Destacada%20divulgadora%20cient%C3%ADfica%20N%C3%A9lida%20Pohl%20realizar%C3%A1%20%20capacitaci%C3%B3n%20en%20comunicaci%C3%B3n%20de%20la%20ciencia%20en%20Coyhaique&#038;body=https:\/\/radiorevelacionfm.cl\/?p=48148' aria-hidden='false' data-av_icon='\ue805' data-av_iconfont='entypo-fontello' title='' data-avia-related-tooltip='Compartir por correo'><span class='avia_hidden_link_text'>Compartir por correo<\/span><\/a><\/li><\/ul><\/div><\/div>\n<div  style='height:50px' class='hr hr-invisible   avia-builder-el-8  el_after_av_social_share  el_before_av_comments_list '><span class='hr-inner ' ><span class='hr-inner-style'><\/span><\/span><\/div>\n<div  class='av-buildercomment  av-blog-meta-html-info-disabled av-blog-meta-tag-disabled  '><\/div>\n","protected":false},"excerpt":{"rendered":"","protected":false},"author":1,"featured_media":48149,"comment_status":"open","ping_status":"open","sticky":false,"template":"","format":"standard","meta":{"footnotes":""},"categories":[53],"tags":[],"class_list":["post-48148","post","type-post","status-publish","format-standard","has-post-thumbnail","hentry","category-ciencia"],"jetpack_featured_media_url":"https:\/\/radiorevelacionfm.cl\/wp-content\/uploads\/2024\/11\/Nelida-Pohl-2-2-2.jpg","_links":{"self":[{"href":"https:\/\/radiorevelacionfm.cl\/index.php?rest_route=\/wp\/v2\/posts\/48148","targetHints":{"allow":["GET"]}}],"collection":[{"href":"https:\/\/radiorevelacionfm.cl\/index.php?rest_route=\/wp\/v2\/posts"}],"about":[{"href":"https:\/\/radiorevelacionfm.cl\/index.php?rest_route=\/wp\/v2\/types\/post"}],"author":[{"embeddable":true,"href":"https:\/\/radiorevelacionfm.cl\/index.php?rest_route=\/wp\/v2\/users\/1"}],"replies":[{"embeddable":true,"href":"https:\/\/radiorevelacionfm.cl\/index.php?rest_route=%2Fwp%2Fv2%2Fcomments&post=48148"}],"version-history":[{"count":1,"href":"https:\/\/radiorevelacionfm.cl\/index.php?rest_route=\/wp\/v2\/posts\/48148\/revisions"}],"predecessor-version":[{"id":48150,"href":"https:\/\/radiorevelacionfm.cl\/index.php?rest_route=\/wp\/v2\/posts\/48148\/revisions\/48150"}],"wp:featuredmedia":[{"embeddable":true,"href":"https:\/\/radiorevelacionfm.cl\/index.php?rest_route=\/wp\/v2\/media\/48149"}],"wp:attachment":[{"href":"https:\/\/radiorevelacionfm.cl\/index.php?rest_route=%2Fwp%2Fv2%2Fmedia&parent=48148"}],"wp:term":[{"taxonomy":"category","embeddable":true,"href":"https:\/\/radiorevelacionfm.cl\/index.php?rest_route=%2Fwp%2Fv2%2Fcategories&post=48148"},{"taxonomy":"post_tag","embeddable":true,"href":"https:\/\/radiorevelacionfm.cl\/index.php?rest_route=%2Fwp%2Fv2%2Ftags&post=48148"}],"curies":[{"name":"wp","href":"https:\/\/api.w.org\/{rel}","templated":true}]}}