{"id":48145,"date":"2024-11-21T11:06:46","date_gmt":"2024-11-21T14:06:46","guid":{"rendered":"https:\/\/radiorevelacionfm.cl\/?p=48145"},"modified":"2024-11-21T11:06:46","modified_gmt":"2024-11-21T14:06:46","slug":"indap-aysen-y-salud-se-unen-para-apoyar-a-los-pequenos-productores-rurales-en-temas-sanitarios","status":"publish","type":"post","link":"https:\/\/radiorevelacionfm.cl\/?p=48145","title":{"rendered":"Indap Ays\u00e9n y Salud se unen para apoyar a los peque\u00f1os productores rurales en temas sanitarios"},"content":{"rendered":"<div class=\"flex_column av_one_full  flex_column_div av-zero-column-padding first  avia-builder-el-0  el_before_av_one_full  avia-builder-el-first  \" style='border-radius:0px; '><div  class='avia-image-container  av-styling-    avia-builder-el-1  avia-builder-el-no-sibling  avia-align-center '  itemprop=\"image\" itemscope=\"itemscope\" itemtype=\"https:\/\/schema.org\/ImageObject\"  ><div class='avia-image-container-inner'><div class='avia-image-overlay-wrap'><img decoding=\"async\" class='wp-image-48146 avia-img-lazy-loading-not-48146 avia_image' src=\"https:\/\/radiorevelacionfm.cl\/wp-content\/uploads\/2024\/11\/firma-convenio-indap-seremi-salud-4-2_optimized.jpeg\" alt='' title='firma-convenio-indap-seremi-salud-4-2_optimized' height=\"600\" width=\"800\"  itemprop=\"thumbnailUrl\" srcset=\"https:\/\/radiorevelacionfm.cl\/wp-content\/uploads\/2024\/11\/firma-convenio-indap-seremi-salud-4-2_optimized.jpeg 800w, https:\/\/radiorevelacionfm.cl\/wp-content\/uploads\/2024\/11\/firma-convenio-indap-seremi-salud-4-2_optimized-300x225.jpeg 300w, https:\/\/radiorevelacionfm.cl\/wp-content\/uploads\/2024\/11\/firma-convenio-indap-seremi-salud-4-2_optimized-768x576.jpeg 768w, https:\/\/radiorevelacionfm.cl\/wp-content\/uploads\/2024\/11\/firma-convenio-indap-seremi-salud-4-2_optimized-705x529.jpeg 705w, https:\/\/radiorevelacionfm.cl\/wp-content\/uploads\/2024\/11\/firma-convenio-indap-seremi-salud-4-2_optimized-450x338.jpeg 450w, https:\/\/radiorevelacionfm.cl\/wp-content\/uploads\/2024\/11\/firma-convenio-indap-seremi-salud-4-2_optimized-600x450.jpeg 600w\" sizes=\"(max-width: 800px) 100vw, 800px\" \/><\/div><\/div><\/div><\/div><div class=\"flex_column av_one_full  flex_column_div av-zero-column-padding first  avia-builder-el-2  el_after_av_one_full  el_before_av_one_full  column-top-margin\" style='border-radius:0px; '><section class=\"av_textblock_section \"  itemscope=\"itemscope\" itemtype=\"https:\/\/schema.org\/BlogPosting\" itemprop=\"blogPost\" ><div class='avia_textblock  '   itemprop=\"text\" ><p style=\"text-align: center;\"><strong><span style=\"font-size: 18pt;\">Indap Ays\u00e9n y Salud se unen para apoyar a los peque\u00f1os productores rurales en temas sanitarios<\/span><\/strong><\/p>\n<div id=\"gtx-trans\" style=\"position: absolute; left: -50px; top: 4.31534px;\">\n<div class=\"gtx-trans-icon\"><\/div>\n<\/div>\n<\/div><\/section><\/div><div class=\"flex_column av_one_full  flex_column_div av-zero-column-padding first  avia-builder-el-4  el_after_av_one_full  el_before_av_hr  column-top-margin\" style='border-radius:0px; '><section class=\"av_textblock_section \"  itemscope=\"itemscope\" itemtype=\"https:\/\/schema.org\/BlogPosting\" itemprop=\"blogPost\" ><div class='avia_textblock  '   itemprop=\"text\" ><p style=\"text-align: justify;\">En un esfuerzo conjunto por fortalecer el bienestar de la comunidad rural en Ays\u00e9n, INDAP del Ministerio de Agricultura y la SEREMI de Salud han firmado un convenio que facilitar\u00e1 el cumplimiento de normativas sanitarias esenciales para peque\u00f1as y peque\u00f1os productores. Este acuerdo busca apoyar a quienes trabajan con sistemas de agua potable, alcantarillado e instalaciones de alimentos, mejorando la seguridad y sostenibilidad de sus proyectos. La firma del convenio estuvo a cargo de Carmen Monsalve G\u00f3mez, SEREMI de Salud, y Yessica Lagos C\u00e1rdenas, directora regional de INDAP, y compromete el desarrollo de un plan de trabajo que se ejecutar\u00e1 durante 2025-2026.<\/p>\n<p style=\"text-align: justify;\">La m\u00e1xima autoridad sanitaria de la regi\u00f3n, Carmen Monsalve G\u00f3mez, destac\u00f3 los beneficios del convenio para la comunidad rural: \u201ceste convenio est\u00e1 enfocado en la protecci\u00f3n integral de la salud humana, ambiental y animal, bajo el enfoque \u00abUna Salud\u00bb. Este acuerdo incorpora nuevas l\u00edneas de trabajo, fortaleciendo la coordinaci\u00f3n entre ambas instituciones para asegurar acciones m\u00e1s integrales y con un impacto positivo en la calidad de vida y el bienestar de la comunidad.\u201d<\/p>\n<p style=\"text-align: justify;\">Mientras que, la directora INDAP Yessica Lagos C\u00e1rdenas, relev\u00f3 la importancia de este convenio para la econom\u00eda familiar campesina: \u201cestamos muy contentos de este trabajo conjunto con la SEREMI de Salud, ya que nuestro objetivo es dar mayor valor agregado a los productos saludables que elaboran nuestras productoras y productores\u201d.<\/p>\n<p style=\"text-align: justify;\">Este convenio tiene como objetivo principal fortalecer los conocimientos y herramientas disponibles para los productores rurales para regularizar temas sanitarios y promover mejores pr\u00e1cticas en la elaboraci\u00f3n de alimentos y el manejo ambiental. Adem\u00e1s, permitir\u00e1 agilizar la formalizaci\u00f3n de sus emprendimientos, lo que se traduce en mayor acceso a mercados y mejores condiciones para generar ingresos. A trav\u00e9s de esta colaboraci\u00f3n, se busca tambi\u00e9n garantizar ambientes m\u00e1s saludables, contribuyendo directamente al bienestar de las familias campesinas.<\/p>\n<p style=\"text-align: justify;\">Los beneficiarios y beneficiarias de este convenio a 18 meses ser\u00e1n las y los usuarios de INDAP en toda la regi\u00f3n de Ays\u00e9n, especialmente aquellos que trabajan en alimentos procesados y turismo rural. Podr\u00e1n recibir apoyo t\u00e9cnico y acompa\u00f1amiento para obtener las autorizaciones sanitarias necesarias o regularizar instalaciones clave, como sistemas de agua potable y manejo de residuos.<\/p>\n<p style=\"text-align: justify;\">Por lo anterior, este convenio facilitar\u00e1 el desarrollo de proyectos de emprendimientos rurales, abriendo nuevas oportunidades para el crecimiento econ\u00f3mico de las familias campesinas de Ays\u00e9n y promoviendo actividades m\u00e1s seguras y sostenibles en el tiempo.<\/p>\n<p style=\"text-align: justify;\">El convenio tambi\u00e9n incorpora un fuerte compromiso con la equidad y la inclusi\u00f3n. Las acciones estar\u00e1n dise\u00f1adas para garantizar que todas y todos, incluyendo a mujeres rurales, personas con discapacidad y otros grupos, puedan participar y aprovechar sus beneficios. Este enfoque asegura que nadie quede atr\u00e1s, reforzando la igualdad de acceso a estas iniciativas que son fundamentales para las comunidades rurales de Ays\u00e9n.<\/p>\n<p style=\"text-align: justify;\">Por otra parte, esta alianza refuerza la importancia de la Salud P\u00fablica Rural como un pilar para el desarrollo de las comunidades campesinas. M\u00e1s all\u00e1 del cumplimiento normativo, se busca generar conciencia y educar sobre la prevenci\u00f3n de enfermedades y la importancia de pr\u00e1cticas higi\u00e9nicas en el \u00e1mbito rural. Con esto, se garantiza no solo la calidad de los productos elaborados, sino tambi\u00e9n la salud de quienes trabajan en ellos y de las comunidades que los consumen.<\/p>\n<\/div><\/section><\/div><div  style='height:50px' class='hr hr-invisible   avia-builder-el-6  el_after_av_one_full  el_before_av_social_share '><span class='hr-inner ' ><span class='hr-inner-style'><\/span><\/span><\/div><\/p>\n<div  class='av-social-sharing-box  avia-builder-el-7  el_after_av_hr  el_before_av_hr  '><div class='av-share-box'><h5 class='av-share-link-description av-no-toc '>Compartir esta noticia<\/h5><ul class='av-share-box-list noLightbox'><li class='av-share-link av-social-link-facebook' ><a target=\"_blank\" aria-label=\"Compartir en Facebook\" href='https:\/\/www.facebook.com\/sharer.php?u=https:\/\/radiorevelacionfm.cl\/?p=48145&#038;t=Indap%20Ays%C3%A9n%20y%20Salud%20se%20unen%20para%20apoyar%20a%20los%20peque%C3%B1os%20productores%20rurales%20en%20temas%20sanitarios' aria-hidden='false' data-av_icon='\ue8f3' data-av_iconfont='entypo-fontello' title='' data-avia-related-tooltip='Compartir en Facebook' rel=\"noopener\"><span class='avia_hidden_link_text'>Compartir en Facebook<\/span><\/a><\/li><li class='av-share-link av-social-link-twitter' ><a target=\"_blank\" aria-label=\"Compartir en Twitter\" href='https:\/\/twitter.com\/share?text=Indap%20Ays%C3%A9n%20y%20Salud%20se%20unen%20para%20apoyar%20a%20los%20peque%C3%B1os%20productores%20rurales%20en%20temas%20sanitarios&#038;url=https:\/\/radiorevelacionfm.cl\/?p=48145' aria-hidden='false' data-av_icon='\ue8f1' data-av_iconfont='entypo-fontello' title='' data-avia-related-tooltip='Compartir en Twitter' rel=\"noopener\"><span class='avia_hidden_link_text'>Compartir en Twitter<\/span><\/a><\/li><li class='av-share-link av-social-link-whatsapp' ><a target=\"_blank\" aria-label=\"Compartir en Whatsapp\" href='https:\/\/api.whatsapp.com\/send?text=https:\/\/radiorevelacionfm.cl\/?p=48145' aria-hidden='false' data-av_icon='\uf232' data-av_iconfont='entypo-fontello' title='' data-avia-related-tooltip='Compartir en Whatsapp' rel=\"noopener\"><span class='avia_hidden_link_text'>Compartir en Whatsapp<\/span><\/a><\/li><li class='av-share-link av-social-link-linkedin' ><a target=\"_blank\" aria-label=\"Compartir en LinkedIn\" href='https:\/\/linkedin.com\/shareArticle?mini=true&#038;title=Indap%20Ays%C3%A9n%20y%20Salud%20se%20unen%20para%20apoyar%20a%20los%20peque%C3%B1os%20productores%20rurales%20en%20temas%20sanitarios&#038;url=https:\/\/radiorevelacionfm.cl\/?p=48145' aria-hidden='false' data-av_icon='\ue8fc' data-av_iconfont='entypo-fontello' title='' data-avia-related-tooltip='Compartir en LinkedIn' rel=\"noopener\"><span class='avia_hidden_link_text'>Compartir en LinkedIn<\/span><\/a><\/li><li class='av-share-link av-social-link-mail' ><a  aria-label=\"Compartir por correo\" href='mailto:?subject=Indap%20Ays%C3%A9n%20y%20Salud%20se%20unen%20para%20apoyar%20a%20los%20peque%C3%B1os%20productores%20rurales%20en%20temas%20sanitarios&#038;body=https:\/\/radiorevelacionfm.cl\/?p=48145' aria-hidden='false' data-av_icon='\ue805' data-av_iconfont='entypo-fontello' title='' data-avia-related-tooltip='Compartir por correo'><span class='avia_hidden_link_text'>Compartir por correo<\/span><\/a><\/li><\/ul><\/div><\/div>\n<div  style='height:50px' class='hr hr-invisible   avia-builder-el-8  el_after_av_social_share  el_before_av_comments_list '><span class='hr-inner ' ><span class='hr-inner-style'><\/span><\/span><\/div>\n<div  class='av-buildercomment  av-blog-meta-html-info-disabled av-blog-meta-tag-disabled  '><\/div>\n","protected":false},"excerpt":{"rendered":"","protected":false},"author":1,"featured_media":48146,"comment_status":"open","ping_status":"open","sticky":false,"template":"","format":"standard","meta":{"footnotes":""},"categories":[38],"tags":[],"class_list":["post-48145","post","type-post","status-publish","format-standard","has-post-thumbnail","hentry","category-regional"],"jetpack_featured_media_url":"https:\/\/radiorevelacionfm.cl\/wp-content\/uploads\/2024\/11\/firma-convenio-indap-seremi-salud-4-2_optimized.jpeg","_links":{"self":[{"href":"https:\/\/radiorevelacionfm.cl\/index.php?rest_route=\/wp\/v2\/posts\/48145","targetHints":{"allow":["GET"]}}],"collection":[{"href":"https:\/\/radiorevelacionfm.cl\/index.php?rest_route=\/wp\/v2\/posts"}],"about":[{"href":"https:\/\/radiorevelacionfm.cl\/index.php?rest_route=\/wp\/v2\/types\/post"}],"author":[{"embeddable":true,"href":"https:\/\/radiorevelacionfm.cl\/index.php?rest_route=\/wp\/v2\/users\/1"}],"replies":[{"embeddable":true,"href":"https:\/\/radiorevelacionfm.cl\/index.php?rest_route=%2Fwp%2Fv2%2Fcomments&post=48145"}],"version-history":[{"count":1,"href":"https:\/\/radiorevelacionfm.cl\/index.php?rest_route=\/wp\/v2\/posts\/48145\/revisions"}],"predecessor-version":[{"id":48147,"href":"https:\/\/radiorevelacionfm.cl\/index.php?rest_route=\/wp\/v2\/posts\/48145\/revisions\/48147"}],"wp:featuredmedia":[{"embeddable":true,"href":"https:\/\/radiorevelacionfm.cl\/index.php?rest_route=\/wp\/v2\/media\/48146"}],"wp:attachment":[{"href":"https:\/\/radiorevelacionfm.cl\/index.php?rest_route=%2Fwp%2Fv2%2Fmedia&parent=48145"}],"wp:term":[{"taxonomy":"category","embeddable":true,"href":"https:\/\/radiorevelacionfm.cl\/index.php?rest_route=%2Fwp%2Fv2%2Fcategories&post=48145"},{"taxonomy":"post_tag","embeddable":true,"href":"https:\/\/radiorevelacionfm.cl\/index.php?rest_route=%2Fwp%2Fv2%2Ftags&post=48145"}],"curies":[{"name":"wp","href":"https:\/\/api.w.org\/{rel}","templated":true}]}}