{"id":48142,"date":"2024-11-21T10:57:37","date_gmt":"2024-11-21T13:57:37","guid":{"rendered":"https:\/\/radiorevelacionfm.cl\/?p=48142"},"modified":"2024-11-21T10:57:37","modified_gmt":"2024-11-21T13:57:37","slug":"mas-de-1-930-atenciones-presenciales-realizo-bienes-nacionales-en-la-provincia-de-capitan-prat","status":"publish","type":"post","link":"https:\/\/radiorevelacionfm.cl\/?p=48142","title":{"rendered":"M\u00e1s de 1.930 atenciones presenciales realiz\u00f3 Bienes Nacionales en la Provincia de Capit\u00e1n Prat"},"content":{"rendered":"<div class=\"flex_column av_one_full  flex_column_div av-zero-column-padding first  avia-builder-el-0  el_before_av_one_full  avia-builder-el-first  \" style='border-radius:0px; '><div  class='avia-image-container  av-styling-    avia-builder-el-1  avia-builder-el-no-sibling  avia-align-center '  itemprop=\"image\" itemscope=\"itemscope\" itemtype=\"https:\/\/schema.org\/ImageObject\"  ><div class='avia-image-container-inner'><div class='avia-image-overlay-wrap'><img decoding=\"async\" class='wp-image-48143 avia-img-lazy-loading-not-48143 avia_image' src=\"https:\/\/radiorevelacionfm.cl\/wp-content\/uploads\/2024\/11\/img_7388-2_optimized.jpeg\" alt='' title='img_7388-2_optimized' height=\"600\" width=\"800\"  itemprop=\"thumbnailUrl\" srcset=\"https:\/\/radiorevelacionfm.cl\/wp-content\/uploads\/2024\/11\/img_7388-2_optimized.jpeg 800w, https:\/\/radiorevelacionfm.cl\/wp-content\/uploads\/2024\/11\/img_7388-2_optimized-300x225.jpeg 300w, https:\/\/radiorevelacionfm.cl\/wp-content\/uploads\/2024\/11\/img_7388-2_optimized-768x576.jpeg 768w, https:\/\/radiorevelacionfm.cl\/wp-content\/uploads\/2024\/11\/img_7388-2_optimized-705x529.jpeg 705w, https:\/\/radiorevelacionfm.cl\/wp-content\/uploads\/2024\/11\/img_7388-2_optimized-450x338.jpeg 450w, https:\/\/radiorevelacionfm.cl\/wp-content\/uploads\/2024\/11\/img_7388-2_optimized-600x450.jpeg 600w\" sizes=\"(max-width: 800px) 100vw, 800px\" \/><\/div><\/div><\/div><\/div><div class=\"flex_column av_one_full  flex_column_div av-zero-column-padding first  avia-builder-el-2  el_after_av_one_full  el_before_av_one_full  column-top-margin\" style='border-radius:0px; '><section class=\"av_textblock_section \"  itemscope=\"itemscope\" itemtype=\"https:\/\/schema.org\/BlogPosting\" itemprop=\"blogPost\" ><div class='avia_textblock  '   itemprop=\"text\" ><p style=\"text-align: center;\"><strong><span style=\"font-size: 18pt;\">M\u00e1s de 1.930 atenciones presenciales realiz\u00f3 Bienes Nacionales en la Provincia de Capit\u00e1n Prat<\/span><\/strong><\/p>\n<div id=\"gtx-trans\" style=\"position: absolute; left: -50px; top: 4.31534px;\">\n<div class=\"gtx-trans-icon\"><\/div>\n<\/div>\n<\/div><\/section><\/div><div class=\"flex_column av_one_full  flex_column_div av-zero-column-padding first  avia-builder-el-4  el_after_av_one_full  el_before_av_hr  column-top-margin\" style='border-radius:0px; '><section class=\"av_textblock_section \"  itemscope=\"itemscope\" itemtype=\"https:\/\/schema.org\/BlogPosting\" itemprop=\"blogPost\" ><div class='avia_textblock  '   itemprop=\"text\" ><p style=\"text-align: justify;\">Como un importante hito ministerial destac\u00f3 la Seremi de Bienes Nacionales de Ays\u00e9n, Irina Morend Valdebenito, el haber contado por aproximadamente dos a\u00f1os con oficinas de gestoras territoriales en el sur austral de la regi\u00f3n, gracias a la ejecuci\u00f3n del Programa de Regularizaci\u00f3n de la Propiedad Ra\u00edz de la Provincia de Capit\u00e1n Prat, financiado con recursos del Gobierno Regional de Ays\u00e9n y su Consejo, lo que permiti\u00f3 la contrataci\u00f3n de un equipo de nueve profesionales dedicados a trabajar en consultas, tramitaciones y mensuras en el territorio.<\/p>\n<p style=\"text-align: justify;\">En esa l\u00ednea, desde la Seremi de Bienes Nacionales se resalt\u00f3 las m\u00e1s de 1.930 atenciones realizadas a vecinas y vecinos de Tortel, Cochrane y O\u00b4Higgins, quienes contaron con el apoyo de gestoras territoriales para explicar e impartir instancias formativas, adem\u00e1s de acercar las herramientas de administraci\u00f3n de la propiedad fiscal, como arriendos y concesiones, a los interesados en presentar postulaciones.<\/p>\n<p style=\"text-align: justify;\">\u201cEl programa inici\u00f3 en noviembre de 2022 y culmina en diciembre de este a\u00f1o, ha tramitado m\u00e1s de 170 expedientes y a atendido a m\u00e1s de 1.930 usuarios, lo cual no es menor y nos indica que la presencia del Ministerio de Bienes Nacionales en territorios aislados es tremendamente importante. No solo hemos promovido la regularizaci\u00f3n de la ocupaci\u00f3n de inmuebles fiscales a trav\u00e9s de concesiones de uso gratuito para los municipios u organizaciones, sino que, tambi\u00e9n hemos promovido el arriendo para los emprendedores, adem\u00e1s de dar celeridad a tramitaciones para dotar de suelo fiscal a importantes proyectos sociales, deportivos, culturales, entre otros. De igual forma, con un equipo dedicado, pudimos establecer coordinaciones mucho m\u00e1s \u00e1giles con otros servicios y otorgar respuesta a las y los ciudadanos en sus propias comunas\u201d, expres\u00f3 la autoridad regional que administra la gran propiedad fiscal.<\/p>\n<p style=\"text-align: justify;\">L\u00ednea seguida, se inform\u00f3 que por culminaci\u00f3n del programa que cuenta con plazos asociados, se defini\u00f3 tambi\u00e9n el cierre progresivo del mismo, iniciando con las oficinas territoriales. Es as\u00ed que, el 18 de noviembre se produjo el cierre de la oficina de Villa O\u00b4Higgins, durante la jornada de ayer se cerr\u00f3 la oficina de Caleta Tortel, y el pr\u00f3ximo 25 de noviembre se producir\u00e1 el cierre de la oficina de Cochrane, todo con el fin de consolidar la informaci\u00f3n y realizar el traspaso respectivo para su continuidad a la oficina regional ubicada en Coyhaique.<\/p>\n<p style=\"text-align: justify;\">Finalmente, \u201csabemos que nuestros usuarios necesitan que continuemos en el territorio, por todos los beneficios que para ellos implica, por tanto, seguiremos buscando las instancias que nos permitan retornar con otros proyectos, porque de esta forma contribuimos con descentralizar la acci\u00f3n de nuestro ministerio que necesita resolver diferentes instancias territoriales\u201d, expres\u00f3 la Seremi.<\/p>\n<\/div><\/section><\/div><div  style='height:50px' class='hr hr-invisible   avia-builder-el-6  el_after_av_one_full  el_before_av_social_share '><span class='hr-inner ' ><span class='hr-inner-style'><\/span><\/span><\/div><\/p>\n<div  class='av-social-sharing-box  avia-builder-el-7  el_after_av_hr  el_before_av_hr  '><div class='av-share-box'><h5 class='av-share-link-description av-no-toc '>Compartir esta noticia<\/h5><ul class='av-share-box-list noLightbox'><li class='av-share-link av-social-link-facebook' ><a target=\"_blank\" aria-label=\"Compartir en Facebook\" href='https:\/\/www.facebook.com\/sharer.php?u=https:\/\/radiorevelacionfm.cl\/?p=48142&#038;t=M%C3%A1s%20de%201.930%20atenciones%20presenciales%20realiz%C3%B3%20Bienes%20Nacionales%20en%20la%20Provincia%20de%20Capit%C3%A1n%20Prat' aria-hidden='false' data-av_icon='\ue8f3' data-av_iconfont='entypo-fontello' title='' data-avia-related-tooltip='Compartir en Facebook' rel=\"noopener\"><span class='avia_hidden_link_text'>Compartir en Facebook<\/span><\/a><\/li><li class='av-share-link av-social-link-twitter' ><a target=\"_blank\" aria-label=\"Compartir en Twitter\" href='https:\/\/twitter.com\/share?text=M%C3%A1s%20de%201.930%20atenciones%20presenciales%20realiz%C3%B3%20Bienes%20Nacionales%20en%20la%20Provincia%20de%20Capit%C3%A1n%20Prat&#038;url=https:\/\/radiorevelacionfm.cl\/?p=48142' aria-hidden='false' data-av_icon='\ue8f1' data-av_iconfont='entypo-fontello' title='' data-avia-related-tooltip='Compartir en Twitter' rel=\"noopener\"><span class='avia_hidden_link_text'>Compartir en Twitter<\/span><\/a><\/li><li class='av-share-link av-social-link-whatsapp' ><a target=\"_blank\" aria-label=\"Compartir en Whatsapp\" href='https:\/\/api.whatsapp.com\/send?text=https:\/\/radiorevelacionfm.cl\/?p=48142' aria-hidden='false' data-av_icon='\uf232' data-av_iconfont='entypo-fontello' title='' data-avia-related-tooltip='Compartir en Whatsapp' rel=\"noopener\"><span class='avia_hidden_link_text'>Compartir en Whatsapp<\/span><\/a><\/li><li class='av-share-link av-social-link-linkedin' ><a target=\"_blank\" aria-label=\"Compartir en LinkedIn\" href='https:\/\/linkedin.com\/shareArticle?mini=true&#038;title=M%C3%A1s%20de%201.930%20atenciones%20presenciales%20realiz%C3%B3%20Bienes%20Nacionales%20en%20la%20Provincia%20de%20Capit%C3%A1n%20Prat&#038;url=https:\/\/radiorevelacionfm.cl\/?p=48142' aria-hidden='false' data-av_icon='\ue8fc' data-av_iconfont='entypo-fontello' title='' data-avia-related-tooltip='Compartir en LinkedIn' rel=\"noopener\"><span class='avia_hidden_link_text'>Compartir en LinkedIn<\/span><\/a><\/li><li class='av-share-link av-social-link-mail' ><a  aria-label=\"Compartir por correo\" href='mailto:?subject=M%C3%A1s%20de%201.930%20atenciones%20presenciales%20realiz%C3%B3%20Bienes%20Nacionales%20en%20la%20Provincia%20de%20Capit%C3%A1n%20Prat&#038;body=https:\/\/radiorevelacionfm.cl\/?p=48142' aria-hidden='false' data-av_icon='\ue805' data-av_iconfont='entypo-fontello' title='' data-avia-related-tooltip='Compartir por correo'><span class='avia_hidden_link_text'>Compartir por correo<\/span><\/a><\/li><\/ul><\/div><\/div>\n<div  style='height:50px' class='hr hr-invisible   avia-builder-el-8  el_after_av_social_share  el_before_av_comments_list '><span class='hr-inner ' ><span class='hr-inner-style'><\/span><\/span><\/div>\n<div  class='av-buildercomment  av-blog-meta-html-info-disabled av-blog-meta-tag-disabled  '><\/div>\n","protected":false},"excerpt":{"rendered":"","protected":false},"author":1,"featured_media":48143,"comment_status":"open","ping_status":"open","sticky":false,"template":"","format":"standard","meta":{"footnotes":""},"categories":[38],"tags":[],"class_list":["post-48142","post","type-post","status-publish","format-standard","has-post-thumbnail","hentry","category-regional"],"jetpack_featured_media_url":"https:\/\/radiorevelacionfm.cl\/wp-content\/uploads\/2024\/11\/img_7388-2_optimized.jpeg","_links":{"self":[{"href":"https:\/\/radiorevelacionfm.cl\/index.php?rest_route=\/wp\/v2\/posts\/48142","targetHints":{"allow":["GET"]}}],"collection":[{"href":"https:\/\/radiorevelacionfm.cl\/index.php?rest_route=\/wp\/v2\/posts"}],"about":[{"href":"https:\/\/radiorevelacionfm.cl\/index.php?rest_route=\/wp\/v2\/types\/post"}],"author":[{"embeddable":true,"href":"https:\/\/radiorevelacionfm.cl\/index.php?rest_route=\/wp\/v2\/users\/1"}],"replies":[{"embeddable":true,"href":"https:\/\/radiorevelacionfm.cl\/index.php?rest_route=%2Fwp%2Fv2%2Fcomments&post=48142"}],"version-history":[{"count":1,"href":"https:\/\/radiorevelacionfm.cl\/index.php?rest_route=\/wp\/v2\/posts\/48142\/revisions"}],"predecessor-version":[{"id":48144,"href":"https:\/\/radiorevelacionfm.cl\/index.php?rest_route=\/wp\/v2\/posts\/48142\/revisions\/48144"}],"wp:featuredmedia":[{"embeddable":true,"href":"https:\/\/radiorevelacionfm.cl\/index.php?rest_route=\/wp\/v2\/media\/48143"}],"wp:attachment":[{"href":"https:\/\/radiorevelacionfm.cl\/index.php?rest_route=%2Fwp%2Fv2%2Fmedia&parent=48142"}],"wp:term":[{"taxonomy":"category","embeddable":true,"href":"https:\/\/radiorevelacionfm.cl\/index.php?rest_route=%2Fwp%2Fv2%2Fcategories&post=48142"},{"taxonomy":"post_tag","embeddable":true,"href":"https:\/\/radiorevelacionfm.cl\/index.php?rest_route=%2Fwp%2Fv2%2Ftags&post=48142"}],"curies":[{"name":"wp","href":"https:\/\/api.w.org\/{rel}","templated":true}]}}