{"id":48139,"date":"2024-11-21T09:49:54","date_gmt":"2024-11-21T12:49:54","guid":{"rendered":"https:\/\/radiorevelacionfm.cl\/?p=48139"},"modified":"2024-11-21T09:49:54","modified_gmt":"2024-11-21T12:49:54","slug":"general-eduardo-palma-fuentes-asume-jefatura-de-zona-de-carabineros-aysen","status":"publish","type":"post","link":"https:\/\/radiorevelacionfm.cl\/?p=48139","title":{"rendered":"General Eduardo Palma Fuentes asume Jefatura de Zona de Carabineros Ays\u00e9n"},"content":{"rendered":"<div class=\"flex_column av_one_full  flex_column_div av-zero-column-padding first  avia-builder-el-0  el_before_av_one_full  avia-builder-el-first  \" style='border-radius:0px; '><div  class='avia-image-container  av-styling-    avia-builder-el-1  avia-builder-el-no-sibling  avia-align-center '  itemprop=\"image\" itemscope=\"itemscope\" itemtype=\"https:\/\/schema.org\/ImageObject\"  ><div class='avia-image-container-inner'><div class='avia-image-overlay-wrap'><img decoding=\"async\" class='wp-image-48140 avia-img-lazy-loading-not-48140 avia_image' src=\"https:\/\/radiorevelacionfm.cl\/wp-content\/uploads\/2024\/11\/img_5616-2_optimized.jpg\" alt='' title='img_5616-2_optimized' height=\"600\" width=\"800\"  itemprop=\"thumbnailUrl\" srcset=\"https:\/\/radiorevelacionfm.cl\/wp-content\/uploads\/2024\/11\/img_5616-2_optimized.jpg 800w, https:\/\/radiorevelacionfm.cl\/wp-content\/uploads\/2024\/11\/img_5616-2_optimized-300x225.jpg 300w, https:\/\/radiorevelacionfm.cl\/wp-content\/uploads\/2024\/11\/img_5616-2_optimized-768x576.jpg 768w, https:\/\/radiorevelacionfm.cl\/wp-content\/uploads\/2024\/11\/img_5616-2_optimized-705x529.jpg 705w, https:\/\/radiorevelacionfm.cl\/wp-content\/uploads\/2024\/11\/img_5616-2_optimized-450x338.jpg 450w, https:\/\/radiorevelacionfm.cl\/wp-content\/uploads\/2024\/11\/img_5616-2_optimized-600x450.jpg 600w\" sizes=\"(max-width: 800px) 100vw, 800px\" \/><\/div><\/div><\/div><\/div><div class=\"flex_column av_one_full  flex_column_div av-zero-column-padding first  avia-builder-el-2  el_after_av_one_full  el_before_av_one_full  column-top-margin\" style='border-radius:0px; '><section class=\"av_textblock_section \"  itemscope=\"itemscope\" itemtype=\"https:\/\/schema.org\/BlogPosting\" itemprop=\"blogPost\" ><div class='avia_textblock  '   itemprop=\"text\" ><p style=\"text-align: center;\"><strong><span style=\"font-size: 18pt;\">General Eduardo Palma Fuentes asume Jefatura de Zona de Carabineros Ays\u00e9n<\/span><\/strong><\/p>\n<div id=\"gtx-trans\" style=\"position: absolute; left: -50px; top: 4.31534px;\">\n<div class=\"gtx-trans-icon\"><\/div>\n<\/div>\n<\/div><\/section><\/div><div class=\"flex_column av_one_full  flex_column_div av-zero-column-padding first  avia-builder-el-4  el_after_av_one_full  el_before_av_hr  column-top-margin\" style='border-radius:0px; '><section class=\"av_textblock_section \"  itemscope=\"itemscope\" itemtype=\"https:\/\/schema.org\/BlogPosting\" itemprop=\"blogPost\" ><div class='avia_textblock  '   itemprop=\"text\" ><p class=\"v1gmail-MsoListParagraph\" style=\"text-align: justify;\"><em><span lang=\"ES-MX\">El Oficial General posee una amplia trayectoria en el \u00e1mbito de la prevenci\u00f3n tras haber dirigido el Departamento Antidrogas OS-7 a nivel nacional.<\/span><\/em><\/p>\n<p class=\"v1MsoNormal\" style=\"text-align: justify;\"><span lang=\"ES-MX\">Con un toque de silencio en memoria de los m\u00e1rtires institucionales -quienes han rendido la vida en el cumplimiento del deber- se realiz\u00f3 durante esta jornada la ceremonia de traspaso de mando de la Zona de Carabineros Ays\u00e9n, ocasi\u00f3n en que el General Patricio Santos Poblete -tras ocupar el cargo durante dos a\u00f1os- hizo entrega del mando de la repartici\u00f3n al General Eduardo Palma Fuentes.<\/span><\/p>\n<p class=\"v1MsoNormal\" style=\"text-align: justify;\"><span lang=\"ES-MX\">El acto administrativo que se desarroll\u00f3 en el hangar institucional, se efectu\u00f3 en presencia del Director Nacional de Personal, General Inspector Ariel O\u00f1ate Rodr\u00edguez -quien actu\u00f3 en calidad de interventor- ceremonia que cont\u00f3 con la presencia del Delegado Presidencial Regional de Ays\u00e9n Jorge D\u00edaz Guzm\u00e1n, autoridades regionales, comunales, fuerzas armadas e invitados especiales. <\/span><\/p>\n<p class=\"v1MsoNormal\" style=\"text-align: justify;\"><span lang=\"ES-MX\">Tras la firma de actas, luego de cerca de 33 a\u00f1os de servicio, el General Patricio Santos Poblete, fue llamado a retiro, oportunidad en que agradeci\u00f3 el trabajo colaborativo desarrollado con diversas instituciones, permitiendo trabajar unidos bajo un mismo prop\u00f3sito, cual es, el desarrollo humano y la construcci\u00f3n de una sociedad sana con la mejor de las voluntades, orientando el trabajo en funci\u00f3n de la pol\u00edtica p\u00fablica.<\/span><\/p>\n<p class=\"v1MsoNormal\" style=\"text-align: justify;\"><span lang=\"ES-MX\">El General Santos agradeci\u00f3 a las autoridades, a los medios de comunicaci\u00f3n y a cada uno de los carabineros y sus familias a lo largo de la regi\u00f3n de Ays\u00e9n por su entrega y compromiso demostrado en post de la seguridad.<\/span><\/p>\n<p class=\"v1MsoNormal\" style=\"text-align: justify;\"><b><span lang=\"ES-MX\">\u00c9nfasis en la prevenci\u00f3n<\/span><\/b><\/p>\n<p class=\"v1MsoNormal\" style=\"text-align: justify;\"><span lang=\"ES-MX\">Por su parte el General Eduardo Palma Fuentes, quien posee casi 31 a\u00f1os de servicio en la instituci\u00f3n -carrera que ha desarrollado mayormente en el Departamento Antidrogas OS-7- indic\u00f3 que los esfuerzos van a estar centrados en continuar contribuyendo a la seguridad de la regi\u00f3n de Ays\u00e9n.<\/span><\/p>\n<p class=\"v1MsoNormal\" style=\"text-align: justify;\"><span lang=\"ES-MX\">El Jefe de Zona indic\u00f3 que durante su gesti\u00f3n realizar\u00e1 un trabajo mancomunado con las autoridades e instituciones junto con estar cerca de los carabineros que hacen patria en la extrema regi\u00f3n de Ays\u00e9n. <\/span><\/p>\n<p class=\"v1MsoNormal\" style=\"text-align: justify;\"><span lang=\"ES-MX\">\u00abAsumo este cargo con mucha humildad y entregarme por todo a la comunidad -que es nuestra esencia como carabineros, estar en la prevenci\u00f3n en todo \u00e1mbito, as\u00ed como la comunidad estudiantil\u00bb, se\u00f1al\u00f3.<\/span><\/p>\n<\/div><\/section><\/div><div  style='height:50px' class='hr hr-invisible   avia-builder-el-6  el_after_av_one_full  el_before_av_social_share '><span class='hr-inner ' ><span class='hr-inner-style'><\/span><\/span><\/div><\/p>\n<div  class='av-social-sharing-box  avia-builder-el-7  el_after_av_hr  el_before_av_hr  '><div class='av-share-box'><h5 class='av-share-link-description av-no-toc '>Compartir esta noticia<\/h5><ul class='av-share-box-list noLightbox'><li class='av-share-link av-social-link-facebook' ><a target=\"_blank\" aria-label=\"Compartir en Facebook\" href='https:\/\/www.facebook.com\/sharer.php?u=https:\/\/radiorevelacionfm.cl\/?p=48139&#038;t=General%20Eduardo%20Palma%20Fuentes%20asume%20Jefatura%20de%20Zona%20de%20Carabineros%20Ays%C3%A9n' aria-hidden='false' data-av_icon='\ue8f3' data-av_iconfont='entypo-fontello' title='' data-avia-related-tooltip='Compartir en Facebook' rel=\"noopener\"><span class='avia_hidden_link_text'>Compartir en Facebook<\/span><\/a><\/li><li class='av-share-link av-social-link-twitter' ><a target=\"_blank\" aria-label=\"Compartir en Twitter\" href='https:\/\/twitter.com\/share?text=General%20Eduardo%20Palma%20Fuentes%20asume%20Jefatura%20de%20Zona%20de%20Carabineros%20Ays%C3%A9n&#038;url=https:\/\/radiorevelacionfm.cl\/?p=48139' aria-hidden='false' data-av_icon='\ue8f1' data-av_iconfont='entypo-fontello' title='' data-avia-related-tooltip='Compartir en Twitter' rel=\"noopener\"><span class='avia_hidden_link_text'>Compartir en Twitter<\/span><\/a><\/li><li class='av-share-link av-social-link-whatsapp' ><a target=\"_blank\" aria-label=\"Compartir en Whatsapp\" href='https:\/\/api.whatsapp.com\/send?text=https:\/\/radiorevelacionfm.cl\/?p=48139' aria-hidden='false' data-av_icon='\uf232' data-av_iconfont='entypo-fontello' title='' data-avia-related-tooltip='Compartir en Whatsapp' rel=\"noopener\"><span class='avia_hidden_link_text'>Compartir en Whatsapp<\/span><\/a><\/li><li class='av-share-link av-social-link-linkedin' ><a target=\"_blank\" aria-label=\"Compartir en LinkedIn\" href='https:\/\/linkedin.com\/shareArticle?mini=true&#038;title=General%20Eduardo%20Palma%20Fuentes%20asume%20Jefatura%20de%20Zona%20de%20Carabineros%20Ays%C3%A9n&#038;url=https:\/\/radiorevelacionfm.cl\/?p=48139' aria-hidden='false' data-av_icon='\ue8fc' data-av_iconfont='entypo-fontello' title='' data-avia-related-tooltip='Compartir en LinkedIn' rel=\"noopener\"><span class='avia_hidden_link_text'>Compartir en LinkedIn<\/span><\/a><\/li><li class='av-share-link av-social-link-mail' ><a  aria-label=\"Compartir por correo\" href='mailto:?subject=General%20Eduardo%20Palma%20Fuentes%20asume%20Jefatura%20de%20Zona%20de%20Carabineros%20Ays%C3%A9n&#038;body=https:\/\/radiorevelacionfm.cl\/?p=48139' aria-hidden='false' data-av_icon='\ue805' data-av_iconfont='entypo-fontello' title='' data-avia-related-tooltip='Compartir por correo'><span class='avia_hidden_link_text'>Compartir por correo<\/span><\/a><\/li><\/ul><\/div><\/div>\n<div  style='height:50px' class='hr hr-invisible   avia-builder-el-8  el_after_av_social_share  el_before_av_comments_list '><span class='hr-inner ' ><span class='hr-inner-style'><\/span><\/span><\/div>\n<div  class='av-buildercomment  av-blog-meta-html-info-disabled av-blog-meta-tag-disabled  '><\/div>\n","protected":false},"excerpt":{"rendered":"","protected":false},"author":1,"featured_media":48140,"comment_status":"open","ping_status":"open","sticky":false,"template":"","format":"standard","meta":{"footnotes":""},"categories":[36],"tags":[],"class_list":["post-48139","post","type-post","status-publish","format-standard","has-post-thumbnail","hentry","category-policial"],"jetpack_featured_media_url":"https:\/\/radiorevelacionfm.cl\/wp-content\/uploads\/2024\/11\/img_5616-2_optimized.jpg","_links":{"self":[{"href":"https:\/\/radiorevelacionfm.cl\/index.php?rest_route=\/wp\/v2\/posts\/48139","targetHints":{"allow":["GET"]}}],"collection":[{"href":"https:\/\/radiorevelacionfm.cl\/index.php?rest_route=\/wp\/v2\/posts"}],"about":[{"href":"https:\/\/radiorevelacionfm.cl\/index.php?rest_route=\/wp\/v2\/types\/post"}],"author":[{"embeddable":true,"href":"https:\/\/radiorevelacionfm.cl\/index.php?rest_route=\/wp\/v2\/users\/1"}],"replies":[{"embeddable":true,"href":"https:\/\/radiorevelacionfm.cl\/index.php?rest_route=%2Fwp%2Fv2%2Fcomments&post=48139"}],"version-history":[{"count":1,"href":"https:\/\/radiorevelacionfm.cl\/index.php?rest_route=\/wp\/v2\/posts\/48139\/revisions"}],"predecessor-version":[{"id":48141,"href":"https:\/\/radiorevelacionfm.cl\/index.php?rest_route=\/wp\/v2\/posts\/48139\/revisions\/48141"}],"wp:featuredmedia":[{"embeddable":true,"href":"https:\/\/radiorevelacionfm.cl\/index.php?rest_route=\/wp\/v2\/media\/48140"}],"wp:attachment":[{"href":"https:\/\/radiorevelacionfm.cl\/index.php?rest_route=%2Fwp%2Fv2%2Fmedia&parent=48139"}],"wp:term":[{"taxonomy":"category","embeddable":true,"href":"https:\/\/radiorevelacionfm.cl\/index.php?rest_route=%2Fwp%2Fv2%2Fcategories&post=48139"},{"taxonomy":"post_tag","embeddable":true,"href":"https:\/\/radiorevelacionfm.cl\/index.php?rest_route=%2Fwp%2Fv2%2Ftags&post=48139"}],"curies":[{"name":"wp","href":"https:\/\/api.w.org\/{rel}","templated":true}]}}