{"id":48136,"date":"2024-11-21T15:26:35","date_gmt":"2024-11-21T18:26:35","guid":{"rendered":"https:\/\/radiorevelacionfm.cl\/?p=48136"},"modified":"2024-11-21T15:26:35","modified_gmt":"2024-11-21T18:26:35","slug":"convocan-al-primer-congreso-pedagogico-regional-horizontes-pedagogicos-experiencias-de-innovacion-y-transformacion-educativa-en-la-region-de-aysen","status":"publish","type":"post","link":"https:\/\/radiorevelacionfm.cl\/?p=48136","title":{"rendered":"Convocan al Primer Congreso Pedag\u00f3gico Regional \u00abHorizontes Pedag\u00f3gicos: Experiencias de Innovaci\u00f3n y Transformaci\u00f3n Educativa en la regi\u00f3n de Ays\u00e9n\u00bb"},"content":{"rendered":"<div class=\"flex_column av_one_full  flex_column_div av-zero-column-padding first  avia-builder-el-0  el_before_av_one_full  avia-builder-el-first  \" style='border-radius:0px; '><div  class='avia-image-container  av-styling-    avia-builder-el-1  avia-builder-el-no-sibling  avia-align-center '  itemprop=\"image\" itemscope=\"itemscope\" itemtype=\"https:\/\/schema.org\/ImageObject\"  ><div class='avia-image-container-inner'><div class='avia-image-overlay-wrap'><img decoding=\"async\" class='wp-image-48137 avia-img-lazy-loading-not-48137 avia_image' src=\"https:\/\/radiorevelacionfm.cl\/wp-content\/uploads\/2024\/11\/congreso-pedagogico-regional-afiche-2-2_optimized-2.jpg\" alt='' title='congreso-pedag\u00f3gico-regional-(afiche)-2-2_optimized-2' height=\"800\" width=\"800\"  itemprop=\"thumbnailUrl\" srcset=\"https:\/\/radiorevelacionfm.cl\/wp-content\/uploads\/2024\/11\/congreso-pedagogico-regional-afiche-2-2_optimized-2.jpg 800w, https:\/\/radiorevelacionfm.cl\/wp-content\/uploads\/2024\/11\/congreso-pedagogico-regional-afiche-2-2_optimized-2-300x300.jpg 300w, https:\/\/radiorevelacionfm.cl\/wp-content\/uploads\/2024\/11\/congreso-pedagogico-regional-afiche-2-2_optimized-2-80x80.jpg 80w, https:\/\/radiorevelacionfm.cl\/wp-content\/uploads\/2024\/11\/congreso-pedagogico-regional-afiche-2-2_optimized-2-768x768.jpg 768w, https:\/\/radiorevelacionfm.cl\/wp-content\/uploads\/2024\/11\/congreso-pedagogico-regional-afiche-2-2_optimized-2-36x36.jpg 36w, https:\/\/radiorevelacionfm.cl\/wp-content\/uploads\/2024\/11\/congreso-pedagogico-regional-afiche-2-2_optimized-2-180x180.jpg 180w, https:\/\/radiorevelacionfm.cl\/wp-content\/uploads\/2024\/11\/congreso-pedagogico-regional-afiche-2-2_optimized-2-705x705.jpg 705w, https:\/\/radiorevelacionfm.cl\/wp-content\/uploads\/2024\/11\/congreso-pedagogico-regional-afiche-2-2_optimized-2-120x120.jpg 120w, https:\/\/radiorevelacionfm.cl\/wp-content\/uploads\/2024\/11\/congreso-pedagogico-regional-afiche-2-2_optimized-2-450x450.jpg 450w, https:\/\/radiorevelacionfm.cl\/wp-content\/uploads\/2024\/11\/congreso-pedagogico-regional-afiche-2-2_optimized-2-600x600.jpg 600w, https:\/\/radiorevelacionfm.cl\/wp-content\/uploads\/2024\/11\/congreso-pedagogico-regional-afiche-2-2_optimized-2-100x100.jpg 100w\" sizes=\"(max-width: 800px) 100vw, 800px\" \/><\/div><\/div><\/div><\/div><div class=\"flex_column av_one_full  flex_column_div av-zero-column-padding first  avia-builder-el-2  el_after_av_one_full  el_before_av_one_full  column-top-margin\" style='border-radius:0px; '><section class=\"av_textblock_section \"  itemscope=\"itemscope\" itemtype=\"https:\/\/schema.org\/BlogPosting\" itemprop=\"blogPost\" ><div class='avia_textblock  '   itemprop=\"text\" ><p style=\"text-align: center;\"><strong><span style=\"font-size: 18pt;\">Convocan al Primer Congreso Pedag\u00f3gico Regional \u00abHorizontes Pedag\u00f3gicos: Experiencias de Innovaci\u00f3n y Transformaci\u00f3n Educativa en la regi\u00f3n de Ays\u00e9n\u00bb<\/span><\/strong><\/p>\n<div id=\"gtx-trans\" style=\"position: absolute; left: -50px; top: 4.31534px;\">\n<div class=\"gtx-trans-icon\"><\/div>\n<\/div>\n<\/div><\/section><\/div><div class=\"flex_column av_one_full  flex_column_div av-zero-column-padding first  avia-builder-el-4  el_after_av_one_full  el_before_av_hr  column-top-margin\" style='border-radius:0px; '><section class=\"av_textblock_section \"  itemscope=\"itemscope\" itemtype=\"https:\/\/schema.org\/BlogPosting\" itemprop=\"blogPost\" ><div class='avia_textblock  '   itemprop=\"text\" ><p class=\"v1MsoNormal\" style=\"text-align: justify;\">La Secretaria Regional Ministerial de Educaci\u00f3n de Ays\u00e9n Isabel Garrido inform\u00f3 que el mi\u00e9rcoles 27 y el jueves 28 de noviembre se llevar\u00e1 acabo en dependencias del Liceo San Felipe Benicio de Coyhaique el Primer congreso: \u00abHorizontes pedag\u00f3gicos: Experiencias de Innovaci\u00f3n y Transformaci\u00f3n educativa en la regi\u00f3n de Ays\u00e9n\u00bb.<\/p>\n<p class=\"v1MsoNormal\" style=\"text-align: justify;\">El encuentro es organizado por la Secretar\u00eda Ministerial de Educaci\u00f3n de Ays\u00e9n, la Universidad de Ays\u00e9n y la Universidad Austral de Chile Campus Patagonia y est\u00e1 abierto a la comunidad. Ser\u00e1 inaugurado el mi\u00e9rcoles 27 a las 19:00 horas; y las Charlas Magistrales y Experiencias de Innovaci\u00f3n se desarrollar\u00e1n el jueves 28 de noviembre, desde las 08:30 y hasta las 18:00 horas en el auditorio del Liceo San Felipe Benicio de Coyhaique (ingreso por calle Subteniente Cruz).<\/p>\n<p class=\"v1MsoNormal\" style=\"text-align: justify;\">Isabel Garrido se\u00f1al\u00f3 que \u00abEl objetivo de este primer Congreso Pedag\u00f3gico es reflexionar sobre lo que significa hacer pedagog\u00eda en la Regi\u00f3n de Aysen, a trav\u00e9s de experiencias reales en el aula, como tambi\u00e9n en la formaci\u00f3n profesional docente, siendo el tema transversal la \u00abInnovaci\u00f3n Educativa,\u00bb donde se promover\u00e1 el intercambio acad\u00e9mico, las pr\u00e1cticas pedag\u00f3gicas y la reflexi\u00f3n sobre los principales desaf\u00edos que presenta el ejercicio pedag\u00f3gico en la regi\u00f3n\u00bb.<\/p>\n<p class=\"v1MsoNormal\" style=\"text-align: justify;\"><b>Charlas y exposici\u00f3n de experiencias pr\u00e1cticas<\/b><\/p>\n<p class=\"v1MsoNormal\" style=\"text-align: justify;\">En la inauguraci\u00f3n del d\u00eda mi\u00e9rcoles 27, expondr\u00e1 el Profesor Choukri Ben Ayed, Catedr\u00e1tico de Sociolog\u00eda en la Universidad de Limoges, Francia y codirector del GRESCO (Groupe de Recherches Sociologiques sur les Soci\u00e9t\u00e9s Contemporaines &#8211; laboratorio conjunto de las universidades de Poitiers y Limoges), quien dictar\u00e1 una charla magistral denominada: \u00abPol\u00edticas educativas, territorio e inclusi\u00f3n\u00bb.<\/p>\n<p class=\"v1MsoNormal\" style=\"text-align: justify;\">La jornada del 28 de noviembre de 2024, est\u00e1 planificada para desarrollarse en tres bloques, cada uno compuesto de una Charla magistral desarrolladas en el Sal\u00f3n auditorio del LSFB y denominadas: \u00abInnovaci\u00f3n Educativa desde el enfoque Ministerial\u00bb, a cargo del director del Centro de Innovaci\u00f3n Educativa del Ministerio de Educaci\u00f3n, Mart\u00edn Felipe C\u00e1ceres Murrie. \u00abGamificaci\u00f3n y aprendizaje de las matem\u00e1ticas\u00bb a cargo del Investigador y soci\u00f3logo Choukri Ben Ayed, en representaci\u00f3n de la Universidad de Ays\u00e9n. \u00abTrayectorias docentes: narrando la propia experiencia para el Mejoramiento Educativo Continuo\u00bb a cargo del director del Instituto de Ciencias de la Educaci\u00f3n de la Universidad Austral de Chile, Dr. Marcelo Arancibia Herrera.<\/p>\n<p class=\"v1MsoNormal\" style=\"text-align: justify;\">Sergio Martinic, acad\u00e9mico del Departamento Ciencias Sociales y Humanidades de la Universidad de Ays\u00e9n indic\u00f3 que esa instituci\u00f3n presentar\u00e1 en el congreso experiencias desarrolladas a trav\u00e9s de un proyecto FIC que se llama Conecta Ideas Ays\u00e9n.<\/p>\n<p class=\"v1MsoNormal\" style=\"text-align: justify;\">\u00abEste es un proyecto que implementamos con el apoyo de la Universidad de Chile de ense\u00f1anza a las matem\u00e1ticas en base a juegos y utilizando tecnolog\u00eda en ni\u00f1os de cuarto b\u00e1sico en distintas escuelas de la regi\u00f3n y de diferentes comunas. Adem\u00e1s, tres escuelas que han trabajado desde el a\u00f1o pasado con este proyecto van a presentar c\u00f3mo se realiza en la pr\u00e1ctica con el fin de que profesores puedan conversar con otros profesores e intercambiar la experiencia. Con esto entonces queremos que se conozca la innovaci\u00f3n, pero al mismo tiempo se aprecie el c\u00f3mo se realiza en forma concreta\u00bb.<\/p>\n<p class=\"v1MsoNormal\" style=\"text-align: justify;\">Por su parte, Mario Brito Director del Campus Patagonia de la Universidad Austral de Chile manifest\u00f3: \u00abComo universidad estamos muy comprometidos con el desarrollo educacional de la Regi\u00f3n de Ays\u00e9n, por ello hemos puesto a disposici\u00f3n nuestras capacidades para ser parte de este Primer Congreso Pedag\u00f3gico Regional, que busca compartir experiencias en pr\u00e1cticas educativas y did\u00e1cticas exitosas y as\u00ed hacer sinergia en la b\u00fasqueda de la mejora de aprendizajes de los estudiantes, principalmente bajo una perspectiva de innovaci\u00f3n e inclusi\u00f3n\u00bb.<\/p>\n<p class=\"v1MsoNormal\" style=\"text-align: justify;\">Los interesados en participar pueden inscribirse en el siguiente link:<\/p>\n<p class=\"v1MsoNormal\" style=\"text-align: justify;\"><a href=\"https:\/\/docs.google.com\/forms\/d\/e\/1FAIpQLSdSpr6_ewXa270otJ87K3gfLH_RsnOSbSpPSwRcrM_q0Q69NA\" target=\"_blank\" rel=\"noopener noreferrer\">https:\/\/docs.google.com\/forms\/d\/e\/1FAIpQLSdSpr6_ewXa270otJ87K3gfLH_RsnOSbSpPSwRcrM_q0Q69NA<\/a><\/p>\n<\/div><\/section><\/div><div  style='height:50px' class='hr hr-invisible   avia-builder-el-6  el_after_av_one_full  el_before_av_social_share '><span class='hr-inner ' ><span class='hr-inner-style'><\/span><\/span><\/div><\/p>\n<div  class='av-social-sharing-box  avia-builder-el-7  el_after_av_hr  el_before_av_hr  '><div class='av-share-box'><h5 class='av-share-link-description av-no-toc '>Compartir esta noticia<\/h5><ul class='av-share-box-list noLightbox'><li class='av-share-link av-social-link-facebook' ><a target=\"_blank\" aria-label=\"Compartir en Facebook\" href='https:\/\/www.facebook.com\/sharer.php?u=https:\/\/radiorevelacionfm.cl\/?p=48136&#038;t=Convocan%20al%20Primer%20Congreso%20Pedag%C3%B3gico%20Regional%20%C2%ABHorizontes%20Pedag%C3%B3gicos%3A%20Experiencias%20de%20Innovaci%C3%B3n%20y%20Transformaci%C3%B3n%20Educativa%20en%20la%20regi%C3%B3n%20de%20Ays%C3%A9n%C2%BB' aria-hidden='false' data-av_icon='\ue8f3' data-av_iconfont='entypo-fontello' title='' data-avia-related-tooltip='Compartir en Facebook' rel=\"noopener\"><span class='avia_hidden_link_text'>Compartir en Facebook<\/span><\/a><\/li><li class='av-share-link av-social-link-twitter' ><a target=\"_blank\" aria-label=\"Compartir en Twitter\" href='https:\/\/twitter.com\/share?text=Convocan%20al%20Primer%20Congreso%20Pedag%C3%B3gico%20Regional%20%C2%ABHorizontes%20Pedag%C3%B3gicos%3A%20Experiencias%20de%20Innovaci%C3%B3n%20y%20Transformaci%C3%B3n%20Educativa%20en%20la%20regi%C3%B3n%20de%20Ays%C3%A9n%C2%BB&#038;url=https:\/\/radiorevelacionfm.cl\/?p=48136' aria-hidden='false' data-av_icon='\ue8f1' data-av_iconfont='entypo-fontello' title='' data-avia-related-tooltip='Compartir en Twitter' rel=\"noopener\"><span class='avia_hidden_link_text'>Compartir en Twitter<\/span><\/a><\/li><li class='av-share-link av-social-link-whatsapp' ><a target=\"_blank\" aria-label=\"Compartir en Whatsapp\" href='https:\/\/api.whatsapp.com\/send?text=https:\/\/radiorevelacionfm.cl\/?p=48136' aria-hidden='false' data-av_icon='\uf232' data-av_iconfont='entypo-fontello' title='' data-avia-related-tooltip='Compartir en Whatsapp' rel=\"noopener\"><span class='avia_hidden_link_text'>Compartir en Whatsapp<\/span><\/a><\/li><li class='av-share-link av-social-link-linkedin' ><a target=\"_blank\" aria-label=\"Compartir en LinkedIn\" href='https:\/\/linkedin.com\/shareArticle?mini=true&#038;title=Convocan%20al%20Primer%20Congreso%20Pedag%C3%B3gico%20Regional%20%C2%ABHorizontes%20Pedag%C3%B3gicos%3A%20Experiencias%20de%20Innovaci%C3%B3n%20y%20Transformaci%C3%B3n%20Educativa%20en%20la%20regi%C3%B3n%20de%20Ays%C3%A9n%C2%BB&#038;url=https:\/\/radiorevelacionfm.cl\/?p=48136' aria-hidden='false' data-av_icon='\ue8fc' data-av_iconfont='entypo-fontello' title='' data-avia-related-tooltip='Compartir en LinkedIn' rel=\"noopener\"><span class='avia_hidden_link_text'>Compartir en LinkedIn<\/span><\/a><\/li><li class='av-share-link av-social-link-mail' ><a  aria-label=\"Compartir por correo\" href='mailto:?subject=Convocan%20al%20Primer%20Congreso%20Pedag%C3%B3gico%20Regional%20%C2%ABHorizontes%20Pedag%C3%B3gicos%3A%20Experiencias%20de%20Innovaci%C3%B3n%20y%20Transformaci%C3%B3n%20Educativa%20en%20la%20regi%C3%B3n%20de%20Ays%C3%A9n%C2%BB&#038;body=https:\/\/radiorevelacionfm.cl\/?p=48136' aria-hidden='false' data-av_icon='\ue805' data-av_iconfont='entypo-fontello' title='' data-avia-related-tooltip='Compartir por correo'><span class='avia_hidden_link_text'>Compartir por correo<\/span><\/a><\/li><\/ul><\/div><\/div>\n<div  style='height:50px' class='hr hr-invisible   avia-builder-el-8  el_after_av_social_share  el_before_av_comments_list '><span class='hr-inner ' ><span class='hr-inner-style'><\/span><\/span><\/div>\n<div  class='av-buildercomment  av-blog-meta-html-info-disabled av-blog-meta-tag-disabled  '><\/div>\n","protected":false},"excerpt":{"rendered":"","protected":false},"author":1,"featured_media":48137,"comment_status":"open","ping_status":"open","sticky":false,"template":"","format":"standard","meta":{"footnotes":""},"categories":[49],"tags":[],"class_list":["post-48136","post","type-post","status-publish","format-standard","has-post-thumbnail","hentry","category-educacion"],"jetpack_featured_media_url":"https:\/\/radiorevelacionfm.cl\/wp-content\/uploads\/2024\/11\/congreso-pedagogico-regional-afiche-2-2_optimized-2.jpg","_links":{"self":[{"href":"https:\/\/radiorevelacionfm.cl\/index.php?rest_route=\/wp\/v2\/posts\/48136","targetHints":{"allow":["GET"]}}],"collection":[{"href":"https:\/\/radiorevelacionfm.cl\/index.php?rest_route=\/wp\/v2\/posts"}],"about":[{"href":"https:\/\/radiorevelacionfm.cl\/index.php?rest_route=\/wp\/v2\/types\/post"}],"author":[{"embeddable":true,"href":"https:\/\/radiorevelacionfm.cl\/index.php?rest_route=\/wp\/v2\/users\/1"}],"replies":[{"embeddable":true,"href":"https:\/\/radiorevelacionfm.cl\/index.php?rest_route=%2Fwp%2Fv2%2Fcomments&post=48136"}],"version-history":[{"count":1,"href":"https:\/\/radiorevelacionfm.cl\/index.php?rest_route=\/wp\/v2\/posts\/48136\/revisions"}],"predecessor-version":[{"id":48138,"href":"https:\/\/radiorevelacionfm.cl\/index.php?rest_route=\/wp\/v2\/posts\/48136\/revisions\/48138"}],"wp:featuredmedia":[{"embeddable":true,"href":"https:\/\/radiorevelacionfm.cl\/index.php?rest_route=\/wp\/v2\/media\/48137"}],"wp:attachment":[{"href":"https:\/\/radiorevelacionfm.cl\/index.php?rest_route=%2Fwp%2Fv2%2Fmedia&parent=48136"}],"wp:term":[{"taxonomy":"category","embeddable":true,"href":"https:\/\/radiorevelacionfm.cl\/index.php?rest_route=%2Fwp%2Fv2%2Fcategories&post=48136"},{"taxonomy":"post_tag","embeddable":true,"href":"https:\/\/radiorevelacionfm.cl\/index.php?rest_route=%2Fwp%2Fv2%2Ftags&post=48136"}],"curies":[{"name":"wp","href":"https:\/\/api.w.org\/{rel}","templated":true}]}}