{"id":48133,"date":"2024-11-21T10:21:32","date_gmt":"2024-11-21T13:21:32","guid":{"rendered":"https:\/\/radiorevelacionfm.cl\/?p=48133"},"modified":"2024-11-21T10:21:32","modified_gmt":"2024-11-21T13:21:32","slug":"codesa-asiste-a-cop-29-en-azerbaiyan-fortaleciendo-alianzas-para-enfrentar-crisis-climatica-con-soluciones-basadas-en-la-naturaleza","status":"publish","type":"post","link":"https:\/\/radiorevelacionfm.cl\/?p=48133","title":{"rendered":"CODESA asiste a COP 29 en Azerbaiy\u00e1n fortaleciendo alianzas para enfrentar crisis clim\u00e1tica con soluciones basadas en la naturaleza"},"content":{"rendered":"<div class=\"flex_column av_one_full  flex_column_div av-zero-column-padding first  avia-builder-el-0  el_before_av_one_full  avia-builder-el-first  \" style='border-radius:0px; '><div  class='avia-image-container  av-styling-    avia-builder-el-1  avia-builder-el-no-sibling  avia-align-center '  itemprop=\"image\" itemscope=\"itemscope\" itemtype=\"https:\/\/schema.org\/ImageObject\"  ><div class='avia-image-container-inner'><div class='avia-image-overlay-wrap'><img decoding=\"async\" class='wp-image-48134 avia-img-lazy-loading-not-48134 avia_image' src=\"https:\/\/radiorevelacionfm.cl\/wp-content\/uploads\/2024\/11\/20241120_153327-2-2.jpg\" alt='' title='20241120_153327-2-2' height=\"600\" width=\"804\"  itemprop=\"thumbnailUrl\" srcset=\"https:\/\/radiorevelacionfm.cl\/wp-content\/uploads\/2024\/11\/20241120_153327-2-2.jpg 804w, https:\/\/radiorevelacionfm.cl\/wp-content\/uploads\/2024\/11\/20241120_153327-2-2-300x224.jpg 300w, https:\/\/radiorevelacionfm.cl\/wp-content\/uploads\/2024\/11\/20241120_153327-2-2-768x573.jpg 768w, https:\/\/radiorevelacionfm.cl\/wp-content\/uploads\/2024\/11\/20241120_153327-2-2-705x526.jpg 705w, https:\/\/radiorevelacionfm.cl\/wp-content\/uploads\/2024\/11\/20241120_153327-2-2-450x336.jpg 450w, https:\/\/radiorevelacionfm.cl\/wp-content\/uploads\/2024\/11\/20241120_153327-2-2-600x448.jpg 600w\" sizes=\"(max-width: 804px) 100vw, 804px\" \/><\/div><\/div><\/div><\/div><div class=\"flex_column av_one_full  flex_column_div av-zero-column-padding first  avia-builder-el-2  el_after_av_one_full  el_before_av_one_full  column-top-margin\" style='border-radius:0px; '><section class=\"av_textblock_section \"  itemscope=\"itemscope\" itemtype=\"https:\/\/schema.org\/BlogPosting\" itemprop=\"blogPost\" ><div class='avia_textblock  '   itemprop=\"text\" ><p style=\"text-align: center;\"><span style=\"font-size: 18pt;\"><b><span lang=\"ES-TRAD\">CODESA asiste a COP 29 en Azerbaiy\u00e1n fortaleciendo alianzas para enfrentar crisis clim\u00e1tica con soluciones basadas en la naturaleza<\/span><\/b><\/span><\/p>\n<div id=\"gtx-trans\" style=\"position: absolute; left: -50px; top: 4.31534px;\">\n<div class=\"gtx-trans-icon\"><\/div>\n<\/div>\n<\/div><\/section><\/div><div class=\"flex_column av_one_full  flex_column_div av-zero-column-padding first  avia-builder-el-4  el_after_av_one_full  el_before_av_hr  column-top-margin\" style='border-radius:0px; '><section class=\"av_textblock_section \"  itemscope=\"itemscope\" itemtype=\"https:\/\/schema.org\/BlogPosting\" itemprop=\"blogPost\" ><div class='avia_textblock  '   itemprop=\"text\" ><p class=\"v1gmail-MsoListParagraphCxSpLast\" style=\"text-align: justify;\"><i><span lang=\"ES-TRAD\">En alianza con Chile Sustentable y la Agrupaci\u00f3n Ais\u00e9n Reserva de Vida, CODESA ha desarrollado regionalmente diversas iniciativas con el fin de aportar al diagn\u00f3stico sobre impactos del cambio clim\u00e1tico en la regi\u00f3n, adem\u00e1s de proponer alternativas relacionadas con soluciones basadas en la naturaleza, co-beneficios y gesti\u00f3n de riesgo de desastres.\u00a0<\/span><\/i><\/p>\n<p class=\"v1MsoNormal\" style=\"text-align: justify;\"><span lang=\"ES-TRAD\">Con el fin de conocer las experiencias sobre c\u00f3mo enfrentar la crisis clim\u00e1tica en l\u00ednea con los focos de trabajo desarrollados en Ays\u00e9n, adem\u00e1s de sostener reuniones con representantes de organizaciones afines, la Corporaci\u00f3n Privada para el Desarrollo de Ays\u00e9n (CODESA) participa durante estos d\u00edas en la Conferencia de las Partes (COP) de la Convenci\u00f3n Marco de las Naciones Unidas sobre Cambio Clim\u00e1tico que este a\u00f1o se realiza en la capital de Azerbaiy\u00e1n, Baku.\u00a0<span class=\"v1gmail-Apple-converted-space\">\u00a0<\/span>La acreditaci\u00f3n de la organizaci\u00f3n se da en calidad de delegaci\u00f3n \u00ab<i>party overflow<\/i>\u00ab, figura de los gobiernos para viabilizar la participaci\u00f3n de la sociedad civil en estos encuentros institucionales.<\/span><\/p>\n<p class=\"v1MsoNormal\" style=\"text-align: justify;\"><span lang=\"ES-TRAD\">Desde 2020, al menos, CODESA junto a Chile Sustentable y la Agrupaci\u00f3n Ais\u00e9n Reserva de Vida vienen desarrollando una labor sistem\u00e1tica con el fin de aportar la mirada de la sociedad civil y ciudadan\u00eda a los diagn\u00f3sticos sobre impactos del cambio clim\u00e1tico en la regi\u00f3n, adem\u00e1s de proponer alternativas relacionadas con soluciones basadas en la naturaleza, co-beneficios y gesti\u00f3n de riesgo de desastres.\u00a0<span class=\"v1gmail-Apple-converted-space\">\u00a0<\/span><\/span><\/p>\n<p class=\"v1MsoNormal\" style=\"text-align: justify;\"><span lang=\"ES-TRAD\">Hasta ahora, lo\/s directore\/as de la organizaci\u00f3n, Patricio Segura Ortiz y Miriam Chible Contreras, quien fue recientemente electa presidenta de la Corporaci\u00f3n Chelenko, han sostenido reuniones con diversas organizaciones y entidades que han concurrido a la cita global.\u00a0<span class=\"v1gmail-Apple-converted-space\">\u00a0<\/span>Entre ellos el<span class=\"v1gmail-Apple-converted-space\">\u00a0<\/span><b>director de Campa\u00f1as del<\/b><b><a href=\"https:\/\/climatechampions.unfccc.int\/meet-the-team\/\" target=\"_blank\" rel=\"noopener noreferrer\">Climate Champions Team<\/a><\/b>, Ramiro Fern\u00e1ndez, y la<span class=\"v1gmail-Apple-converted-space\">\u00a0<\/span><b><a href=\"https:\/\/www.linkedin.com\/in\/mariapazgonzalez\/?locale=es_ES\" target=\"_blank\" rel=\"noopener noreferrer\">coordinadora program\u00e1tica de Resiliencia y Transici\u00f3n Clim\u00e1tica y Biomasa de la Fundaci\u00f3n Avina<\/a><\/b>, Paz Gonz\u00e1lez, con quienes se dialog\u00f3 sobre posibles lazos que aporten al trabajo vinculado a las respuestas comunitarias a la crisis clim\u00e1tica.\u00a0<span class=\"v1gmail-Apple-converted-space\">\u00a0<\/span>Adem\u00e1s, se han reunido con la<span class=\"v1gmail-Apple-converted-space\">\u00a0<\/span><b>directora de Campa\u00f1as de Greenpeace Chile<\/b>, Estefan\u00eda Gonz\u00e1lez, y el<span class=\"v1gmail-Apple-converted-space\">\u00a0<\/span><b>director ejecutivo de ONG FIMA<\/b>, Ezio Costa, con el fin de establecer, en el primer caso, y profundizar, en el segundo, los v\u00ednculos para la protecci\u00f3n de los ecosistemas marinos altamente impactados por la salmonicultura.\u00a0<span class=\"v1gmail-Apple-converted-space\">\u00a0<\/span>Otra de las citas fue con Florencia Ort\u00fazar, del<span class=\"v1gmail-Apple-converted-space\">\u00a0<\/span><b>programa Clima de AIDA.<\/b><\/span><\/p>\n<p class=\"v1MsoNormal\" style=\"text-align: justify;\"><span lang=\"ES-TRAD\">\u00ab<i>\u00c9sta es una oportunidad no s\u00f3lo para mostrar lo que se est\u00e1 haciendo en Ays\u00e9n en la materia desde varias organizaciones con talleres, seminarios, publicaci\u00f3n de documentos sino tambi\u00e9n para generar alianzas que permitan a nuestra regi\u00f3n avanzar en alternativas tanto de adaptaci\u00f3n como de mitigaci\u00f3n a la crisis clim\u00e1tica<\/i>\u00bb explic\u00f3 Patricio Segura.\u00a0<span class=\"v1gmail-Apple-converted-space\">\u00a0<\/span>Esto, recalc\u00f3, con foco en \u00ab<i>soluciones basadas en la naturaleza, co-beneficios y gesti\u00f3n de riesgos de desastre, porque creemos que es importante que esta mirada est\u00e9 tambi\u00e9n en la discusi\u00f3n regional y no s\u00f3lo la visi\u00f3n de algunos sectores, con alternativas que, en el fondo, siguen con la misma mirada, con mega infraestructuras, con formas de procesos productivos que han generado m\u00faltiples problemas<\/i>\u00ab.\u00a0<span class=\"v1gmail-Apple-converted-space\">\u00a0<\/span><\/span><\/p>\n<p class=\"v1MsoNormal\" style=\"text-align: justify;\"><span lang=\"ES-TRAD\">Ejemplo de esto han sido diversas propuestas del sector privado, y en ocasiones del Estado, que bajo el pretexto del cambio clim\u00e1tico profundizan la crisis ecol\u00f3gica.\u00a0<span class=\"v1gmail-Apple-converted-space\">\u00a0<\/span>Entre ellas expandir otro tipo de monocultivos producto del aumento de la temperatura, los que conllevan el uso de qu\u00edmicos de todo tipo y consumo intensivo de agua, lo cual es parte del problema. O como la empresa<span class=\"v1gmail-Apple-converted-space\">\u00a0<\/span><a href=\"https:\/\/eldesconcierto.cl\/2021\/11\/18\/los-pinos-de-miguel-torres-en-la-patagonia-conaf-alerto-que-no-eran-recomendables-en-2020\" target=\"_blank\" rel=\"noopener noreferrer\">vi\u00f1atera Miguel Torres<\/a><span class=\"v1gmail-Apple-converted-space\">\u00a0<\/span>que hace unos a\u00f1os propuso plantar pinos en la patag\u00f3nica, para compensar emisiones de CO2, en circunstancias de que es una especie ex\u00f3tica que, m\u00e1s a\u00fan, nunca ha sido parte de los ecosistemas de la pampa patag\u00f3nica.\u00a0<span class=\"v1gmail-Apple-converted-space\">\u00a0<\/span>Y en esto, tambi\u00e9n iniciativas energ\u00e9ticas de renovables de alto impacto en territorios excepcionales o como megaproyectos.<\/span><\/p>\n<p class=\"v1MsoNormal\" style=\"text-align: justify;\"><span lang=\"ES-TRAD\">Esta visi\u00f3n, se se\u00f1al\u00f3 desde la organizaci\u00f3n, es compartida por muchos habitantes del territorio, \u00ab<i>sobre lo que significa Ays\u00e9n en un contexto de crisis clim\u00e1tica bajo el modelo Ays\u00e9n Reserva de Vida<\/i>\u00ab.<\/span><\/p>\n<p class=\"v1MsoNormal\" style=\"text-align: justify;\"><span lang=\"ES-TRAD\">En estos d\u00edas CODESA ha participado en encuentros relacionados con gesti\u00f3n el agua y \u00ab<i>slow food<\/i>\u00ab, que en Ays\u00e9n avanza bajo el concepto de \u00ab<i>cocina huella cero<\/i>\u00bb en un proyecto que es parte de un fondo Bien P\u00fablico de Corfo, por mandato de Sernatur y que ejecuta la Corporaci\u00f3n Chelenko en la cuenca del lago General Carrera, cr\u00edtica al greenwashing y otro tipo de contenidos.<\/span><\/p>\n<p class=\"v1MsoNormal\" style=\"text-align: justify;\"><b><span lang=\"ES-TRAD\">Organizaciones de Ays\u00e9n y crisis clim\u00e1tica<\/span><\/b><\/p>\n<p class=\"v1MsoNormal\" style=\"text-align: justify;\"><span lang=\"ES-TRAD\">El trabajo conjunto que han desarrollado CODESA, la Agrupaci\u00f3n Ais\u00e9n Reserva de Vida y Chile Sustentable ha incluido publicaci\u00f3n de las cartillas<span class=\"v1gmail-Apple-converted-space\">\u00a0<\/span><\/span>\u00ab<a href=\"https:\/\/issuu.com\/codesa\/docs\/cartilla_arv_pesca_compressed\" target=\"_blank\" rel=\"noopener noreferrer\">Pesca y Litoral<\/a>\u00ab, \u00ab<a href=\"https:\/\/issuu.com\/codesa\/docs\/cartilla_arv_agricultura_sustentable_compressed\" target=\"_blank\" rel=\"noopener noreferrer\">Agricultura Sustentable<\/a>\u00bb y \u00ab<a href=\"https:\/\/issuu.com\/codesa\/docs\/cartilla_arv_turismo_compressed\" target=\"_blank\" rel=\"noopener noreferrer\">Turismo y Conservaci\u00f3n<\/a>\u00ab, bajo el concepto \u00ab<i>apuntes desde Ays\u00e9n frente la emergencia clim\u00e1tica<\/i>\u00ab.\u00a0<span class=\"v1gmail-Apple-converted-space\">\u00a0<\/span>Adem\u00e1s, se suscribi\u00f3 un Convenio de Colaboraci\u00f3n con la Universidad de Ays\u00e9n en el marco del cual<span class=\"v1gmail-Apple-converted-space\">\u00a0<\/span>\u00a0se han desarrollado conversatorios en las Escuelas de Invierno, el seminario \u00ab<a href=\"https:\/\/chilesustentable.net\/2023\/10\/cuidar-la-naturaleza-la-opcion-mas-eficiente-para-enfrentar-la-crisis-climatica\/\" target=\"_blank\" rel=\"noopener noreferrer\"><i>Crisis Clim\u00e1tica en Ays\u00e9n: Miradas estructurales para enfrentar el dilema<\/i><\/a>\u00bb y la asignatura electiva \u00ab<i>Sustentabilidad: Una mirada desde la acci\u00f3n ciudadana<\/i>\u00ab.\u00a0<span class=\"v1gmail-Apple-converted-space\">\u00a0<\/span>En 2022 se public\u00f3 el documento \u00ab<a href=\"https:\/\/www.goreaysen.cl\/controls\/neochannels\/neo_ch323\/appinstances\/media1573\/6__Crisis_Climatica_en_Aysen.pdf\" target=\"_blank\" rel=\"noopener noreferrer\">Crisis Clima\u0301tica en Ayse\u0301n: Desaf\u00edos y propuestas desde la ciudadan\u00eda y la academia<\/a>\u00ab.<\/p>\n<p class=\"v1MsoNormal\" style=\"text-align: justify;\">En paralelo, CODESA integra el Comit\u00e9 Regional para el Cambio Clim\u00e1tico, como una forma de incidir en los procesos desde la institucionalidad.<\/p>\n<p class=\"v1MsoNormal\" style=\"text-align: justify;\">Durante este a\u00f1o,<span class=\"v1gmail-Apple-converted-space\">\u00a0<\/span><span lang=\"ES-TRAD\">en alianza con la Red de Defensa y Protecci\u00f3n de la Patagonia-Ays\u00e9n,<span class=\"v1gmail-Apple-converted-space\">\u00a0<\/span><\/span>se levant\u00f3 informaci\u00f3n para incidir en el Plan de Acci\u00f3n Regional y los Planes de Acci\u00f3n Comunal de Cambio Clim\u00e1tico (cuyo plazo para presentar observaciones vence este jueves 21 de noviembre), en una primera etapa incorporando documentaci\u00f3n relacionada con los desaf\u00edos territoriales socioambientales y su nexo con la crisis clim\u00e1tica.\u00a0<span class=\"v1gmail-Apple-converted-space\">\u00a0<\/span>En agosto se desarroll\u00f3 el encuentro \u00ab<a href=\"https:\/\/www.adprensa.cl\/cronica\/crisis-climatica-convocan-a-encuentro-de-autoformacion-e-incidencia-ciudadana\/\" target=\"_blank\" rel=\"noopener noreferrer\"><i>Crisis Clim\u00e1tica en Ays\u00e9n: Accionando desde los Territorios<\/i><\/a>\u00bb que congreg\u00f3, en dependencias de la Universidad de Ays\u00e9n en Coyhaique, a m\u00e1s de medio centenar de dirigentes y personas interesadas de ocho de las 10 comunas de la regi\u00f3n de Ays\u00e9n.\u00a0 Y en noviembre se realiz\u00f3 el taller de formaci\u00f3n ciudadana online: \u00ab<i><a href=\"https:\/\/www.diariosostenible.cl\/noticia\/actualidad\/2024\/10\/convocan-a-taller-para-presentar-observaciones-al-plan-de-accion-regional-de-cambio-climatico\" target=\"_blank\" rel=\"noopener noreferrer\">Presentaci\u00f3n de Observaciones Anteproyecto Plan de Acci\u00f3n Regional de\u00a0<span class=\"v1gmail-Apple-converted-space\">\u00a0<\/span>Cambio Clim\u00e1tico<\/a><\/i>\u00bb dirigido a socializar el proceso de consulta ciudadana, explicar el funcionamiento de la plataforma del Ministerio del Medio Ambiente para subir observaciones y crear aportes efectivos enfocados en soluciones basadas en la naturaleza, co-beneficios y gesti\u00f3n de riesgos de desastre.<\/p>\n<\/div><\/section><\/div><div  style='height:50px' class='hr hr-invisible   avia-builder-el-6  el_after_av_one_full  el_before_av_social_share '><span class='hr-inner ' ><span class='hr-inner-style'><\/span><\/span><\/div><\/p>\n<div  class='av-social-sharing-box  avia-builder-el-7  el_after_av_hr  el_before_av_hr  '><div class='av-share-box'><h5 class='av-share-link-description av-no-toc '>Compartir esta noticia<\/h5><ul class='av-share-box-list noLightbox'><li class='av-share-link av-social-link-facebook' ><a target=\"_blank\" aria-label=\"Compartir en Facebook\" href='https:\/\/www.facebook.com\/sharer.php?u=https:\/\/radiorevelacionfm.cl\/?p=48133&#038;t=CODESA%20asiste%20a%20COP%2029%20en%20Azerbaiy%C3%A1n%20fortaleciendo%20alianzas%20para%20enfrentar%20crisis%20clim%C3%A1tica%20con%20soluciones%20basadas%20en%20la%20naturaleza' aria-hidden='false' data-av_icon='\ue8f3' data-av_iconfont='entypo-fontello' title='' data-avia-related-tooltip='Compartir en Facebook' rel=\"noopener\"><span class='avia_hidden_link_text'>Compartir en Facebook<\/span><\/a><\/li><li class='av-share-link av-social-link-twitter' ><a target=\"_blank\" aria-label=\"Compartir en Twitter\" href='https:\/\/twitter.com\/share?text=CODESA%20asiste%20a%20COP%2029%20en%20Azerbaiy%C3%A1n%20fortaleciendo%20alianzas%20para%20enfrentar%20crisis%20clim%C3%A1tica%20con%20soluciones%20basadas%20en%20la%20naturaleza&#038;url=https:\/\/radiorevelacionfm.cl\/?p=48133' aria-hidden='false' data-av_icon='\ue8f1' data-av_iconfont='entypo-fontello' title='' data-avia-related-tooltip='Compartir en Twitter' rel=\"noopener\"><span class='avia_hidden_link_text'>Compartir en Twitter<\/span><\/a><\/li><li class='av-share-link av-social-link-whatsapp' ><a target=\"_blank\" aria-label=\"Compartir en Whatsapp\" href='https:\/\/api.whatsapp.com\/send?text=https:\/\/radiorevelacionfm.cl\/?p=48133' aria-hidden='false' data-av_icon='\uf232' data-av_iconfont='entypo-fontello' title='' data-avia-related-tooltip='Compartir en Whatsapp' rel=\"noopener\"><span class='avia_hidden_link_text'>Compartir en Whatsapp<\/span><\/a><\/li><li class='av-share-link av-social-link-linkedin' ><a target=\"_blank\" aria-label=\"Compartir en LinkedIn\" href='https:\/\/linkedin.com\/shareArticle?mini=true&#038;title=CODESA%20asiste%20a%20COP%2029%20en%20Azerbaiy%C3%A1n%20fortaleciendo%20alianzas%20para%20enfrentar%20crisis%20clim%C3%A1tica%20con%20soluciones%20basadas%20en%20la%20naturaleza&#038;url=https:\/\/radiorevelacionfm.cl\/?p=48133' aria-hidden='false' data-av_icon='\ue8fc' data-av_iconfont='entypo-fontello' title='' data-avia-related-tooltip='Compartir en LinkedIn' rel=\"noopener\"><span class='avia_hidden_link_text'>Compartir en LinkedIn<\/span><\/a><\/li><li class='av-share-link av-social-link-mail' ><a  aria-label=\"Compartir por correo\" href='mailto:?subject=CODESA%20asiste%20a%20COP%2029%20en%20Azerbaiy%C3%A1n%20fortaleciendo%20alianzas%20para%20enfrentar%20crisis%20clim%C3%A1tica%20con%20soluciones%20basadas%20en%20la%20naturaleza&#038;body=https:\/\/radiorevelacionfm.cl\/?p=48133' aria-hidden='false' data-av_icon='\ue805' data-av_iconfont='entypo-fontello' title='' data-avia-related-tooltip='Compartir por correo'><span class='avia_hidden_link_text'>Compartir por correo<\/span><\/a><\/li><\/ul><\/div><\/div>\n<div  style='height:50px' class='hr hr-invisible   avia-builder-el-8  el_after_av_social_share  el_before_av_comments_list '><span class='hr-inner ' ><span class='hr-inner-style'><\/span><\/span><\/div>\n<div  class='av-buildercomment  av-blog-meta-html-info-disabled av-blog-meta-tag-disabled  '><\/div>\n","protected":false},"excerpt":{"rendered":"","protected":false},"author":1,"featured_media":48134,"comment_status":"open","ping_status":"open","sticky":false,"template":"","format":"standard","meta":{"footnotes":""},"categories":[38],"tags":[],"class_list":["post-48133","post","type-post","status-publish","format-standard","has-post-thumbnail","hentry","category-regional"],"jetpack_featured_media_url":"https:\/\/radiorevelacionfm.cl\/wp-content\/uploads\/2024\/11\/20241120_153327-2-2.jpg","_links":{"self":[{"href":"https:\/\/radiorevelacionfm.cl\/index.php?rest_route=\/wp\/v2\/posts\/48133","targetHints":{"allow":["GET"]}}],"collection":[{"href":"https:\/\/radiorevelacionfm.cl\/index.php?rest_route=\/wp\/v2\/posts"}],"about":[{"href":"https:\/\/radiorevelacionfm.cl\/index.php?rest_route=\/wp\/v2\/types\/post"}],"author":[{"embeddable":true,"href":"https:\/\/radiorevelacionfm.cl\/index.php?rest_route=\/wp\/v2\/users\/1"}],"replies":[{"embeddable":true,"href":"https:\/\/radiorevelacionfm.cl\/index.php?rest_route=%2Fwp%2Fv2%2Fcomments&post=48133"}],"version-history":[{"count":1,"href":"https:\/\/radiorevelacionfm.cl\/index.php?rest_route=\/wp\/v2\/posts\/48133\/revisions"}],"predecessor-version":[{"id":48135,"href":"https:\/\/radiorevelacionfm.cl\/index.php?rest_route=\/wp\/v2\/posts\/48133\/revisions\/48135"}],"wp:featuredmedia":[{"embeddable":true,"href":"https:\/\/radiorevelacionfm.cl\/index.php?rest_route=\/wp\/v2\/media\/48134"}],"wp:attachment":[{"href":"https:\/\/radiorevelacionfm.cl\/index.php?rest_route=%2Fwp%2Fv2%2Fmedia&parent=48133"}],"wp:term":[{"taxonomy":"category","embeddable":true,"href":"https:\/\/radiorevelacionfm.cl\/index.php?rest_route=%2Fwp%2Fv2%2Fcategories&post=48133"},{"taxonomy":"post_tag","embeddable":true,"href":"https:\/\/radiorevelacionfm.cl\/index.php?rest_route=%2Fwp%2Fv2%2Ftags&post=48133"}],"curies":[{"name":"wp","href":"https:\/\/api.w.org\/{rel}","templated":true}]}}