{"id":4813,"date":"2021-06-02T14:37:34","date_gmt":"2021-06-02T17:37:34","guid":{"rendered":"https:\/\/radiorevelacionfm.cl\/?p=4813"},"modified":"2021-06-02T14:37:34","modified_gmt":"2021-06-02T17:37:34","slug":"partido-radical-levanta-precandidatura-parlamentaria-de-karina-acevedo-en-coyhaique","status":"publish","type":"post","link":"https:\/\/radiorevelacionfm.cl\/?p=4813","title":{"rendered":"Partido Radical levanta precandidatura parlamentaria de Karina Acevedo en Coyhaique"},"content":{"rendered":"<div class=\"flex_column av_one_full  flex_column_div av-zero-column-padding first  avia-builder-el-0  el_before_av_one_full  avia-builder-el-first  \" style='border-radius:0px; '><div  class='avia-image-container  av-styling-    avia-builder-el-1  avia-builder-el-no-sibling  avia-align-center '  itemprop=\"image\" itemscope=\"itemscope\" itemtype=\"https:\/\/schema.org\/ImageObject\"  ><div class='avia-image-container-inner'><div class='avia-image-overlay-wrap'><img decoding=\"async\" class='wp-image-4816 avia-img-lazy-loading-not-4816 avia_image' src=\"https:\/\/radiorevelacionfm.cl\/wp-content\/uploads\/2021\/06\/Karina-Acevedo-PR.jpg\" alt='' title='Karina-Acevedo-PR' height=\"600\" width=\"1100\"  itemprop=\"thumbnailUrl\" srcset=\"https:\/\/radiorevelacionfm.cl\/wp-content\/uploads\/2021\/06\/Karina-Acevedo-PR.jpg 1100w, https:\/\/radiorevelacionfm.cl\/wp-content\/uploads\/2021\/06\/Karina-Acevedo-PR-300x164.jpg 300w, https:\/\/radiorevelacionfm.cl\/wp-content\/uploads\/2021\/06\/Karina-Acevedo-PR-1030x562.jpg 1030w, https:\/\/radiorevelacionfm.cl\/wp-content\/uploads\/2021\/06\/Karina-Acevedo-PR-768x419.jpg 768w, https:\/\/radiorevelacionfm.cl\/wp-content\/uploads\/2021\/06\/Karina-Acevedo-PR-705x385.jpg 705w, https:\/\/radiorevelacionfm.cl\/wp-content\/uploads\/2021\/06\/Karina-Acevedo-PR-600x327.jpg 600w\" sizes=\"(max-width: 1100px) 100vw, 1100px\" \/><\/div><\/div><\/div><\/div><div class=\"flex_column av_one_full  flex_column_div av-zero-column-padding first  avia-builder-el-2  el_after_av_one_full  el_before_av_one_full  column-top-margin\" style='border-radius:0px; '><section class=\"av_textblock_section \"  itemscope=\"itemscope\" itemtype=\"https:\/\/schema.org\/BlogPosting\" itemprop=\"blogPost\" ><div class='avia_textblock  '   itemprop=\"text\" ><p style=\"text-align: center;\"><strong><span style=\"font-size: 18pt;\">Partido Radical levanta precandidatura parlamentaria de Karina Acevedo en Coyhaique<\/span><\/strong><\/p>\n<div id=\"gtx-trans\" style=\"position: absolute; left: -50px; top: 4.31534px;\">\n<div class=\"gtx-trans-icon\"><\/div>\n<\/div>\n<\/div><\/section><\/div><div class=\"flex_column av_one_full  flex_column_div av-zero-column-padding first  avia-builder-el-4  el_after_av_one_full  el_before_av_hr  column-top-margin\" style='border-radius:0px; '><section class=\"av_textblock_section \"  itemscope=\"itemscope\" itemtype=\"https:\/\/schema.org\/BlogPosting\" itemprop=\"blogPost\" ><div class='avia_textblock  '   itemprop=\"text\" ><p style=\"text-align: justify;\">Durante la tarde de ayer martes y a trav\u00e9s de una asamblea virtual, militantes del Partido Radical (PR) Coyhaique anunciaron la precandidatura al parlamento de la\u00a0 militante Karina Acevedo Auad, en dicha oportunidad adem\u00e1s se analizaron los resultados en la \u00faltima elecci\u00f3n municipal a nivel regional y la proyecci\u00f3n del panorama electoral para el segundo semestre de este 2021, un contexto que permitir\u00eda que la reconocida militante y dirigente radical llegue a la c\u00e1mara de diputados representando una candidatura regionalista, con perspectiva de g\u00e9nero y de oposici\u00f3n.<\/p>\n<p style=\"text-align: justify;\">Isabel Bero\u00edsa Henriquez, coordinadora regional de G\u00e9nero del Partido Radical, se\u00f1ala \u201chay un grupo relevante de militantes, hombres y mujeres, as\u00ed como simpatizantes del radicalismo e independientes, que conf\u00edan en que la correligionaria Karina Acevedo Auad, nos podr\u00e1 representar adecuadamente en las pr\u00f3ximas elecciones parlamentarias. Por otro lado, hoy es tiempo de relevar a las mujeres y el partido radical est\u00e1 al debe en cuanto a la representatividad de nuestro g\u00e9nero en candidaturas a diversas instancias de elecci\u00f3n democr\u00e1tica, raz\u00f3n por la cual, desde la Vicepresidencia de la Mujer Nacional como en esta Regi\u00f3n, hemos instado a formar, capacitar e integrar a las mujeres en el quehacer pol\u00edtico y dirigencial; Esto no puede quedar s\u00f3lo en el discurso o una buena intenci\u00f3n, debe materializarse con nuestra mejores mujeres como candidatas y una real alternativa de representaci\u00f3n.\u201d<\/p>\n<p style=\"text-align: justify;\">Uno de los asistentes a la asamblea virtual de PR Coyhaique, fue Luis Mortecinos, quien fuera candidato a concejal en el \u00faltimo proceso eleccionario fue uno de los que apoyo esta precandidatura y destac\u00f3 las caracter\u00edstica de la militante radical. \u201cKarina Acevedo, una mujer que se ha formado en el Partido radical que ha trabajado por la Regi\u00f3n de Ays\u00e9n y que conoce sus necesidades. Por eso yo doy mi apoyo a la correligionaria Acevedo\u00a0 para que sea candidata a diputada y s\u00e9 que es una mujer que har\u00e1 un buen trabajo en la C\u00e1mara de Diputados represent\u00e1ndonos\u201d.<\/p>\n<p style=\"text-align: justify;\">\u201cKarina es un referente del radicalismo en la regi\u00f3n, y hoy le hemos solicitado a trav\u00e9s de la asamblea comunal Coyhaique llevarla como candidata, ya que conoce la realidad regional de Ays\u00e9n, y tiene la experiencia que le permite reconocer las necesidades y requerimientos de esta regi\u00f3n. Adem\u00e1s, urge en nuestro partido, dar protagonismo a las mujeres en una campa\u00f1a. Por eso, tenemos que apoyar a una mujer radical, que representa una propuesta seria y consecuente con nuestros principios radicales\u201d, finaliz\u00f3 Isabel Bero\u00edsa, coordinadora regional de G\u00e9nero del Partido Radical en Ays\u00e9n.<\/p>\n<\/div><\/section><\/div><\/p>\n<div  style='height:50px' class='hr hr-invisible   avia-builder-el-6  el_after_av_one_full  el_before_av_social_share '><span class='hr-inner ' ><span class='hr-inner-style'><\/span><\/span><\/div>\n<div  class='av-social-sharing-box  avia-builder-el-7  el_after_av_hr  el_before_av_hr  '><div class='av-share-box'><h5 class='av-share-link-description av-no-toc '>Compartir esta noticia<\/h5><ul class='av-share-box-list noLightbox'><li class='av-share-link av-social-link-facebook' ><a target=\"_blank\" aria-label=\"Compartir en Facebook\" href='https:\/\/www.facebook.com\/sharer.php?u=https:\/\/radiorevelacionfm.cl\/?p=4813&#038;t=Partido%20Radical%20levanta%20precandidatura%20parlamentaria%20de%20Karina%20Acevedo%20en%20Coyhaique' aria-hidden='false' data-av_icon='\ue8f3' data-av_iconfont='entypo-fontello' title='' data-avia-related-tooltip='Compartir en Facebook' rel=\"noopener\"><span class='avia_hidden_link_text'>Compartir en Facebook<\/span><\/a><\/li><li class='av-share-link av-social-link-twitter' ><a target=\"_blank\" aria-label=\"Compartir en Twitter\" href='https:\/\/twitter.com\/share?text=Partido%20Radical%20levanta%20precandidatura%20parlamentaria%20de%20Karina%20Acevedo%20en%20Coyhaique&#038;url=https:\/\/radiorevelacionfm.cl\/?p=4813' aria-hidden='false' data-av_icon='\ue8f1' data-av_iconfont='entypo-fontello' title='' data-avia-related-tooltip='Compartir en Twitter' rel=\"noopener\"><span class='avia_hidden_link_text'>Compartir en Twitter<\/span><\/a><\/li><li class='av-share-link av-social-link-whatsapp' ><a target=\"_blank\" aria-label=\"Compartir en Whatsapp\" href='https:\/\/api.whatsapp.com\/send?text=https:\/\/radiorevelacionfm.cl\/?p=4813' aria-hidden='false' data-av_icon='\uf232' data-av_iconfont='entypo-fontello' title='' data-avia-related-tooltip='Compartir en Whatsapp' rel=\"noopener\"><span class='avia_hidden_link_text'>Compartir en Whatsapp<\/span><\/a><\/li><li class='av-share-link av-social-link-linkedin' ><a target=\"_blank\" aria-label=\"Compartir en LinkedIn\" href='https:\/\/linkedin.com\/shareArticle?mini=true&#038;title=Partido%20Radical%20levanta%20precandidatura%20parlamentaria%20de%20Karina%20Acevedo%20en%20Coyhaique&#038;url=https:\/\/radiorevelacionfm.cl\/?p=4813' aria-hidden='false' data-av_icon='\ue8fc' data-av_iconfont='entypo-fontello' title='' data-avia-related-tooltip='Compartir en LinkedIn' rel=\"noopener\"><span class='avia_hidden_link_text'>Compartir en LinkedIn<\/span><\/a><\/li><li class='av-share-link av-social-link-mail' ><a  aria-label=\"Compartir por correo\" href='mailto:?subject=Partido%20Radical%20levanta%20precandidatura%20parlamentaria%20de%20Karina%20Acevedo%20en%20Coyhaique&#038;body=https:\/\/radiorevelacionfm.cl\/?p=4813' aria-hidden='false' data-av_icon='\ue805' data-av_iconfont='entypo-fontello' title='' data-avia-related-tooltip='Compartir por correo'><span class='avia_hidden_link_text'>Compartir por correo<\/span><\/a><\/li><\/ul><\/div><\/div>\n<div  style='height:50px' class='hr hr-invisible   avia-builder-el-8  el_after_av_social_share  el_before_av_comments_list '><span class='hr-inner ' ><span class='hr-inner-style'><\/span><\/span><\/div>\n<div  class='av-buildercomment  av-blog-meta-html-info-disabled av-blog-meta-tag-disabled  '><\/div>\n","protected":false},"excerpt":{"rendered":"","protected":false},"author":1,"featured_media":4816,"comment_status":"open","ping_status":"open","sticky":false,"template":"","format":"standard","meta":{"footnotes":""},"categories":[35],"tags":[],"class_list":["post-4813","post","type-post","status-publish","format-standard","has-post-thumbnail","hentry","category-politica"],"jetpack_featured_media_url":"https:\/\/radiorevelacionfm.cl\/wp-content\/uploads\/2021\/06\/Karina-Acevedo-PR.jpg","_links":{"self":[{"href":"https:\/\/radiorevelacionfm.cl\/index.php?rest_route=\/wp\/v2\/posts\/4813","targetHints":{"allow":["GET"]}}],"collection":[{"href":"https:\/\/radiorevelacionfm.cl\/index.php?rest_route=\/wp\/v2\/posts"}],"about":[{"href":"https:\/\/radiorevelacionfm.cl\/index.php?rest_route=\/wp\/v2\/types\/post"}],"author":[{"embeddable":true,"href":"https:\/\/radiorevelacionfm.cl\/index.php?rest_route=\/wp\/v2\/users\/1"}],"replies":[{"embeddable":true,"href":"https:\/\/radiorevelacionfm.cl\/index.php?rest_route=%2Fwp%2Fv2%2Fcomments&post=4813"}],"version-history":[{"count":2,"href":"https:\/\/radiorevelacionfm.cl\/index.php?rest_route=\/wp\/v2\/posts\/4813\/revisions"}],"predecessor-version":[{"id":4817,"href":"https:\/\/radiorevelacionfm.cl\/index.php?rest_route=\/wp\/v2\/posts\/4813\/revisions\/4817"}],"wp:featuredmedia":[{"embeddable":true,"href":"https:\/\/radiorevelacionfm.cl\/index.php?rest_route=\/wp\/v2\/media\/4816"}],"wp:attachment":[{"href":"https:\/\/radiorevelacionfm.cl\/index.php?rest_route=%2Fwp%2Fv2%2Fmedia&parent=4813"}],"wp:term":[{"taxonomy":"category","embeddable":true,"href":"https:\/\/radiorevelacionfm.cl\/index.php?rest_route=%2Fwp%2Fv2%2Fcategories&post=4813"},{"taxonomy":"post_tag","embeddable":true,"href":"https:\/\/radiorevelacionfm.cl\/index.php?rest_route=%2Fwp%2Fv2%2Ftags&post=4813"}],"curies":[{"name":"wp","href":"https:\/\/api.w.org\/{rel}","templated":true}]}}