{"id":48125,"date":"2024-11-20T19:04:44","date_gmt":"2024-11-20T22:04:44","guid":{"rendered":"https:\/\/radiorevelacionfm.cl\/?p=48125"},"modified":"2024-11-20T19:04:44","modified_gmt":"2024-11-20T22:04:44","slug":"avanza-proyecto-de-electrificacion-para-raul-marin-balmaceda-se-proyecta-iniciar-operaciones-a-fines-de-2026","status":"publish","type":"post","link":"https:\/\/radiorevelacionfm.cl\/?p=48125","title":{"rendered":"Avanza proyecto de electrificaci\u00f3n para Ra\u00fal Mar\u00edn Balmaceda, se proyecta iniciar operaciones a fines de 2026"},"content":{"rendered":"<div class=\"flex_column av_one_full  flex_column_div av-zero-column-padding first  avia-builder-el-0  el_before_av_one_full  avia-builder-el-first  \" style='border-radius:0px; '><div  class='avia-image-container  av-styling-    avia-builder-el-1  avia-builder-el-no-sibling  avia-align-center '  itemprop=\"image\" itemscope=\"itemscope\" itemtype=\"https:\/\/schema.org\/ImageObject\"  ><div class='avia-image-container-inner'><div class='avia-image-overlay-wrap'><img decoding=\"async\" class='wp-image-48126 avia-img-lazy-loading-not-48126 avia_image' src=\"https:\/\/radiorevelacionfm.cl\/wp-content\/uploads\/2024\/11\/reunion-raul-marin-balmaceda0-2-2_optimized.jpeg\" alt='' title='reuni\u00f3n-ra\u00fal-mar\u00edn-balmaceda0-2-2_optimized' height=\"600\" width=\"1143\"  itemprop=\"thumbnailUrl\" srcset=\"https:\/\/radiorevelacionfm.cl\/wp-content\/uploads\/2024\/11\/reunion-raul-marin-balmaceda0-2-2_optimized.jpeg 1143w, https:\/\/radiorevelacionfm.cl\/wp-content\/uploads\/2024\/11\/reunion-raul-marin-balmaceda0-2-2_optimized-300x157.jpeg 300w, https:\/\/radiorevelacionfm.cl\/wp-content\/uploads\/2024\/11\/reunion-raul-marin-balmaceda0-2-2_optimized-1030x541.jpeg 1030w, https:\/\/radiorevelacionfm.cl\/wp-content\/uploads\/2024\/11\/reunion-raul-marin-balmaceda0-2-2_optimized-768x403.jpeg 768w, https:\/\/radiorevelacionfm.cl\/wp-content\/uploads\/2024\/11\/reunion-raul-marin-balmaceda0-2-2_optimized-705x370.jpeg 705w, https:\/\/radiorevelacionfm.cl\/wp-content\/uploads\/2024\/11\/reunion-raul-marin-balmaceda0-2-2_optimized-450x236.jpeg 450w, https:\/\/radiorevelacionfm.cl\/wp-content\/uploads\/2024\/11\/reunion-raul-marin-balmaceda0-2-2_optimized-600x315.jpeg 600w\" sizes=\"(max-width: 1143px) 100vw, 1143px\" \/><\/div><\/div><\/div><\/div><div class=\"flex_column av_one_full  flex_column_div av-zero-column-padding first  avia-builder-el-2  el_after_av_one_full  el_before_av_one_full  column-top-margin\" style='border-radius:0px; '><section class=\"av_textblock_section \"  itemscope=\"itemscope\" itemtype=\"https:\/\/schema.org\/BlogPosting\" itemprop=\"blogPost\" ><div class='avia_textblock  '   itemprop=\"text\" ><p style=\"text-align: center;\"><strong><span style=\"font-size: 18pt;\">Avanza proyecto de electrificaci\u00f3n para Ra\u00fal Mar\u00edn Balmaceda, se proyecta iniciar operaciones a fines de 2026<\/span><\/strong><\/p>\n<div id=\"gtx-trans\" style=\"position: absolute; left: -50px; top: 4.31534px;\">\n<div class=\"gtx-trans-icon\"><\/div>\n<\/div>\n<\/div><\/section><\/div><div class=\"flex_column av_one_full  flex_column_div av-zero-column-padding first  avia-builder-el-4  el_after_av_one_full  el_before_av_hr  column-top-margin\" style='border-radius:0px; '><section class=\"av_textblock_section \"  itemscope=\"itemscope\" itemtype=\"https:\/\/schema.org\/BlogPosting\" itemprop=\"blogPost\" ><div class='avia_textblock  '   itemprop=\"text\" ><p style=\"text-align: justify;\"><em>Con un 40% de avance, la iniciativa ha\u00a0completado hitos claves que permitir\u00e1n llevar energ\u00eda segura y continua hasta el puerto. Desde la el\u00e9ctrica indicaron que \u00a0este proyecto, que comprende un tramo de 30 kil\u00f3metros, est\u00e1 casi finalizada luego de un arduo trabajo colaborativo.<\/em><\/p>\n<p style=\"text-align: justify;\">Ra\u00fal Mar\u00edn Balmaceda, uno de los puertos de entrada a la Regi\u00f3n de Ays\u00e9n, ha enfrentado hist\u00f3ricamente desaf\u00edos significativos en materia de suministro el\u00e9ctrico. La comunidad ha dependido de sistemas aislados y precarios, careciendo de energ\u00eda continua las 24 horas, lo que ha afectado su desarrollo y calidad de vida. Reconociendo la importancia estrat\u00e9gica de esta localidad, Edelaysen, empresa de generaci\u00f3n y distribuci\u00f3n el\u00e9ctrica de Grupo Saesa, decidi\u00f3 focalizar esfuerzos y recursos propios para conectar a Ra\u00fal Mar\u00edn Balmaceda al sistema mediano Palena mediante la extensi\u00f3n de la red el\u00e9ctrica desde La Junta, emprendiendo as\u00ed un proyecto de largo aliento que busca dotar de este suministro b\u00e1sico continuo para la zona.<\/p>\n<p style=\"text-align: justify;\">La iniciativa contempla, una inversi\u00f3n aproximada de 3.400 millones de pesos y la construcci\u00f3n de 72 kil\u00f3metros de l\u00edneas el\u00e9ctricas. El primer tramo se concret\u00f3, hace m\u00e1s de dos a\u00f1os y que se inici\u00f3 desde La Junta, abarc\u00f3 25 kil\u00f3metros de red el\u00e9ctrica, beneficiando a alrededor de 30 familias que ya cuentan con conexi\u00f3n el\u00e9ctrica estable. El segundo y tercer tramo est\u00e1n actualmente en desarrollo.<\/p>\n<p style=\"text-align: justify;\">Por su parte, Leonardo Mor\u00e1n, gerente zonal de Edelaysen destac\u00f3 que: \u201cDentro de los varios beneficios que tendr\u00e1 este proyecto, es que las familias tendr\u00e1n servicio continuo, de calidad y con condiciones reguladas. Tambi\u00e9n con acceso a energ\u00eda limpia, ya que Ra\u00fal Mar\u00edn se conectar\u00e1 al sistema mediano de Palena, cuya principal fuente de generaci\u00f3n es hidr\u00e1ulica desde la central Rio Azul. Adem\u00e1s, les permitir\u00e1 desarrollar sus emprendimientos y con ello mejorar su calidad de vida y\u00a0 el desarrollo productivo de la zona\u201d.<\/p>\n<p style=\"text-align: justify;\">Un componente clave del proyecto ser\u00e1 la normalizaci\u00f3n de las instalaciones el\u00e9ctricas de los hogares de Ra\u00fal Mar\u00edn Balmaceda, adem\u00e1s de la optimizaci\u00f3n de las redes de distribuci\u00f3n. Este esfuerzo, que involucra a diversos actores como el Municipio de Cisnes y el Gobierno Regional, ser\u00e1 coordinado por la Seremia de Energ\u00eda.\u00a0 Para hacer posible este emblem\u00e1tico proyecto para los vecinos de la localidad.<\/p>\n<p style=\"text-align: justify;\">A raz\u00f3n de ello, el Seremi de Energ\u00eda en Ays\u00e9n Tom\u00e1s Laibe destac\u00f3 que: \u201cEste proyecto refleja la importancia de la colaboraci\u00f3n entre la empresa privada, las instituciones p\u00fablicas y la comunidad, para lograr un acceso equitativo a un servicio b\u00e1sico de calidad. Sumar a Ra\u00fal Mar\u00edn Balmaceda al Sistema Mediano de Palena abre un enorme abanico de oportunidades para el desarrollo de esta localidad. Y seguiremos trabajando en reducir las brechas para la correcta implementaci\u00f3n de este proyecto en conjunto con todos los actores involucrados\u201d.<\/p>\n<p style=\"text-align: justify;\">Durante los \u00faltimos d\u00edas, autoridades y representantes de Edelaysen acordaron que el nuevo proceso de sociabilizaci\u00f3n para esta fase del proyecto comenzar\u00e1 en enero de 2025, antes del inicio de las obras preliminares. Este proceso busca, al igual que en el proceso anterior, potenciar la participaci\u00f3n de la comunidad y una implementaci\u00f3n eficiente del proyecto.<\/p>\n<p style=\"text-align: justify;\">Es importante destacar que los permisos requeridos representaban un desaf\u00edo significativo para los tiempos del proyecto. No obstante, gracias al trabajo conjunto del equipo de Grupo Saesa y de la Mesa t\u00e9cnica, se ha logrado avanzar con \u00e9xito en estos procesos. Esto ha permitido obtener las autorizaciones necesarias facilitando adem\u00e1s la planificaci\u00f3n del \u00a0proceso de socializaci\u00f3n con la comunidad.<\/p>\n<p style=\"text-align: justify;\">De esta manera, Edelaysen reitera su compromiso de trabajo en zonas extremas, de llevar energ\u00eda segura y confiable a Ra\u00fal Mar\u00edn Balmaceda, destacando los avances realizados y la colaboraci\u00f3n transversal con las autoridades para hacer de este proyecto una realidad.<\/p>\n<\/div><\/section><\/div><div  style='height:50px' class='hr hr-invisible   avia-builder-el-6  el_after_av_one_full  el_before_av_social_share '><span class='hr-inner ' ><span class='hr-inner-style'><\/span><\/span><\/div><\/p>\n<div  class='av-social-sharing-box  avia-builder-el-7  el_after_av_hr  el_before_av_hr  '><div class='av-share-box'><h5 class='av-share-link-description av-no-toc '>Compartir esta noticia<\/h5><ul class='av-share-box-list noLightbox'><li class='av-share-link av-social-link-facebook' ><a target=\"_blank\" aria-label=\"Compartir en Facebook\" href='https:\/\/www.facebook.com\/sharer.php?u=https:\/\/radiorevelacionfm.cl\/?p=48125&#038;t=Avanza%20proyecto%20de%20electrificaci%C3%B3n%20para%20Ra%C3%BAl%20Mar%C3%ADn%20Balmaceda%2C%20se%20proyecta%20iniciar%20operaciones%20a%20fines%20de%202026' aria-hidden='false' data-av_icon='\ue8f3' data-av_iconfont='entypo-fontello' title='' data-avia-related-tooltip='Compartir en Facebook' rel=\"noopener\"><span class='avia_hidden_link_text'>Compartir en Facebook<\/span><\/a><\/li><li class='av-share-link av-social-link-twitter' ><a target=\"_blank\" aria-label=\"Compartir en Twitter\" href='https:\/\/twitter.com\/share?text=Avanza%20proyecto%20de%20electrificaci%C3%B3n%20para%20Ra%C3%BAl%20Mar%C3%ADn%20Balmaceda%2C%20se%20proyecta%20iniciar%20operaciones%20a%20fines%20de%202026&#038;url=https:\/\/radiorevelacionfm.cl\/?p=48125' aria-hidden='false' data-av_icon='\ue8f1' data-av_iconfont='entypo-fontello' title='' data-avia-related-tooltip='Compartir en Twitter' rel=\"noopener\"><span class='avia_hidden_link_text'>Compartir en Twitter<\/span><\/a><\/li><li class='av-share-link av-social-link-whatsapp' ><a target=\"_blank\" aria-label=\"Compartir en Whatsapp\" href='https:\/\/api.whatsapp.com\/send?text=https:\/\/radiorevelacionfm.cl\/?p=48125' aria-hidden='false' data-av_icon='\uf232' data-av_iconfont='entypo-fontello' title='' data-avia-related-tooltip='Compartir en Whatsapp' rel=\"noopener\"><span class='avia_hidden_link_text'>Compartir en Whatsapp<\/span><\/a><\/li><li class='av-share-link av-social-link-linkedin' ><a target=\"_blank\" aria-label=\"Compartir en LinkedIn\" href='https:\/\/linkedin.com\/shareArticle?mini=true&#038;title=Avanza%20proyecto%20de%20electrificaci%C3%B3n%20para%20Ra%C3%BAl%20Mar%C3%ADn%20Balmaceda%2C%20se%20proyecta%20iniciar%20operaciones%20a%20fines%20de%202026&#038;url=https:\/\/radiorevelacionfm.cl\/?p=48125' aria-hidden='false' data-av_icon='\ue8fc' data-av_iconfont='entypo-fontello' title='' data-avia-related-tooltip='Compartir en LinkedIn' rel=\"noopener\"><span class='avia_hidden_link_text'>Compartir en LinkedIn<\/span><\/a><\/li><li class='av-share-link av-social-link-mail' ><a  aria-label=\"Compartir por correo\" href='mailto:?subject=Avanza%20proyecto%20de%20electrificaci%C3%B3n%20para%20Ra%C3%BAl%20Mar%C3%ADn%20Balmaceda%2C%20se%20proyecta%20iniciar%20operaciones%20a%20fines%20de%202026&#038;body=https:\/\/radiorevelacionfm.cl\/?p=48125' aria-hidden='false' data-av_icon='\ue805' data-av_iconfont='entypo-fontello' title='' data-avia-related-tooltip='Compartir por correo'><span class='avia_hidden_link_text'>Compartir por correo<\/span><\/a><\/li><\/ul><\/div><\/div>\n<div  style='height:50px' class='hr hr-invisible   avia-builder-el-8  el_after_av_social_share  el_before_av_comments_list '><span class='hr-inner ' ><span class='hr-inner-style'><\/span><\/span><\/div>\n<div  class='av-buildercomment  av-blog-meta-html-info-disabled av-blog-meta-tag-disabled  '><\/div>\n","protected":false},"excerpt":{"rendered":"","protected":false},"author":1,"featured_media":48126,"comment_status":"open","ping_status":"open","sticky":false,"template":"","format":"standard","meta":{"footnotes":""},"categories":[38],"tags":[],"class_list":["post-48125","post","type-post","status-publish","format-standard","has-post-thumbnail","hentry","category-regional"],"jetpack_featured_media_url":"https:\/\/radiorevelacionfm.cl\/wp-content\/uploads\/2024\/11\/reunion-raul-marin-balmaceda0-2-2_optimized.jpeg","_links":{"self":[{"href":"https:\/\/radiorevelacionfm.cl\/index.php?rest_route=\/wp\/v2\/posts\/48125","targetHints":{"allow":["GET"]}}],"collection":[{"href":"https:\/\/radiorevelacionfm.cl\/index.php?rest_route=\/wp\/v2\/posts"}],"about":[{"href":"https:\/\/radiorevelacionfm.cl\/index.php?rest_route=\/wp\/v2\/types\/post"}],"author":[{"embeddable":true,"href":"https:\/\/radiorevelacionfm.cl\/index.php?rest_route=\/wp\/v2\/users\/1"}],"replies":[{"embeddable":true,"href":"https:\/\/radiorevelacionfm.cl\/index.php?rest_route=%2Fwp%2Fv2%2Fcomments&post=48125"}],"version-history":[{"count":1,"href":"https:\/\/radiorevelacionfm.cl\/index.php?rest_route=\/wp\/v2\/posts\/48125\/revisions"}],"predecessor-version":[{"id":48127,"href":"https:\/\/radiorevelacionfm.cl\/index.php?rest_route=\/wp\/v2\/posts\/48125\/revisions\/48127"}],"wp:featuredmedia":[{"embeddable":true,"href":"https:\/\/radiorevelacionfm.cl\/index.php?rest_route=\/wp\/v2\/media\/48126"}],"wp:attachment":[{"href":"https:\/\/radiorevelacionfm.cl\/index.php?rest_route=%2Fwp%2Fv2%2Fmedia&parent=48125"}],"wp:term":[{"taxonomy":"category","embeddable":true,"href":"https:\/\/radiorevelacionfm.cl\/index.php?rest_route=%2Fwp%2Fv2%2Fcategories&post=48125"},{"taxonomy":"post_tag","embeddable":true,"href":"https:\/\/radiorevelacionfm.cl\/index.php?rest_route=%2Fwp%2Fv2%2Ftags&post=48125"}],"curies":[{"name":"wp","href":"https:\/\/api.w.org\/{rel}","templated":true}]}}