{"id":48122,"date":"2024-11-20T17:44:30","date_gmt":"2024-11-20T20:44:30","guid":{"rendered":"https:\/\/radiorevelacionfm.cl\/?p=48122"},"modified":"2024-11-20T17:44:30","modified_gmt":"2024-11-20T20:44:30","slug":"en-puerto-aysen-se-desarrollo-dialogo-por-nueva-ley-de-acuicultura","status":"publish","type":"post","link":"https:\/\/radiorevelacionfm.cl\/?p=48122","title":{"rendered":"En Puerto Ays\u00e9n se desarroll\u00f3 Di\u00e1logo por nueva Ley de Acuicultura"},"content":{"rendered":"<div class=\"flex_column av_one_full  flex_column_div av-zero-column-padding first  avia-builder-el-0  el_before_av_one_full  avia-builder-el-first  \" style='border-radius:0px; '><div  class='avia-image-container  av-styling-    avia-builder-el-1  avia-builder-el-no-sibling  avia-align-center '  itemprop=\"image\" itemscope=\"itemscope\" itemtype=\"https:\/\/schema.org\/ImageObject\"  ><div class='avia-image-container-inner'><div class='avia-image-overlay-wrap'><img decoding=\"async\" class='wp-image-48123 avia-img-lazy-loading-not-48123 avia_image' src=\"https:\/\/radiorevelacionfm.cl\/wp-content\/uploads\/2024\/11\/foto1-2-2_optimized-3.jpg\" alt='' title='foto1-2-2_optimized-3' height=\"600\" width=\"900\"  itemprop=\"thumbnailUrl\" srcset=\"https:\/\/radiorevelacionfm.cl\/wp-content\/uploads\/2024\/11\/foto1-2-2_optimized-3.jpg 900w, https:\/\/radiorevelacionfm.cl\/wp-content\/uploads\/2024\/11\/foto1-2-2_optimized-3-300x200.jpg 300w, https:\/\/radiorevelacionfm.cl\/wp-content\/uploads\/2024\/11\/foto1-2-2_optimized-3-768x512.jpg 768w, https:\/\/radiorevelacionfm.cl\/wp-content\/uploads\/2024\/11\/foto1-2-2_optimized-3-705x470.jpg 705w, https:\/\/radiorevelacionfm.cl\/wp-content\/uploads\/2024\/11\/foto1-2-2_optimized-3-450x300.jpg 450w, https:\/\/radiorevelacionfm.cl\/wp-content\/uploads\/2024\/11\/foto1-2-2_optimized-3-600x400.jpg 600w\" sizes=\"(max-width: 900px) 100vw, 900px\" \/><\/div><\/div><\/div><\/div><div class=\"flex_column av_one_full  flex_column_div av-zero-column-padding first  avia-builder-el-2  el_after_av_one_full  el_before_av_one_full  column-top-margin\" style='border-radius:0px; '><section class=\"av_textblock_section \"  itemscope=\"itemscope\" itemtype=\"https:\/\/schema.org\/BlogPosting\" itemprop=\"blogPost\" ><div class='avia_textblock  '   itemprop=\"text\" ><p style=\"text-align: center;\"><strong><span style=\"font-size: 18pt;\">En Puerto Ays\u00e9n se desarroll\u00f3 Di\u00e1logo por nueva Ley de Acuicultura<\/span><\/strong><\/p>\n<div id=\"gtx-trans\" style=\"position: absolute; left: -50px; top: 4.31534px;\">\n<div class=\"gtx-trans-icon\"><\/div>\n<\/div>\n<\/div><\/section><\/div><div class=\"flex_column av_one_full  flex_column_div av-zero-column-padding first  avia-builder-el-4  el_after_av_one_full  el_before_av_hr  column-top-margin\" style='border-radius:0px; '><section class=\"av_textblock_section \"  itemscope=\"itemscope\" itemtype=\"https:\/\/schema.org\/BlogPosting\" itemprop=\"blogPost\" ><div class='avia_textblock  '   itemprop=\"text\" ><p style=\"text-align: justify;\">Desde el Gobierno existe un gran inter\u00e9s por trabajar en una Ley General de Acuicultura que sea fruto de un debate abierto y transparente; que aborde y de respuesta a los desaf\u00edos que tiene el sector para las pr\u00f3ximas d\u00e9cadas y que contin\u00fae contribuyendo sustentablemente con la seguridad alimentaria nacional y mundial. En ese contexto se realiz\u00f3 en Puerto Ays\u00e9n un taller con diversos actores que interact\u00faan con la tem\u00e1tica, para abordar diversas materias referidas a la construcci\u00f3n de esta nueva Ley, que se est\u00e1 elaborando con las diversas miradas y opiniones, desde la industria, proveedores, sector p\u00fablico y comunidad en general.<\/p>\n<p style=\"text-align: justify;\">Esta instancia de participaci\u00f3n ciudadana que congreg\u00f3 a m\u00e1s de 80 personas en la ciudad de Puerto Ays\u00e9n, cont\u00f3 con la participaci\u00f3n de diversas autoridades regionales y se desarroll\u00f3 en un tono de absoluto respeto y transparencia. Es as\u00ed que, entendiendo la Subsecretar\u00eda de Pesca y Acuicultura, la importancia de la Regi\u00f3n de Ays\u00e9n y su litoral para el desarrollo de una acuicultura sustentable, dispuso la participaci\u00f3n del Vicente Andrade, Abogado, asesor legislativo, a cargo de la tramitaci\u00f3n de la nueva Ley de Pesca y Ley de Fraccionamiento, Valesca Montes, ingeniera pesquera, integrante del Gabinete del Subsecretario de Pesca, Mar\u00eda Constanza Silva, Jefa de la Divisi\u00f3n de Acuicultura de Subpesca, y Marisol \u00c1lvarez, profesional de la misma divisi\u00f3n.<\/p>\n<p style=\"text-align: justify;\">El Delegado Presidencial Regional, Jorge D\u00edaz Guzm\u00e1n estuvo presente en este importante hito participativo y destac\u00f3 la gravitancia de este di\u00e1logo: <em>\u00abCuando se inicia un proceso legislativo, en este caso pre-legislativo, porque no existe Ley General de Acuicultura, ya que actualmente est\u00e1 fusionado con el tema pesquero y por eso existe la Ley de Pesca y Acuicultura, nuestro Gobierno determin\u00f3 tener una ley propia para la actividad. Esto es un hecho muy importante para nuestra regi\u00f3n, ya que la acuicultura representa casi un tercio del PIB regional, por lo tanto, lo que se realiz\u00f3 en esta actividad fue iniciar el proceso de di\u00e1logo con todos los actores involucrados; gremios de la industria del salm\u00f3n, prestadores de servicios y pescadores artesanales, porque la acuicultura en nuestra regi\u00f3n posee ciertas particularidades respecto a la que se realiza en regiones vecinas y, por lo tanto, esas particularidades tienen que estar en este cuerpo legal que va a enviar el Presidente de la Rep\u00fablica, en el transcurso del pr\u00f3ximo a\u00f1o al Congreso para que empiece la discusi\u00f3n y tener una Ley de Acuicultura para el pa\u00eds\u201d. <\/em>Enfatiz\u00f3 la autoridad regional.<\/p>\n<p style=\"text-align: justify;\">Por su parte, el Seremi de Econom\u00eda Felipe Rojas, subray\u00f3 la importancia de la actividad acu\u00edcola para nuestra regi\u00f3n \u00a0y en especial, el di\u00e1logo desarrollado <em>\u201cComo gobierno, sabemos la importancia de la actividad acu\u00edcola en relaci\u00f3n a su impacto para el desarrollo econ\u00f3mico regional, como as\u00ed tambi\u00e9n los impactos que esta genera en diversos sectores productivos del litoral, por tanto es altamente positivo para la reactivaci\u00f3n econ\u00f3mica, hitos como este, junto a la proyecci\u00f3n de largo plazo de la actividad. El resultado de este di\u00e1logo inicial nos deja conformes, en el contexto de la importancia de la construcci\u00f3n colectiva de una ley tan importante como esta. Reunir en torno a la misma tem\u00e1tica a diversos actores para que interact\u00faen entre s\u00ed y propongan sus ideas, nos parece del todo relevante\u201d.<\/em><\/p>\n<p style=\"text-align: justify;\">El taller sirvi\u00f3 para que los actores del litoral de Ays\u00e9n puedan conocer la modalidad mediante la cual se levantar\u00e1n las propuestas para esta nueva normativa, la cual buscar generar un cuerpo legal org\u00e1nico y coherente, considerando que la reglamentaci\u00f3n existente se encuentra sumamente fragmentada en la Ley General de Pesca N\u00b018.892, decretos y reglamentos, lo que dificulta una comprensi\u00f3n acabada de la regulaci\u00f3n sectorial.<\/p>\n<p style=\"text-align: justify;\">Hern\u00e1n Rebolledo, Presidente de la Corporaci\u00f3n de Desarrollo Productivo Litoral de Ays\u00e9n, relev\u00f3 tambi\u00e9n la importancia del di\u00e1logo llevado a cabo: <em>\u201cPrimero, valorar el espacio de conversaci\u00f3n transversal en torno a la acuicultura de la Regi\u00f3n de Ays\u00e9n. Para nosotros en el sur de Chile, la acuicultura intensiva es una de las actividades m\u00e1s importantes que se desarrollan y motor econ\u00f3mico de la regi\u00f3n de manera directa e indirecta. Por ende, es muy importante que, sean los usuarios y actores quienes puedan hacer indicaciones con respecto al contenido de la nueva Ley. En este taller, se discuti\u00f3 largamente sobre dos temas que consideramos fundamentales; las confianzas entre los actores y si el tiempo era el indicado para iniciar este proceso. Tuvimos el espacio para entregar todas nuestras interrogantes a Subpesca. Para la Regi\u00f3n de Ays\u00e9n esta discusi\u00f3n es de gran importancia, ya que desde nuestra visi\u00f3n, la nueva Ley tiene que separar claramente la acuicultura intensiva, de la acuicultura de peque\u00f1a escala, pero sin dudas este fue un primer paso para conversar, donde quedaron muchas preguntas y es adem\u00e1s, un cap\u00edtulo abierto que esperamos continuar\u201d.<\/em><\/p>\n<p style=\"text-align: justify;\">Finalmente, luego de una larga jornada donde todos los actores tuvieron la posibilidad de comunicar directamente a la autoridad sus dudas, consultas y aprensiones con el proceso, y dando la autoridad respuestas claras en pos de la transparencia del proceso, concluy\u00f3 el taller de levantamiento de propuesta para una nueva Ley General de Acuicultura en la Regi\u00f3n de Ays\u00e9n, dejando abierta la posibilidad de continuar el di\u00e1logo para hacer cada vez m\u00e1s efectiva la participaci\u00f3n ciudadana en la elaboraci\u00f3n de esta nueva Ley de Acuicultura.<\/p>\n<\/div><\/section><\/div><div  style='height:50px' class='hr hr-invisible   avia-builder-el-6  el_after_av_one_full  el_before_av_social_share '><span class='hr-inner ' ><span class='hr-inner-style'><\/span><\/span><\/div><\/p>\n<div  class='av-social-sharing-box  avia-builder-el-7  el_after_av_hr  el_before_av_hr  '><div class='av-share-box'><h5 class='av-share-link-description av-no-toc '>Compartir esta noticia<\/h5><ul class='av-share-box-list noLightbox'><li class='av-share-link av-social-link-facebook' ><a target=\"_blank\" aria-label=\"Compartir en Facebook\" href='https:\/\/www.facebook.com\/sharer.php?u=https:\/\/radiorevelacionfm.cl\/?p=48122&#038;t=En%20Puerto%20Ays%C3%A9n%20se%20desarroll%C3%B3%20Di%C3%A1logo%20por%20nueva%20Ley%20de%20Acuicultura' aria-hidden='false' data-av_icon='\ue8f3' data-av_iconfont='entypo-fontello' title='' data-avia-related-tooltip='Compartir en Facebook' rel=\"noopener\"><span class='avia_hidden_link_text'>Compartir en Facebook<\/span><\/a><\/li><li class='av-share-link av-social-link-twitter' ><a target=\"_blank\" aria-label=\"Compartir en Twitter\" href='https:\/\/twitter.com\/share?text=En%20Puerto%20Ays%C3%A9n%20se%20desarroll%C3%B3%20Di%C3%A1logo%20por%20nueva%20Ley%20de%20Acuicultura&#038;url=https:\/\/radiorevelacionfm.cl\/?p=48122' aria-hidden='false' data-av_icon='\ue8f1' data-av_iconfont='entypo-fontello' title='' data-avia-related-tooltip='Compartir en Twitter' rel=\"noopener\"><span class='avia_hidden_link_text'>Compartir en Twitter<\/span><\/a><\/li><li class='av-share-link av-social-link-whatsapp' ><a target=\"_blank\" aria-label=\"Compartir en Whatsapp\" href='https:\/\/api.whatsapp.com\/send?text=https:\/\/radiorevelacionfm.cl\/?p=48122' aria-hidden='false' data-av_icon='\uf232' data-av_iconfont='entypo-fontello' title='' data-avia-related-tooltip='Compartir en Whatsapp' rel=\"noopener\"><span class='avia_hidden_link_text'>Compartir en Whatsapp<\/span><\/a><\/li><li class='av-share-link av-social-link-linkedin' ><a target=\"_blank\" aria-label=\"Compartir en LinkedIn\" href='https:\/\/linkedin.com\/shareArticle?mini=true&#038;title=En%20Puerto%20Ays%C3%A9n%20se%20desarroll%C3%B3%20Di%C3%A1logo%20por%20nueva%20Ley%20de%20Acuicultura&#038;url=https:\/\/radiorevelacionfm.cl\/?p=48122' aria-hidden='false' data-av_icon='\ue8fc' data-av_iconfont='entypo-fontello' title='' data-avia-related-tooltip='Compartir en LinkedIn' rel=\"noopener\"><span class='avia_hidden_link_text'>Compartir en LinkedIn<\/span><\/a><\/li><li class='av-share-link av-social-link-mail' ><a  aria-label=\"Compartir por correo\" href='mailto:?subject=En%20Puerto%20Ays%C3%A9n%20se%20desarroll%C3%B3%20Di%C3%A1logo%20por%20nueva%20Ley%20de%20Acuicultura&#038;body=https:\/\/radiorevelacionfm.cl\/?p=48122' aria-hidden='false' data-av_icon='\ue805' data-av_iconfont='entypo-fontello' title='' data-avia-related-tooltip='Compartir por correo'><span class='avia_hidden_link_text'>Compartir por correo<\/span><\/a><\/li><\/ul><\/div><\/div>\n<div  style='height:50px' class='hr hr-invisible   avia-builder-el-8  el_after_av_social_share  el_before_av_comments_list '><span class='hr-inner ' ><span class='hr-inner-style'><\/span><\/span><\/div>\n<div  class='av-buildercomment  av-blog-meta-html-info-disabled av-blog-meta-tag-disabled  '><\/div>\n","protected":false},"excerpt":{"rendered":"","protected":false},"author":1,"featured_media":48123,"comment_status":"open","ping_status":"open","sticky":false,"template":"","format":"standard","meta":{"footnotes":""},"categories":[60],"tags":[],"class_list":["post-48122","post","type-post","status-publish","format-standard","has-post-thumbnail","hentry","category-pesca"],"jetpack_featured_media_url":"https:\/\/radiorevelacionfm.cl\/wp-content\/uploads\/2024\/11\/foto1-2-2_optimized-3.jpg","_links":{"self":[{"href":"https:\/\/radiorevelacionfm.cl\/index.php?rest_route=\/wp\/v2\/posts\/48122","targetHints":{"allow":["GET"]}}],"collection":[{"href":"https:\/\/radiorevelacionfm.cl\/index.php?rest_route=\/wp\/v2\/posts"}],"about":[{"href":"https:\/\/radiorevelacionfm.cl\/index.php?rest_route=\/wp\/v2\/types\/post"}],"author":[{"embeddable":true,"href":"https:\/\/radiorevelacionfm.cl\/index.php?rest_route=\/wp\/v2\/users\/1"}],"replies":[{"embeddable":true,"href":"https:\/\/radiorevelacionfm.cl\/index.php?rest_route=%2Fwp%2Fv2%2Fcomments&post=48122"}],"version-history":[{"count":1,"href":"https:\/\/radiorevelacionfm.cl\/index.php?rest_route=\/wp\/v2\/posts\/48122\/revisions"}],"predecessor-version":[{"id":48124,"href":"https:\/\/radiorevelacionfm.cl\/index.php?rest_route=\/wp\/v2\/posts\/48122\/revisions\/48124"}],"wp:featuredmedia":[{"embeddable":true,"href":"https:\/\/radiorevelacionfm.cl\/index.php?rest_route=\/wp\/v2\/media\/48123"}],"wp:attachment":[{"href":"https:\/\/radiorevelacionfm.cl\/index.php?rest_route=%2Fwp%2Fv2%2Fmedia&parent=48122"}],"wp:term":[{"taxonomy":"category","embeddable":true,"href":"https:\/\/radiorevelacionfm.cl\/index.php?rest_route=%2Fwp%2Fv2%2Fcategories&post=48122"},{"taxonomy":"post_tag","embeddable":true,"href":"https:\/\/radiorevelacionfm.cl\/index.php?rest_route=%2Fwp%2Fv2%2Ftags&post=48122"}],"curies":[{"name":"wp","href":"https:\/\/api.w.org\/{rel}","templated":true}]}}