{"id":48119,"date":"2024-11-20T16:02:32","date_gmt":"2024-11-20T19:02:32","guid":{"rendered":"https:\/\/radiorevelacionfm.cl\/?p=48119"},"modified":"2024-11-20T16:02:32","modified_gmt":"2024-11-20T19:02:32","slug":"observatorio-laboral-de-aysen-desarrolla-primer-levantamiento-de-informacion-sobre-acuicultura-trabajo-y-brechas-de-genero","status":"publish","type":"post","link":"https:\/\/radiorevelacionfm.cl\/?p=48119","title":{"rendered":"Observatorio Laboral de Ays\u00e9n desarrolla primer levantamiento de informaci\u00f3n sobre acuicultura, trabajo y brechas de g\u00e9nero"},"content":{"rendered":"<div class=\"flex_column av_one_full  flex_column_div av-zero-column-padding first  avia-builder-el-0  el_before_av_one_full  avia-builder-el-first  \" style='border-radius:0px; '><div  class='avia-image-container  av-styling-    avia-builder-el-1  avia-builder-el-no-sibling  avia-align-center '  itemprop=\"image\" itemscope=\"itemscope\" itemtype=\"https:\/\/schema.org\/ImageObject\"  ><div class='avia-image-container-inner'><div class='avia-image-overlay-wrap'><img decoding=\"async\" class='wp-image-48120 avia-img-lazy-loading-not-48120 avia_image' src=\"https:\/\/radiorevelacionfm.cl\/wp-content\/uploads\/2024\/11\/conversatorio-2-2_optimized.jpeg\" alt='' title='conversatorio-2-2_optimized' height=\"600\" width=\"800\"  itemprop=\"thumbnailUrl\" srcset=\"https:\/\/radiorevelacionfm.cl\/wp-content\/uploads\/2024\/11\/conversatorio-2-2_optimized.jpeg 800w, https:\/\/radiorevelacionfm.cl\/wp-content\/uploads\/2024\/11\/conversatorio-2-2_optimized-300x225.jpeg 300w, https:\/\/radiorevelacionfm.cl\/wp-content\/uploads\/2024\/11\/conversatorio-2-2_optimized-768x576.jpeg 768w, https:\/\/radiorevelacionfm.cl\/wp-content\/uploads\/2024\/11\/conversatorio-2-2_optimized-705x529.jpeg 705w, https:\/\/radiorevelacionfm.cl\/wp-content\/uploads\/2024\/11\/conversatorio-2-2_optimized-450x338.jpeg 450w, https:\/\/radiorevelacionfm.cl\/wp-content\/uploads\/2024\/11\/conversatorio-2-2_optimized-600x450.jpeg 600w\" sizes=\"(max-width: 800px) 100vw, 800px\" \/><\/div><\/div><\/div><\/div><div class=\"flex_column av_one_full  flex_column_div av-zero-column-padding first  avia-builder-el-2  el_after_av_one_full  el_before_av_one_full  column-top-margin\" style='border-radius:0px; '><section class=\"av_textblock_section \"  itemscope=\"itemscope\" itemtype=\"https:\/\/schema.org\/BlogPosting\" itemprop=\"blogPost\" ><div class='avia_textblock  '   itemprop=\"text\" ><p style=\"text-align: center;\"><strong><span style=\"font-size: 18pt;\">Observatorio Laboral de Ays\u00e9n desarrolla primer levantamiento de informaci\u00f3n sobre acuicultura, trabajo y brechas de g\u00e9nero<\/span><\/strong><\/p>\n<div id=\"gtx-trans\" style=\"position: absolute; left: -50px; top: 4.31534px;\">\n<div class=\"gtx-trans-icon\"><\/div>\n<\/div>\n<\/div><\/section><\/div><div class=\"flex_column av_one_full  flex_column_div av-zero-column-padding first  avia-builder-el-4  el_after_av_one_full  el_before_av_hr  column-top-margin\" style='border-radius:0px; '><section class=\"av_textblock_section \"  itemscope=\"itemscope\" itemtype=\"https:\/\/schema.org\/BlogPosting\" itemprop=\"blogPost\" ><div class='avia_textblock  '   itemprop=\"text\" ><p style=\"text-align: justify;\"><em>A la actividad asistieron autoridades, gremios, representantes de las principales empresas acu\u00edcolas y sindicatos que ejecutan labores en nuestra regi\u00f3n.<\/em><\/p>\n<p style=\"text-align: justify;\">Satisfecho se mostr\u00f3 el equipo que compone el Observatorio Laboral Regional, OLR, luego de tener una alta convocatoria a su primer conversatorio sobre acuicultura y trabajo, lo que sin lugar a duda nutrir\u00e1 el estudio regional que est\u00e1 desarrollando, que es uno de los productos que deben elaborar junto al term\u00f3metro laboral y la toma de encuesta nacional ENADEL.<\/p>\n<p style=\"text-align: justify;\">Para el director del organismo, C\u00e9sar G\u00f3mez Berrocal, la jornada tuvo una buena participaci\u00f3n tanto de empresas, gremios, prestadores de servicios, sindicatos de trabajadores y tambi\u00e9n del sector p\u00fablico, representados por la Seremi del Trabajo y Previsi\u00f3n Social, Camila Covarrubias y su par de Econom\u00eda, Felipe Rojas, coordinador regional de ChileValora, Rodrigo Moreno y representantes de Sence y Sernapesca.<\/p>\n<p style=\"text-align: justify;\">\u201cSe pudo generar informaci\u00f3n s\u00faper importante para lo que es el estudio regional, en como Observatorio Laboral, por una parte, pretendemos a partir del an\u00e1lisis cuantitativo que estamos realizando con las distintas empresas del sector, poder complementar dicho an\u00e1lisis con estos talleres que son m\u00e1s bien establecidos desde el punto de vista cualitativo y con lo cual pretendemos generar un informe que va a estar disponible para la comunidad a finales de este a\u00f1o 2024\u201d.<\/p>\n<p style=\"text-align: justify;\">Lo destacable de este estudio es que permitir\u00e1 conocer las brechas de g\u00e9nero que existen en la acuicultura, precisamente en pisciculturas y centros de cultivo que operan en la regi\u00f3n y as\u00ed mismo lo cree la Seremi de Trabajo y Previsi\u00f3n Social, Camila Covarrubias Retamal quien, adem\u00e1s, destac\u00f3 la asistencia de diversos actores a la jornada.<\/p>\n<p style=\"text-align: justify;\">\u201cHoy d\u00eda se logr\u00f3 visualizar que ya existe un cambio en la industria respecto a la inserci\u00f3n de las mujeres en el campo laboral. Esto ha permitido que incluso ya est\u00e9n ocupando cargos de responsabilidad. Si bien hace 20, 30, 40 a\u00f1os atr\u00e1s hab\u00eda algunas dificultades que tienen que ver tambi\u00e9n con temas de los espacios que ocupaban hombres y mujeres dentro de, por ejemplo, los pontones de trabajo, hoy en d\u00eda esas dificultades ya se pudieron sortear y tambi\u00e9n cuando trabajan en tierra existen instancias, por ejemplo, de sala cuna, que permiten conciliar la vida familiar y laboral\u201d argument\u00f3 la autoridad laboral.<\/p>\n<p style=\"text-align: justify;\">Por su parte, el Seremi de Econom\u00eda, Felipe Rojas, se mostr\u00f3 complacido de haber participado en la jornada donde se unieron actores importantes para el crecimiento de la regi\u00f3n.<\/p>\n<p style=\"text-align: justify;\">\u201cParticipamos en una reuni\u00f3n tanto servicios p\u00fablicos como empresas privadas, sindicatos trabajadores y distintos gremios con el objetivo de fortalecer los sectores de la regi\u00f3n de Ays\u00e9n, sobre todo la importancia especialmente dedicada al mundo del trabajo en la regi\u00f3n\u201d.<\/p>\n<p style=\"text-align: justify;\">Siguiendo la misma l\u00ednea de la Seremi Camila Covarrubias, de c\u00f3mo la mujer ha logrado insertarse de mejor manera en la acuicultura, Abraham Abad Rivas, presidente del Sindicato de Trabajadores Mowi de Puerto Chacabuco, considera que es relevante tener estas instancias de di\u00e1logo que permiten reforzar la participaci\u00f3n femenina en la industria.<\/p>\n<p style=\"text-align: justify;\">\u201cEs muy valorable porque la idea es buscar que las futuras generaciones, en este caso nuestros hijos o hijas, puedan participar de esta industria y se puedan generar pol\u00edticas p\u00fablicas para ir mejorando, en este caso, la incorporaci\u00f3n de las mujeres a la rama de la acuicultura, que es una de las actividades m\u00e1s importantes de la regi\u00f3n, es la que desarrolla un gran porcentaje del PIB. Entonces, se agradece la invitaci\u00f3n y esperemos haber sacado algunas buenas conclusiones para que el Observatorio Laboral pueda tomar medidas a futuro y poder implementar buenas acciones para que estas se puedan cumplir\u201d coment\u00f3 el dirigente sindical.<\/p>\n<p style=\"text-align: justify;\">Entre los sindicatos participantes, adem\u00e1s de Mowi, estuvieron los representantes del sindicato Blumar.<\/p>\n<p style=\"text-align: justify;\">Es importante destacar que la jornada tuvo representantes de las empresas que operan en la regi\u00f3n como Mowi, Cooke AquaCulture, Australis y Blumar. Es de esta \u00faltima empresa donde su encargada de Asuntos P\u00fablicos y Comunidades Salmones, Carolina Vera, expres\u00f3 que estaba muy expectante por el conversatorio, sobre todo porque se est\u00e1n considerando pisciculturas y centros de cultivo, algo que no siempre se cuenta con exactitud en la industria.<\/p>\n<p style=\"text-align: justify;\">\u201cNos parece muy interesante que hayan tomado en consideraci\u00f3n el \u00e1rea acu\u00edcola y que no participan las plantas de proceso. Eso es muy importante porque vamos a saber con exactitud n\u00fameros m\u00e1s certeros de lo que hoy en d\u00eda es el trabajo acu\u00edcola y sumarle a eso que es el trabajo enfocado en la mano de obra femenina, y levantar todas estas brechas y todo este mito sobre el trabajo de la mujer y c\u00f3mo contribuimos y c\u00f3mo podemos pertenecer cada d\u00eda m\u00e1s mujeres a esta industria. As\u00ed que muy buen trabajo, espero haya buenos resultados y que todos trabajemos para que esto resulte\u201d.<\/p>\n<p style=\"text-align: justify;\">En la instancia, adem\u00e1s participaron representantes de los gremios Salm\u00f3n Chile, Consejo del Salm\u00f3n y Corpays\u00e9n.<\/p>\n<p style=\"text-align: justify;\">El Observatorio Laboral de Ays\u00e9n, es parte de la Estrategia Nacional de Prospecci\u00f3n Laboral, convenio firmado entre el Centro de Formaci\u00f3n T\u00e9cnica Estatal de Ays\u00e9n y la Subsecretaria del Trabajo, representada por la Seremi de Trabajo y Previsi\u00f3n Social. Para conocer m\u00e1s del trabajo del nuevo Observatorio Laboral Ays\u00e9n, pueden revisar sus redes sociales en Instagram como @olraysen, en X como @OLRAysen y su fanpage de Facebook: Observatorio Laboral Ays\u00e9n.<\/p>\n<\/div><\/section><\/div><div  style='height:50px' class='hr hr-invisible   avia-builder-el-6  el_after_av_one_full  el_before_av_social_share '><span class='hr-inner ' ><span class='hr-inner-style'><\/span><\/span><\/div><\/p>\n<div  class='av-social-sharing-box  avia-builder-el-7  el_after_av_hr  el_before_av_hr  '><div class='av-share-box'><h5 class='av-share-link-description av-no-toc '>Compartir esta noticia<\/h5><ul class='av-share-box-list noLightbox'><li class='av-share-link av-social-link-facebook' ><a target=\"_blank\" aria-label=\"Compartir en Facebook\" href='https:\/\/www.facebook.com\/sharer.php?u=https:\/\/radiorevelacionfm.cl\/?p=48119&#038;t=Observatorio%20Laboral%20de%20Ays%C3%A9n%20desarrolla%20primer%20levantamiento%20de%20informaci%C3%B3n%20sobre%20acuicultura%2C%20trabajo%20y%20brechas%20de%20g%C3%A9nero' aria-hidden='false' data-av_icon='\ue8f3' data-av_iconfont='entypo-fontello' title='' data-avia-related-tooltip='Compartir en Facebook' rel=\"noopener\"><span class='avia_hidden_link_text'>Compartir en Facebook<\/span><\/a><\/li><li class='av-share-link av-social-link-twitter' ><a target=\"_blank\" aria-label=\"Compartir en Twitter\" href='https:\/\/twitter.com\/share?text=Observatorio%20Laboral%20de%20Ays%C3%A9n%20desarrolla%20primer%20levantamiento%20de%20informaci%C3%B3n%20sobre%20acuicultura%2C%20trabajo%20y%20brechas%20de%20g%C3%A9nero&#038;url=https:\/\/radiorevelacionfm.cl\/?p=48119' aria-hidden='false' data-av_icon='\ue8f1' data-av_iconfont='entypo-fontello' title='' data-avia-related-tooltip='Compartir en Twitter' rel=\"noopener\"><span class='avia_hidden_link_text'>Compartir en Twitter<\/span><\/a><\/li><li class='av-share-link av-social-link-whatsapp' ><a target=\"_blank\" aria-label=\"Compartir en Whatsapp\" href='https:\/\/api.whatsapp.com\/send?text=https:\/\/radiorevelacionfm.cl\/?p=48119' aria-hidden='false' data-av_icon='\uf232' data-av_iconfont='entypo-fontello' title='' data-avia-related-tooltip='Compartir en Whatsapp' rel=\"noopener\"><span class='avia_hidden_link_text'>Compartir en Whatsapp<\/span><\/a><\/li><li class='av-share-link av-social-link-linkedin' ><a target=\"_blank\" aria-label=\"Compartir en LinkedIn\" href='https:\/\/linkedin.com\/shareArticle?mini=true&#038;title=Observatorio%20Laboral%20de%20Ays%C3%A9n%20desarrolla%20primer%20levantamiento%20de%20informaci%C3%B3n%20sobre%20acuicultura%2C%20trabajo%20y%20brechas%20de%20g%C3%A9nero&#038;url=https:\/\/radiorevelacionfm.cl\/?p=48119' aria-hidden='false' data-av_icon='\ue8fc' data-av_iconfont='entypo-fontello' title='' data-avia-related-tooltip='Compartir en LinkedIn' rel=\"noopener\"><span class='avia_hidden_link_text'>Compartir en LinkedIn<\/span><\/a><\/li><li class='av-share-link av-social-link-mail' ><a  aria-label=\"Compartir por correo\" href='mailto:?subject=Observatorio%20Laboral%20de%20Ays%C3%A9n%20desarrolla%20primer%20levantamiento%20de%20informaci%C3%B3n%20sobre%20acuicultura%2C%20trabajo%20y%20brechas%20de%20g%C3%A9nero&#038;body=https:\/\/radiorevelacionfm.cl\/?p=48119' aria-hidden='false' data-av_icon='\ue805' data-av_iconfont='entypo-fontello' title='' data-avia-related-tooltip='Compartir por correo'><span class='avia_hidden_link_text'>Compartir por correo<\/span><\/a><\/li><\/ul><\/div><\/div>\n<div  style='height:50px' class='hr hr-invisible   avia-builder-el-8  el_after_av_social_share  el_before_av_comments_list '><span class='hr-inner ' ><span class='hr-inner-style'><\/span><\/span><\/div>\n<div  class='av-buildercomment  av-blog-meta-html-info-disabled av-blog-meta-tag-disabled  '><\/div>\n","protected":false},"excerpt":{"rendered":"","protected":false},"author":1,"featured_media":48120,"comment_status":"open","ping_status":"open","sticky":false,"template":"","format":"standard","meta":{"footnotes":""},"categories":[56],"tags":[],"class_list":["post-48119","post","type-post","status-publish","format-standard","has-post-thumbnail","hentry","category-trabajo"],"jetpack_featured_media_url":"https:\/\/radiorevelacionfm.cl\/wp-content\/uploads\/2024\/11\/conversatorio-2-2_optimized.jpeg","_links":{"self":[{"href":"https:\/\/radiorevelacionfm.cl\/index.php?rest_route=\/wp\/v2\/posts\/48119","targetHints":{"allow":["GET"]}}],"collection":[{"href":"https:\/\/radiorevelacionfm.cl\/index.php?rest_route=\/wp\/v2\/posts"}],"about":[{"href":"https:\/\/radiorevelacionfm.cl\/index.php?rest_route=\/wp\/v2\/types\/post"}],"author":[{"embeddable":true,"href":"https:\/\/radiorevelacionfm.cl\/index.php?rest_route=\/wp\/v2\/users\/1"}],"replies":[{"embeddable":true,"href":"https:\/\/radiorevelacionfm.cl\/index.php?rest_route=%2Fwp%2Fv2%2Fcomments&post=48119"}],"version-history":[{"count":1,"href":"https:\/\/radiorevelacionfm.cl\/index.php?rest_route=\/wp\/v2\/posts\/48119\/revisions"}],"predecessor-version":[{"id":48121,"href":"https:\/\/radiorevelacionfm.cl\/index.php?rest_route=\/wp\/v2\/posts\/48119\/revisions\/48121"}],"wp:featuredmedia":[{"embeddable":true,"href":"https:\/\/radiorevelacionfm.cl\/index.php?rest_route=\/wp\/v2\/media\/48120"}],"wp:attachment":[{"href":"https:\/\/radiorevelacionfm.cl\/index.php?rest_route=%2Fwp%2Fv2%2Fmedia&parent=48119"}],"wp:term":[{"taxonomy":"category","embeddable":true,"href":"https:\/\/radiorevelacionfm.cl\/index.php?rest_route=%2Fwp%2Fv2%2Fcategories&post=48119"},{"taxonomy":"post_tag","embeddable":true,"href":"https:\/\/radiorevelacionfm.cl\/index.php?rest_route=%2Fwp%2Fv2%2Ftags&post=48119"}],"curies":[{"name":"wp","href":"https:\/\/api.w.org\/{rel}","templated":true}]}}