{"id":48117,"date":"2024-11-20T15:09:07","date_gmt":"2024-11-20T18:09:07","guid":{"rendered":"https:\/\/radiorevelacionfm.cl\/?p=48117"},"modified":"2024-11-20T15:09:07","modified_gmt":"2024-11-20T18:09:07","slug":"minvu-anuncia-apertura-del-segundo-llamado-de-2024-al-subsidio-para-sectores-medios-ds1","status":"publish","type":"post","link":"https:\/\/radiorevelacionfm.cl\/?p=48117","title":{"rendered":"Minvu anuncia apertura del segundo llamado de 2024 al Subsidio para Sectores Medios DS1"},"content":{"rendered":"<div class=\"flex_column av_one_full  flex_column_div av-zero-column-padding first  avia-builder-el-0  el_before_av_one_full  avia-builder-el-first  \" style='border-radius:0px; '><div  class='avia-image-container  av-styling-    avia-builder-el-1  avia-builder-el-no-sibling  avia-align-center '  itemprop=\"image\" itemscope=\"itemscope\" itemtype=\"https:\/\/schema.org\/ImageObject\"  ><div class='avia-image-container-inner'><div class='avia-image-overlay-wrap'><img decoding=\"async\" class='wp-image-43495 avia-img-lazy-loading-not-43495 avia_image' src=\"https:\/\/radiorevelacionfm.cl\/wp-content\/uploads\/2024\/06\/archivo-viviendas-region-1.jpg\" alt='' title='archivo viviendas regi\u00f3n (1)' height=\"600\" width=\"800\"  itemprop=\"thumbnailUrl\" srcset=\"https:\/\/radiorevelacionfm.cl\/wp-content\/uploads\/2024\/06\/archivo-viviendas-region-1.jpg 800w, https:\/\/radiorevelacionfm.cl\/wp-content\/uploads\/2024\/06\/archivo-viviendas-region-1-300x225.jpg 300w, https:\/\/radiorevelacionfm.cl\/wp-content\/uploads\/2024\/06\/archivo-viviendas-region-1-768x576.jpg 768w, https:\/\/radiorevelacionfm.cl\/wp-content\/uploads\/2024\/06\/archivo-viviendas-region-1-705x529.jpg 705w, https:\/\/radiorevelacionfm.cl\/wp-content\/uploads\/2024\/06\/archivo-viviendas-region-1-450x338.jpg 450w, https:\/\/radiorevelacionfm.cl\/wp-content\/uploads\/2024\/06\/archivo-viviendas-region-1-600x450.jpg 600w\" sizes=\"(max-width: 800px) 100vw, 800px\" \/><\/div><\/div><\/div><\/div><div class=\"flex_column av_one_full  flex_column_div av-zero-column-padding first  avia-builder-el-2  el_after_av_one_full  el_before_av_one_full  column-top-margin\" style='border-radius:0px; '><section class=\"av_textblock_section \"  itemscope=\"itemscope\" itemtype=\"https:\/\/schema.org\/BlogPosting\" itemprop=\"blogPost\" ><div class='avia_textblock  '   itemprop=\"text\" ><p style=\"text-align: center;\"><strong><span style=\"font-size: 18pt;\">Minvu anuncia apertura del segundo llamado de 2024 al Subsidio para Sectores Medios DS1<\/span><\/strong><\/p>\n<div id=\"gtx-trans\" style=\"position: absolute; left: -50px; top: 4.31534px;\">\n<div class=\"gtx-trans-icon\"><\/div>\n<\/div>\n<\/div><\/section><\/div><div class=\"flex_column av_one_full  flex_column_div av-zero-column-padding first  avia-builder-el-4  el_after_av_one_full  el_before_av_hr  column-top-margin\" style='border-radius:0px; '><section class=\"av_textblock_section \"  itemscope=\"itemscope\" itemtype=\"https:\/\/schema.org\/BlogPosting\" itemprop=\"blogPost\" ><div class='avia_textblock  '   itemprop=\"text\" ><p style=\"text-align: justify;\">El Ministerio de Vivienda y Urbanismo anuncia la apertura del segundo llamado nacional de 2024 al Subsidio para Sectores Medios (DS1), dirigido a familias de ingresos medios y medios bajos que no son propietarias de una vivienda, que tienen capacidad de ahorro y posibilidad de complementar el valor de la vivienda con recursos propios o un cr\u00e9dito hipotecario. Las postulaciones, de manera 100% en l\u00ednea (requiere Clave \u00danica), estar\u00e1n abiertas desde hoy mi\u00e9rcoles 20 y hasta el pr\u00f3ximo viernes 29 de noviembre, a trav\u00e9s del\u00a0banner\u00a0disponible en el sitio web\u00a0<a href=\"http:\/\/www.minvu.gob.cl\/\">www.minvu.gob.cl<\/a><\/p>\n<p style=\"text-align: justify;\">Sobre este nuevo llamado del DS1, el ministro de Vivienda y Urbanismo, Carlos Montes, se\u00f1al\u00f3 que \u201cen el contexto del Plan de Emergencia Habitacional que impulsa el Presidente Gabriel Boric y que desarrollamos desde el Minvu, tambi\u00e9n buscamos apoyar a las familias de sectores de ingresos medios que tienen dificultades para acceder a la vivienda. Este programa es uno de ellos, as\u00ed como Fogaes Vivienda o las mejoras que introducimos a este programa DS1, con un aumento en los montos de los subsidios y valor m\u00e1ximo de la vivienda, de 2.200 UF a 3 mil UF, para aquellas familias que decidan aplicar su beneficio en la compra de alguna de las cerca de tres mil 500 viviendas actualmente disponibles en el portal de oferta inmobiliaria del Minvu a lo largo del pa\u00eds\u201d.<\/p>\n<p style=\"text-align: justify;\">Existen tres v\u00edas para postular a este subsidio para los tres tramos que considera el programa (1, 2 y 3) y cuyos plazos son los siguientes:<\/p>\n<p style=\"text-align: justify;\">Postulaci\u00f3n autom\u00e1tica:\u00a0para personas postulantes no seleccionadas en el primer llamado de 2024. Desde hoy 20 de noviembre a las 8:30 horas al viernes 29 de noviembre de 2024 a las 16:00 horas.<\/p>\n<p style=\"text-align: justify;\">Postulaci\u00f3n en l\u00ednea:\u00a0dirigida a personas postulantes de llamados previos que\u00a0no aprobaron la propuesta de postulaci\u00f3n autom\u00e1tica\u00a0o nuevos postulantes que no requieran acreditar una situaci\u00f3n especial. Desde el jueves 21 de noviembre a las 8:30 horas al 29 de noviembre a las 16:00 horas.<\/p>\n<p style=\"text-align: justify;\">Postulaci\u00f3n por formulario de atenci\u00f3n ciudadana:\u00a0dirigida a personas que no pueden ser atendidas mediante la postulaci\u00f3n autom\u00e1tica o postulaci\u00f3n en l\u00ednea podr\u00e1n solicitar la postulaci\u00f3n a trav\u00e9s del Formulario de Atenci\u00f3n Ciudadana del Minvu desde las 8:30 horas del viernes 22 de noviembre hasta las 16:00 horas del 29 de noviembre.<\/p>\n<p style=\"text-align: justify;\">El subsidio del Programa para Sectores Medios permite comprar una vivienda nueva o usada, o construir una vivienda en sitio propio en sectores urbanos o rurales. Cuenta con tres tramos de postulaci\u00f3n para acceder a viviendas desde 1.100 UF y hasta 2.200 UF en zona regular y hasta 2.600 UF en regiones de la zona norte (Arica y Parinacota, Tarapac\u00e1, Antofagasta y Atacama), extremo sur (Ays\u00e9n y Magallanes) y en las provincias de Chilo\u00e9 y Palena y en las comunas de Juan Fern\u00e1ndez y Rapa Nui.<\/p>\n<p style=\"text-align: justify;\">Entre los requisitos generales para postular, se cuentan:<\/p>\n<p style=\"text-align: justify;\">-Tener m\u00ednimo 18 a\u00f1os.<\/p>\n<p style=\"text-align: justify;\">-Contar con C\u00e9dula de Identidad Nacional. Personas extranjeras: C\u00e9dula de Identidad para extranjeros vigente y en ella constar su residencia definitiva.<\/p>\n<p style=\"text-align: justify;\">-Acreditar cuenta de ahorro con al menos, 12 meses de antig\u00fcedad. La fecha m\u00e1xima de apertura de la cuenta para este llamado debi\u00f3 ser el 30 de octubre de 2023.<\/p>\n<p style=\"text-align: justify;\">-Contar con el ahorro m\u00ednimo de acuerdo con el tramo postulaci\u00f3n, depositado en la cuenta de ahorro para la vivienda, al 30 de octubre de 2024.<\/p>\n<p style=\"text-align: justify;\">-Estar inscrito en el Registro Social de Hogares y no superar el porcentaje de calificaci\u00f3n socioecon\u00f3mica que exige la alternativa del tramo al que postula:<\/p>\n<p style=\"text-align: justify;\">Tramo 1: hasta del 60%<\/p>\n<p style=\"text-align: justify;\">Tramo 2: hasta del 80%<\/p>\n<p style=\"text-align: justify;\">Personas mayores en Tramo 1 y 2: hasta el 90%.<\/p>\n<p style=\"text-align: justify;\">Tramo 3: contar con RSH. Si supera el 90%, no exceder el ingreso tope mensual familiar fijado para el llamado.<\/p>\n<p style=\"text-align: justify;\">Respecto del ahorro m\u00ednimo que deb\u00edan tener las familias, depositado en sus cuentas seg\u00fan modalidad de postulaci\u00f3n, es de entre 30 UF A 80 UF, seg\u00fan tramo y modalidad de postulaci\u00f3n.<\/p>\n<p style=\"text-align: justify;\">\u00bfC\u00f3mo adquirir viviendas por hasta 3 mil UF?<\/p>\n<p style=\"text-align: justify;\">En el marco del conjunto de medidas transitorias impulsadas por el Gobierno para apoyar tanto a las familias de sectores de ingresos medios en la compra de viviendas nuevas terminadas, como a las empresas del sector inmobiliario, para reducir el stock de unidades disponibles que no han podido ser vendidas, las personas beneficiarias del subsidio DS1 en sus tramos 2 y 3 pueden acogerse a las mejoras transitorias introducidas a este programa, como el aumento del valor m\u00e1ximo de la vivienda de 2.200 a 3 mil UF y el incremento del monto del subsidio en 150 UF.<\/p>\n<p style=\"text-align: justify;\">Estas mejoras se aplican autom\u00e1ticamente al adquirir con sus subsidios alguna de las viviendas disponibles en el portal de oferta inmobiliaria del Minvu disponible en\u00a0<a href=\"http:\/\/consultaofertainmobiliaria.minvu.cl\/\">consultaofertainmobiliaria.minvu.cl<\/a>. Actualmente, hay 3.478 viviendas ofertadas en 185 proyectos a lo largo del pa\u00eds. El plazo para acogerse a las mejoras al DS1 es hasta el 31 de diciembre de 2025 y permitir\u00e1n beneficiar a un m\u00e1ximo de cinco mil familias. En estos casos, las familias deben acreditar un ahorro m\u00ednimo de 80 UF para el tramo 2 y 160 UF para el tramo 3.<\/p>\n<p style=\"text-align: justify;\">Las familias que apliquen sus subsidios DS1 en proyectos de Integraci\u00f3n Social y Territorial (DS19) seleccionados por el programa y que cuenten con recepci\u00f3n municipal total de las viviendas al 31 de marzo de 2024, recibir\u00e1n un subsidio adicional de 100 UF. Requiere un ahorro adicional de 50 UF.<\/p>\n<\/div><\/section><\/div><div  style='height:50px' class='hr hr-invisible   avia-builder-el-6  el_after_av_one_full  el_before_av_social_share '><span class='hr-inner ' ><span class='hr-inner-style'><\/span><\/span><\/div><\/p>\n<div  class='av-social-sharing-box  avia-builder-el-7  el_after_av_hr  el_before_av_hr  '><div class='av-share-box'><h5 class='av-share-link-description av-no-toc '>Compartir esta noticia<\/h5><ul class='av-share-box-list noLightbox'><li class='av-share-link av-social-link-facebook' ><a target=\"_blank\" aria-label=\"Compartir en Facebook\" href='https:\/\/www.facebook.com\/sharer.php?u=https:\/\/radiorevelacionfm.cl\/?p=48117&#038;t=Minvu%20anuncia%20apertura%20del%20segundo%20llamado%20de%202024%20al%20Subsidio%20para%20Sectores%20Medios%20DS1' aria-hidden='false' data-av_icon='\ue8f3' data-av_iconfont='entypo-fontello' title='' data-avia-related-tooltip='Compartir en Facebook' rel=\"noopener\"><span class='avia_hidden_link_text'>Compartir en Facebook<\/span><\/a><\/li><li class='av-share-link av-social-link-twitter' ><a target=\"_blank\" aria-label=\"Compartir en Twitter\" href='https:\/\/twitter.com\/share?text=Minvu%20anuncia%20apertura%20del%20segundo%20llamado%20de%202024%20al%20Subsidio%20para%20Sectores%20Medios%20DS1&#038;url=https:\/\/radiorevelacionfm.cl\/?p=48117' aria-hidden='false' data-av_icon='\ue8f1' data-av_iconfont='entypo-fontello' title='' data-avia-related-tooltip='Compartir en Twitter' rel=\"noopener\"><span class='avia_hidden_link_text'>Compartir en Twitter<\/span><\/a><\/li><li class='av-share-link av-social-link-whatsapp' ><a target=\"_blank\" aria-label=\"Compartir en Whatsapp\" href='https:\/\/api.whatsapp.com\/send?text=https:\/\/radiorevelacionfm.cl\/?p=48117' aria-hidden='false' data-av_icon='\uf232' data-av_iconfont='entypo-fontello' title='' data-avia-related-tooltip='Compartir en Whatsapp' rel=\"noopener\"><span class='avia_hidden_link_text'>Compartir en Whatsapp<\/span><\/a><\/li><li class='av-share-link av-social-link-linkedin' ><a target=\"_blank\" aria-label=\"Compartir en LinkedIn\" href='https:\/\/linkedin.com\/shareArticle?mini=true&#038;title=Minvu%20anuncia%20apertura%20del%20segundo%20llamado%20de%202024%20al%20Subsidio%20para%20Sectores%20Medios%20DS1&#038;url=https:\/\/radiorevelacionfm.cl\/?p=48117' aria-hidden='false' data-av_icon='\ue8fc' data-av_iconfont='entypo-fontello' title='' data-avia-related-tooltip='Compartir en LinkedIn' rel=\"noopener\"><span class='avia_hidden_link_text'>Compartir en LinkedIn<\/span><\/a><\/li><li class='av-share-link av-social-link-mail' ><a  aria-label=\"Compartir por correo\" href='mailto:?subject=Minvu%20anuncia%20apertura%20del%20segundo%20llamado%20de%202024%20al%20Subsidio%20para%20Sectores%20Medios%20DS1&#038;body=https:\/\/radiorevelacionfm.cl\/?p=48117' aria-hidden='false' data-av_icon='\ue805' data-av_iconfont='entypo-fontello' title='' data-avia-related-tooltip='Compartir por correo'><span class='avia_hidden_link_text'>Compartir por correo<\/span><\/a><\/li><\/ul><\/div><\/div>\n<div  style='height:50px' class='hr hr-invisible   avia-builder-el-8  el_after_av_social_share  el_before_av_comments_list '><span class='hr-inner ' ><span class='hr-inner-style'><\/span><\/span><\/div>\n<div  class='av-buildercomment  av-blog-meta-html-info-disabled av-blog-meta-tag-disabled  '><\/div>\n","protected":false},"excerpt":{"rendered":"","protected":false},"author":1,"featured_media":43495,"comment_status":"open","ping_status":"open","sticky":false,"template":"","format":"standard","meta":{"footnotes":""},"categories":[57],"tags":[],"class_list":["post-48117","post","type-post","status-publish","format-standard","has-post-thumbnail","hentry","category-vivienda"],"jetpack_featured_media_url":"https:\/\/radiorevelacionfm.cl\/wp-content\/uploads\/2024\/06\/archivo-viviendas-region-1.jpg","_links":{"self":[{"href":"https:\/\/radiorevelacionfm.cl\/index.php?rest_route=\/wp\/v2\/posts\/48117","targetHints":{"allow":["GET"]}}],"collection":[{"href":"https:\/\/radiorevelacionfm.cl\/index.php?rest_route=\/wp\/v2\/posts"}],"about":[{"href":"https:\/\/radiorevelacionfm.cl\/index.php?rest_route=\/wp\/v2\/types\/post"}],"author":[{"embeddable":true,"href":"https:\/\/radiorevelacionfm.cl\/index.php?rest_route=\/wp\/v2\/users\/1"}],"replies":[{"embeddable":true,"href":"https:\/\/radiorevelacionfm.cl\/index.php?rest_route=%2Fwp%2Fv2%2Fcomments&post=48117"}],"version-history":[{"count":1,"href":"https:\/\/radiorevelacionfm.cl\/index.php?rest_route=\/wp\/v2\/posts\/48117\/revisions"}],"predecessor-version":[{"id":48118,"href":"https:\/\/radiorevelacionfm.cl\/index.php?rest_route=\/wp\/v2\/posts\/48117\/revisions\/48118"}],"wp:featuredmedia":[{"embeddable":true,"href":"https:\/\/radiorevelacionfm.cl\/index.php?rest_route=\/wp\/v2\/media\/43495"}],"wp:attachment":[{"href":"https:\/\/radiorevelacionfm.cl\/index.php?rest_route=%2Fwp%2Fv2%2Fmedia&parent=48117"}],"wp:term":[{"taxonomy":"category","embeddable":true,"href":"https:\/\/radiorevelacionfm.cl\/index.php?rest_route=%2Fwp%2Fv2%2Fcategories&post=48117"},{"taxonomy":"post_tag","embeddable":true,"href":"https:\/\/radiorevelacionfm.cl\/index.php?rest_route=%2Fwp%2Fv2%2Ftags&post=48117"}],"curies":[{"name":"wp","href":"https:\/\/api.w.org\/{rel}","templated":true}]}}