{"id":48114,"date":"2024-11-20T15:25:04","date_gmt":"2024-11-20T18:25:04","guid":{"rendered":"https:\/\/radiorevelacionfm.cl\/?p=48114"},"modified":"2024-11-20T15:25:04","modified_gmt":"2024-11-20T18:25:04","slug":"medio-ambiente-inicia-consulta-indigena-sobre-materias-que-regularan-las-areas-protegidas-y-sitios-prioritarios-de-nuestro-pais","status":"publish","type":"post","link":"https:\/\/radiorevelacionfm.cl\/?p=48114","title":{"rendered":"Medio Ambiente inicia Consulta Ind\u00edgena sobre materias que regular\u00e1n las \u00e1reas protegidas y sitios prioritarios de nuestro pa\u00eds"},"content":{"rendered":"<div class=\"flex_column av_one_full  flex_column_div av-zero-column-padding first  avia-builder-el-0  el_before_av_one_full  avia-builder-el-first  \" style='border-radius:0px; '><div  class='avia-image-container  av-styling-    avia-builder-el-1  avia-builder-el-no-sibling  avia-align-center '  itemprop=\"image\" itemscope=\"itemscope\" itemtype=\"https:\/\/schema.org\/ImageObject\"  ><div class='avia-image-container-inner'><div class='avia-image-overlay-wrap'><img decoding=\"async\" class='wp-image-48115 avia-img-lazy-loading-not-48115 avia_image' src=\"https:\/\/radiorevelacionfm.cl\/wp-content\/uploads\/2024\/11\/consulta_indigena_aysen-2-2_optimized-2.jpg\" alt='' title='consulta_indigena_aysen-2-2_optimized-2' height=\"800\" width=\"800\"  itemprop=\"thumbnailUrl\" srcset=\"https:\/\/radiorevelacionfm.cl\/wp-content\/uploads\/2024\/11\/consulta_indigena_aysen-2-2_optimized-2.jpg 800w, https:\/\/radiorevelacionfm.cl\/wp-content\/uploads\/2024\/11\/consulta_indigena_aysen-2-2_optimized-2-300x300.jpg 300w, https:\/\/radiorevelacionfm.cl\/wp-content\/uploads\/2024\/11\/consulta_indigena_aysen-2-2_optimized-2-80x80.jpg 80w, https:\/\/radiorevelacionfm.cl\/wp-content\/uploads\/2024\/11\/consulta_indigena_aysen-2-2_optimized-2-768x768.jpg 768w, https:\/\/radiorevelacionfm.cl\/wp-content\/uploads\/2024\/11\/consulta_indigena_aysen-2-2_optimized-2-36x36.jpg 36w, https:\/\/radiorevelacionfm.cl\/wp-content\/uploads\/2024\/11\/consulta_indigena_aysen-2-2_optimized-2-180x180.jpg 180w, https:\/\/radiorevelacionfm.cl\/wp-content\/uploads\/2024\/11\/consulta_indigena_aysen-2-2_optimized-2-705x705.jpg 705w, https:\/\/radiorevelacionfm.cl\/wp-content\/uploads\/2024\/11\/consulta_indigena_aysen-2-2_optimized-2-120x120.jpg 120w, https:\/\/radiorevelacionfm.cl\/wp-content\/uploads\/2024\/11\/consulta_indigena_aysen-2-2_optimized-2-450x450.jpg 450w, https:\/\/radiorevelacionfm.cl\/wp-content\/uploads\/2024\/11\/consulta_indigena_aysen-2-2_optimized-2-600x600.jpg 600w, https:\/\/radiorevelacionfm.cl\/wp-content\/uploads\/2024\/11\/consulta_indigena_aysen-2-2_optimized-2-100x100.jpg 100w\" sizes=\"(max-width: 800px) 100vw, 800px\" \/><\/div><\/div><\/div><\/div><div class=\"flex_column av_one_full  flex_column_div av-zero-column-padding first  avia-builder-el-2  el_after_av_one_full  el_before_av_one_full  column-top-margin\" style='border-radius:0px; '><section class=\"av_textblock_section \"  itemscope=\"itemscope\" itemtype=\"https:\/\/schema.org\/BlogPosting\" itemprop=\"blogPost\" ><div class='avia_textblock  '   itemprop=\"text\" ><p style=\"text-align: center;\"><strong><span style=\"font-size: 18pt;\">Medio Ambiente inicia Consulta Ind\u00edgena sobre materias que regular\u00e1n las \u00e1reas protegidas y sitios prioritarios de nuestro pa\u00eds<\/span><\/strong><\/p>\n<div id=\"gtx-trans\" style=\"position: absolute; left: -50px; top: 4.31534px;\">\n<div class=\"gtx-trans-icon\"><\/div>\n<\/div>\n<\/div><\/section><\/div><div class=\"flex_column av_one_full  flex_column_div av-zero-column-padding first  avia-builder-el-4  el_after_av_one_full  el_before_av_hr  column-top-margin\" style='border-radius:0px; '><section class=\"av_textblock_section \"  itemscope=\"itemscope\" itemtype=\"https:\/\/schema.org\/BlogPosting\" itemprop=\"blogPost\" ><div class='avia_textblock  '   itemprop=\"text\" ><p style=\"text-align: justify;\">Una invitaci\u00f3n a los representantes de comunidades y pueblos ind\u00edgenas a participar de la Consulta sobre diversas materias, que ser\u00e1n reguladas en los futuros reglamentos sobre \u00c1reas Protegidas y Sitios Prioritarios y que fueron establecidos en la denominada \u201cLey para la Naturaleza\u201d, extendi\u00f3 la Ministra del Medio Ambiente, Maisa Rojas.<\/p>\n<p style=\"text-align: justify;\">\u201cQueremos recoger la voz, las experiencias, los saberes de los pueblos ind\u00edgenas que ancestralmente han estado conviviendo en medio de territorios y \u00e1reas de conservaci\u00f3n de la biodiversidad. Saber qu\u00e9 piensan, qu\u00e9 opinan, c\u00f3mo se pueden vincular en la gesti\u00f3n de estas \u00e1reas protegidas. Por eso les invitamos a participar activamente en esta Consulta que se inicia el 20 de noviembre en todas las regiones del pa\u00eds\u201d, expres\u00f3 la autoridad ambiental.<\/p>\n<p style=\"text-align: justify;\">La Consulta Ind\u00edgena es una invitaci\u00f3n a los representantes de pueblos y comunidades ind\u00edgenas a participar de un di\u00e1logo, que tiene como objetivo llegar a un acuerdo o lograr el consentimiento, acerca de medidas legislativas o administrativas susceptibles de afectarlos directamente y que, en este caso, provienen de la ley que cre\u00f3 el Servicio de Biodiversidad y \u00c1reas Protegidas (SBAP).<\/p>\n<p style=\"text-align: justify;\">Ese cuerpo legal estableci\u00f3 la necesidad de elaborar reglamentos sobre \u00e1reas protegidas y de sitios prioritarios, tarea que le corresponde al Ministerio del Medio Ambiente. Para elaborar estos reglamentos se ha considerado el desarrollo de una Consulta Ind\u00edgena a nivel nacional, para dialogar con las distintas comunidades ind\u00edgenas que habitan los territorios o en sus inmediaciones, ocupados o utilizados ancestralmente o para fines culturales<\/p>\n<p style=\"text-align: justify;\">En la actualidad, las \u00e1reas protegidas de Chile abarcan una superficie de 167 millones de hect\u00e1reas, sumando un total de 245 \u00e1reas, tanto en tierra como en mar. Esto significa que las \u00e1reas protegidas cubren pr\u00e1cticamente el 22% (16,6 millones de hect\u00e1reas) del territorio nacional continental e insular, y para el \u00e1mbito marino, un 44% de la Zona Econ\u00f3mica Exclusiva (150,5 hect\u00e1reas), mientras que en la regi\u00f3n de Ays\u00e9n consideran el 52% del territorio.<\/p>\n<p style=\"text-align: justify;\">Para estos efectos la Seremi del Medio Ambiente de la Regi\u00f3n de Ays\u00e9n, comenz\u00f3 este mi\u00e9rcoles un despliegue territorial consistente en encuentros de planificaci\u00f3n, en las ciudades de Cochrane, Coyhaique, Puerto Ays\u00e9n, Villa Cerro Castillo, Puerto Cisnes, La Junta, Melinka, Chile Chico y Coyhaique, para as\u00ed dialogar con las organizaciones ind\u00edgenas respecto a las materias consultadas.<\/p>\n<p style=\"text-align: justify;\">En el primer encuentro realizado en la ciudad de puerto Ays\u00e9n, el Seremi del Medio Ambiente, Yoal D\u00edaz, destac\u00f3\u00a0 que \u201cesta Consulta Ind\u00edgena se enmarca en el deber que tenemos como Estado de respetar, proteger y promover el desarrollo de los pueblos ind\u00edgenas, sus culturas, familias y comunidades, y proteger sus tierras y velar por su equilibrio ecol\u00f3gico, desde ah\u00ed, como Ministerio del Medio Ambiente creemos que es fundamental la participaci\u00f3n de las comunidades en este proceso, porque los pueblos ind\u00edgenas tienen una vinculaci\u00f3n ancestral y espiritual con la naturaleza. Su opini\u00f3n es por lo mismo, vital a la hora de definir estos reglamentos que regular\u00e1n, por ejemplo, la forma en que se crear\u00e1n o desafectar\u00e1n las \u00e1reas protegidas por el Estado\u201d.<\/p>\n<p style=\"text-align: justify;\">El calendario de encuentros ya se encuentra disponible en <a href=\"http:\/\/consultaindigena.mma.gob.cl\/\">http:\/\/consultaindigena.mma.gob.cl<\/a>, as\u00ed tambi\u00e9n la autoridad ambiental invit\u00f3 a canalizar dudas y solicitudes de informaci\u00f3n\u00a0 en la oficina de la SEREMI del medio Ambiente ubicada en Portales 125, Coyhaique.<\/p>\n<\/div><\/section><\/div><div  style='height:50px' class='hr hr-invisible   avia-builder-el-6  el_after_av_one_full  el_before_av_social_share '><span class='hr-inner ' ><span class='hr-inner-style'><\/span><\/span><\/div><\/p>\n<div  class='av-social-sharing-box  avia-builder-el-7  el_after_av_hr  el_before_av_hr  '><div class='av-share-box'><h5 class='av-share-link-description av-no-toc '>Compartir esta noticia<\/h5><ul class='av-share-box-list noLightbox'><li class='av-share-link av-social-link-facebook' ><a target=\"_blank\" aria-label=\"Compartir en Facebook\" href='https:\/\/www.facebook.com\/sharer.php?u=https:\/\/radiorevelacionfm.cl\/?p=48114&#038;t=Medio%20Ambiente%20inicia%20Consulta%20Ind%C3%ADgena%20sobre%20materias%20que%20regular%C3%A1n%20las%20%C3%A1reas%20protegidas%20y%20sitios%20prioritarios%20de%20nuestro%20pa%C3%ADs' aria-hidden='false' data-av_icon='\ue8f3' data-av_iconfont='entypo-fontello' title='' data-avia-related-tooltip='Compartir en Facebook' rel=\"noopener\"><span class='avia_hidden_link_text'>Compartir en Facebook<\/span><\/a><\/li><li class='av-share-link av-social-link-twitter' ><a target=\"_blank\" aria-label=\"Compartir en Twitter\" href='https:\/\/twitter.com\/share?text=Medio%20Ambiente%20inicia%20Consulta%20Ind%C3%ADgena%20sobre%20materias%20que%20regular%C3%A1n%20las%20%C3%A1reas%20protegidas%20y%20sitios%20prioritarios%20de%20nuestro%20pa%C3%ADs&#038;url=https:\/\/radiorevelacionfm.cl\/?p=48114' aria-hidden='false' data-av_icon='\ue8f1' data-av_iconfont='entypo-fontello' title='' data-avia-related-tooltip='Compartir en Twitter' rel=\"noopener\"><span class='avia_hidden_link_text'>Compartir en Twitter<\/span><\/a><\/li><li class='av-share-link av-social-link-whatsapp' ><a target=\"_blank\" aria-label=\"Compartir en Whatsapp\" href='https:\/\/api.whatsapp.com\/send?text=https:\/\/radiorevelacionfm.cl\/?p=48114' aria-hidden='false' data-av_icon='\uf232' data-av_iconfont='entypo-fontello' title='' data-avia-related-tooltip='Compartir en Whatsapp' rel=\"noopener\"><span class='avia_hidden_link_text'>Compartir en Whatsapp<\/span><\/a><\/li><li class='av-share-link av-social-link-linkedin' ><a target=\"_blank\" aria-label=\"Compartir en LinkedIn\" href='https:\/\/linkedin.com\/shareArticle?mini=true&#038;title=Medio%20Ambiente%20inicia%20Consulta%20Ind%C3%ADgena%20sobre%20materias%20que%20regular%C3%A1n%20las%20%C3%A1reas%20protegidas%20y%20sitios%20prioritarios%20de%20nuestro%20pa%C3%ADs&#038;url=https:\/\/radiorevelacionfm.cl\/?p=48114' aria-hidden='false' data-av_icon='\ue8fc' data-av_iconfont='entypo-fontello' title='' data-avia-related-tooltip='Compartir en LinkedIn' rel=\"noopener\"><span class='avia_hidden_link_text'>Compartir en LinkedIn<\/span><\/a><\/li><li class='av-share-link av-social-link-mail' ><a  aria-label=\"Compartir por correo\" href='mailto:?subject=Medio%20Ambiente%20inicia%20Consulta%20Ind%C3%ADgena%20sobre%20materias%20que%20regular%C3%A1n%20las%20%C3%A1reas%20protegidas%20y%20sitios%20prioritarios%20de%20nuestro%20pa%C3%ADs&#038;body=https:\/\/radiorevelacionfm.cl\/?p=48114' aria-hidden='false' data-av_icon='\ue805' data-av_iconfont='entypo-fontello' title='' data-avia-related-tooltip='Compartir por correo'><span class='avia_hidden_link_text'>Compartir por correo<\/span><\/a><\/li><\/ul><\/div><\/div>\n<div  style='height:50px' class='hr hr-invisible   avia-builder-el-8  el_after_av_social_share  el_before_av_comments_list '><span class='hr-inner ' ><span class='hr-inner-style'><\/span><\/span><\/div>\n<div  class='av-buildercomment  av-blog-meta-html-info-disabled av-blog-meta-tag-disabled  '><\/div>\n","protected":false},"excerpt":{"rendered":"","protected":false},"author":1,"featured_media":48115,"comment_status":"open","ping_status":"open","sticky":false,"template":"","format":"standard","meta":{"footnotes":""},"categories":[39],"tags":[],"class_list":["post-48114","post","type-post","status-publish","format-standard","has-post-thumbnail","hentry","category-medio-ambiente"],"jetpack_featured_media_url":"https:\/\/radiorevelacionfm.cl\/wp-content\/uploads\/2024\/11\/consulta_indigena_aysen-2-2_optimized-2.jpg","_links":{"self":[{"href":"https:\/\/radiorevelacionfm.cl\/index.php?rest_route=\/wp\/v2\/posts\/48114","targetHints":{"allow":["GET"]}}],"collection":[{"href":"https:\/\/radiorevelacionfm.cl\/index.php?rest_route=\/wp\/v2\/posts"}],"about":[{"href":"https:\/\/radiorevelacionfm.cl\/index.php?rest_route=\/wp\/v2\/types\/post"}],"author":[{"embeddable":true,"href":"https:\/\/radiorevelacionfm.cl\/index.php?rest_route=\/wp\/v2\/users\/1"}],"replies":[{"embeddable":true,"href":"https:\/\/radiorevelacionfm.cl\/index.php?rest_route=%2Fwp%2Fv2%2Fcomments&post=48114"}],"version-history":[{"count":1,"href":"https:\/\/radiorevelacionfm.cl\/index.php?rest_route=\/wp\/v2\/posts\/48114\/revisions"}],"predecessor-version":[{"id":48116,"href":"https:\/\/radiorevelacionfm.cl\/index.php?rest_route=\/wp\/v2\/posts\/48114\/revisions\/48116"}],"wp:featuredmedia":[{"embeddable":true,"href":"https:\/\/radiorevelacionfm.cl\/index.php?rest_route=\/wp\/v2\/media\/48115"}],"wp:attachment":[{"href":"https:\/\/radiorevelacionfm.cl\/index.php?rest_route=%2Fwp%2Fv2%2Fmedia&parent=48114"}],"wp:term":[{"taxonomy":"category","embeddable":true,"href":"https:\/\/radiorevelacionfm.cl\/index.php?rest_route=%2Fwp%2Fv2%2Fcategories&post=48114"},{"taxonomy":"post_tag","embeddable":true,"href":"https:\/\/radiorevelacionfm.cl\/index.php?rest_route=%2Fwp%2Fv2%2Ftags&post=48114"}],"curies":[{"name":"wp","href":"https:\/\/api.w.org\/{rel}","templated":true}]}}