{"id":48111,"date":"2024-11-20T13:53:08","date_gmt":"2024-11-20T16:53:08","guid":{"rendered":"https:\/\/radiorevelacionfm.cl\/?p=48111"},"modified":"2024-11-20T13:53:08","modified_gmt":"2024-11-20T16:53:08","slug":"corte-de-coyhaique-medios-de-prensa-participaron-en-taller-de-periodismo-judicial","status":"publish","type":"post","link":"https:\/\/radiorevelacionfm.cl\/?p=48111","title":{"rendered":"Corte de Coyhaique: Medios de prensa participaron en taller de periodismo judicial"},"content":{"rendered":"<div class=\"flex_column av_one_full  flex_column_div av-zero-column-padding first  avia-builder-el-0  el_before_av_one_full  avia-builder-el-first  \" style='border-radius:0px; '><div  class='avia-image-container  av-styling-    avia-builder-el-1  avia-builder-el-no-sibling  avia-align-center '  itemprop=\"image\" itemscope=\"itemscope\" itemtype=\"https:\/\/schema.org\/ImageObject\"  ><div class='avia-image-container-inner'><div class='avia-image-overlay-wrap'><img decoding=\"async\" class='wp-image-48112 avia-img-lazy-loading-not-48112 avia_image' src=\"https:\/\/radiorevelacionfm.cl\/wp-content\/uploads\/2024\/11\/Foto-1-capacitacion-2-2.jpg\" alt='' title='Foto 1 capacitacion-2-2' height=\"600\" width=\"1249\"  itemprop=\"thumbnailUrl\" srcset=\"https:\/\/radiorevelacionfm.cl\/wp-content\/uploads\/2024\/11\/Foto-1-capacitacion-2-2.jpg 1249w, https:\/\/radiorevelacionfm.cl\/wp-content\/uploads\/2024\/11\/Foto-1-capacitacion-2-2-300x144.jpg 300w, https:\/\/radiorevelacionfm.cl\/wp-content\/uploads\/2024\/11\/Foto-1-capacitacion-2-2-1030x495.jpg 1030w, https:\/\/radiorevelacionfm.cl\/wp-content\/uploads\/2024\/11\/Foto-1-capacitacion-2-2-768x369.jpg 768w, https:\/\/radiorevelacionfm.cl\/wp-content\/uploads\/2024\/11\/Foto-1-capacitacion-2-2-705x339.jpg 705w, https:\/\/radiorevelacionfm.cl\/wp-content\/uploads\/2024\/11\/Foto-1-capacitacion-2-2-450x216.jpg 450w, https:\/\/radiorevelacionfm.cl\/wp-content\/uploads\/2024\/11\/Foto-1-capacitacion-2-2-600x288.jpg 600w\" sizes=\"(max-width: 1249px) 100vw, 1249px\" \/><\/div><\/div><\/div><\/div><div class=\"flex_column av_one_full  flex_column_div av-zero-column-padding first  avia-builder-el-2  el_after_av_one_full  el_before_av_one_full  column-top-margin\" style='border-radius:0px; '><section class=\"av_textblock_section \"  itemscope=\"itemscope\" itemtype=\"https:\/\/schema.org\/BlogPosting\" itemprop=\"blogPost\" ><div class='avia_textblock  '   itemprop=\"text\" ><p style=\"text-align: center;\"><strong><span style=\"font-size: 18pt;\">Corte de Coyhaique: Medios de prensa participaron en taller de periodismo judicial<\/span><\/strong><\/p>\n<div id=\"gtx-trans\" style=\"position: absolute; left: -50px; top: 4.31534px;\">\n<div class=\"gtx-trans-icon\"><\/div>\n<\/div>\n<\/div><\/section><\/div><div class=\"flex_column av_one_full  flex_column_div av-zero-column-padding first  avia-builder-el-4  el_after_av_one_full  el_before_av_hr  column-top-margin\" style='border-radius:0px; '><section class=\"av_textblock_section \"  itemscope=\"itemscope\" itemtype=\"https:\/\/schema.org\/BlogPosting\" itemprop=\"blogPost\" ><div class='avia_textblock  '   itemprop=\"text\" ><p class=\"v1MsoNormal\" style=\"text-align: justify;\">El pasado viernes 15 de noviembre, la Corte de Apelaciones -en conjunto con la Direcci\u00f3n de Comunicaciones del Poder Judicial- realizaron una jornada de capacitaci\u00f3n para medios de prensa de la regi\u00f3n de Ays\u00e9n, denominada \u00abClaves del reporteo judicial\u00bb.<\/p>\n<p class=\"v1MsoNormal\" style=\"text-align: justify;\">Los periodistas y comunicadores que participaron de manera virtual en la actividad, recibieron el saludo inicial del presidente de la Corte de Coyhaique, ministro Luis Aedo Mora y tras ello, presenciaron la exposici\u00f3n del secretario del tribunal de alzada, magistrado Juan Patricio Silva, sobre el \u00e1mbito penal.<\/p>\n<p class=\"v1MsoNormal\" style=\"text-align: justify;\">Respecto a la jornada, el presidente de la Corte, ministro Luis Aedo, sostuvo que \u00abeste taller de periodismo judicial tiene como objetivo fomentar la transparencia y la claridad en la difusi\u00f3n de informaci\u00f3n sobre el proceso penal. En tiempos que se presentan altos grados de desconfianza y desapego con las instituciones p\u00fablicas y la judicatura en particular, el rol de las comunicaciones adquiere una especial relevancia. M\u00e1s all\u00e1 de la contingencia, debemos mantener, profundizar y reiterar un relato que no s\u00f3lo refleje con veracidad el genuino trabajo de los jueces, sino que sea relevante para la gente, para lo cual es fundamental la mirada acuciosa que pueden aportar los comunicadores\u00bb.<\/p>\n<p class=\"v1MsoNormal\" style=\"text-align: justify;\">El ministro agreg\u00f3 que \u00abla misi\u00f3n fundamental de la Direcci\u00f3n de Comunicaciones de la Corte Suprema, y por cierto, de nuestra Corte de Apelaciones, a trav\u00e9s de nuestro periodista, es\u00a0 ser\u00a0 intermediarios del quehacer jurisdiccional con la ciudadan\u00eda, y por supuesto con los medios de prensa\u00bb.<\/p>\n<p class=\"v1MsoNormal\" style=\"text-align: justify;\">En la jornada se explicaron las diversas etapas del proceso penal, enfocado en la labor de la prensa, en este sentido se informaron los tipos de prevenciones, t\u00e9rminos, la importancia de la verificaci\u00f3n de hechos y c\u00f3mo realizar consultas de causas a trav\u00e9s de las plataformas virtuales del Poder Judicial.<\/p>\n<p class=\"v1MsoNormal\" style=\"text-align: justify;\">En el taller participaron representantes del Diario El Divisadero, Radio y Canal Santa Mar\u00eda, Radio Ventisqueros de Coyhaique y Radio FM TU de la comuna de Chile Chico. Asimismo, estuvo presente Mariela Salazar, periodista de la Seremi de Justicia y Derechos Humanos de la regi\u00f3n.<\/p>\n<\/div><\/section><\/div><div  style='height:50px' class='hr hr-invisible   avia-builder-el-6  el_after_av_one_full  el_before_av_social_share '><span class='hr-inner ' ><span class='hr-inner-style'><\/span><\/span><\/div><\/p>\n<div  class='av-social-sharing-box  avia-builder-el-7  el_after_av_hr  el_before_av_hr  '><div class='av-share-box'><h5 class='av-share-link-description av-no-toc '>Compartir esta noticia<\/h5><ul class='av-share-box-list noLightbox'><li class='av-share-link av-social-link-facebook' ><a target=\"_blank\" aria-label=\"Compartir en Facebook\" href='https:\/\/www.facebook.com\/sharer.php?u=https:\/\/radiorevelacionfm.cl\/?p=48111&#038;t=Corte%20de%20Coyhaique%3A%20Medios%20de%20prensa%20participaron%20en%20taller%20de%20periodismo%20judicial' aria-hidden='false' data-av_icon='\ue8f3' data-av_iconfont='entypo-fontello' title='' data-avia-related-tooltip='Compartir en Facebook' rel=\"noopener\"><span class='avia_hidden_link_text'>Compartir en Facebook<\/span><\/a><\/li><li class='av-share-link av-social-link-twitter' ><a target=\"_blank\" aria-label=\"Compartir en Twitter\" href='https:\/\/twitter.com\/share?text=Corte%20de%20Coyhaique%3A%20Medios%20de%20prensa%20participaron%20en%20taller%20de%20periodismo%20judicial&#038;url=https:\/\/radiorevelacionfm.cl\/?p=48111' aria-hidden='false' data-av_icon='\ue8f1' data-av_iconfont='entypo-fontello' title='' data-avia-related-tooltip='Compartir en Twitter' rel=\"noopener\"><span class='avia_hidden_link_text'>Compartir en Twitter<\/span><\/a><\/li><li class='av-share-link av-social-link-whatsapp' ><a target=\"_blank\" aria-label=\"Compartir en Whatsapp\" href='https:\/\/api.whatsapp.com\/send?text=https:\/\/radiorevelacionfm.cl\/?p=48111' aria-hidden='false' data-av_icon='\uf232' data-av_iconfont='entypo-fontello' title='' data-avia-related-tooltip='Compartir en Whatsapp' rel=\"noopener\"><span class='avia_hidden_link_text'>Compartir en Whatsapp<\/span><\/a><\/li><li class='av-share-link av-social-link-linkedin' ><a target=\"_blank\" aria-label=\"Compartir en LinkedIn\" href='https:\/\/linkedin.com\/shareArticle?mini=true&#038;title=Corte%20de%20Coyhaique%3A%20Medios%20de%20prensa%20participaron%20en%20taller%20de%20periodismo%20judicial&#038;url=https:\/\/radiorevelacionfm.cl\/?p=48111' aria-hidden='false' data-av_icon='\ue8fc' data-av_iconfont='entypo-fontello' title='' data-avia-related-tooltip='Compartir en LinkedIn' rel=\"noopener\"><span class='avia_hidden_link_text'>Compartir en LinkedIn<\/span><\/a><\/li><li class='av-share-link av-social-link-mail' ><a  aria-label=\"Compartir por correo\" href='mailto:?subject=Corte%20de%20Coyhaique%3A%20Medios%20de%20prensa%20participaron%20en%20taller%20de%20periodismo%20judicial&#038;body=https:\/\/radiorevelacionfm.cl\/?p=48111' aria-hidden='false' data-av_icon='\ue805' data-av_iconfont='entypo-fontello' title='' data-avia-related-tooltip='Compartir por correo'><span class='avia_hidden_link_text'>Compartir por correo<\/span><\/a><\/li><\/ul><\/div><\/div>\n<div  style='height:50px' class='hr hr-invisible   avia-builder-el-8  el_after_av_social_share  el_before_av_comments_list '><span class='hr-inner ' ><span class='hr-inner-style'><\/span><\/span><\/div>\n<div  class='av-buildercomment  av-blog-meta-html-info-disabled av-blog-meta-tag-disabled  '><\/div>\n","protected":false},"excerpt":{"rendered":"","protected":false},"author":1,"featured_media":48112,"comment_status":"open","ping_status":"open","sticky":false,"template":"","format":"standard","meta":{"footnotes":""},"categories":[55],"tags":[],"class_list":["post-48111","post","type-post","status-publish","format-standard","has-post-thumbnail","hentry","category-justicia"],"jetpack_featured_media_url":"https:\/\/radiorevelacionfm.cl\/wp-content\/uploads\/2024\/11\/Foto-1-capacitacion-2-2.jpg","_links":{"self":[{"href":"https:\/\/radiorevelacionfm.cl\/index.php?rest_route=\/wp\/v2\/posts\/48111","targetHints":{"allow":["GET"]}}],"collection":[{"href":"https:\/\/radiorevelacionfm.cl\/index.php?rest_route=\/wp\/v2\/posts"}],"about":[{"href":"https:\/\/radiorevelacionfm.cl\/index.php?rest_route=\/wp\/v2\/types\/post"}],"author":[{"embeddable":true,"href":"https:\/\/radiorevelacionfm.cl\/index.php?rest_route=\/wp\/v2\/users\/1"}],"replies":[{"embeddable":true,"href":"https:\/\/radiorevelacionfm.cl\/index.php?rest_route=%2Fwp%2Fv2%2Fcomments&post=48111"}],"version-history":[{"count":1,"href":"https:\/\/radiorevelacionfm.cl\/index.php?rest_route=\/wp\/v2\/posts\/48111\/revisions"}],"predecessor-version":[{"id":48113,"href":"https:\/\/radiorevelacionfm.cl\/index.php?rest_route=\/wp\/v2\/posts\/48111\/revisions\/48113"}],"wp:featuredmedia":[{"embeddable":true,"href":"https:\/\/radiorevelacionfm.cl\/index.php?rest_route=\/wp\/v2\/media\/48112"}],"wp:attachment":[{"href":"https:\/\/radiorevelacionfm.cl\/index.php?rest_route=%2Fwp%2Fv2%2Fmedia&parent=48111"}],"wp:term":[{"taxonomy":"category","embeddable":true,"href":"https:\/\/radiorevelacionfm.cl\/index.php?rest_route=%2Fwp%2Fv2%2Fcategories&post=48111"},{"taxonomy":"post_tag","embeddable":true,"href":"https:\/\/radiorevelacionfm.cl\/index.php?rest_route=%2Fwp%2Fv2%2Ftags&post=48111"}],"curies":[{"name":"wp","href":"https:\/\/api.w.org\/{rel}","templated":true}]}}