{"id":48108,"date":"2024-11-20T13:07:33","date_gmt":"2024-11-20T16:07:33","guid":{"rendered":"https:\/\/radiorevelacionfm.cl\/?p=48108"},"modified":"2024-11-20T13:07:33","modified_gmt":"2024-11-20T16:07:33","slug":"en-marcha-casen-2024-que-buscara-conocer-la-realidad-de-1633-hogares-en-aysen","status":"publish","type":"post","link":"https:\/\/radiorevelacionfm.cl\/?p=48108","title":{"rendered":"En marcha Casen 2024 que buscar\u00e1 conocer la realidad de 1633 hogares en Ays\u00e9n"},"content":{"rendered":"<div class=\"flex_column av_one_full  flex_column_div av-zero-column-padding first  avia-builder-el-0  el_before_av_one_full  avia-builder-el-first  \" style='border-radius:0px; '><div  class='avia-image-container  av-styling-    avia-builder-el-1  avia-builder-el-no-sibling  avia-align-center '  itemprop=\"image\" itemscope=\"itemscope\" itemtype=\"https:\/\/schema.org\/ImageObject\"  ><div class='avia-image-container-inner'><div class='avia-image-overlay-wrap'><img decoding=\"async\" class='wp-image-48109 avia-img-lazy-loading-not-48109 avia_image' src=\"https:\/\/radiorevelacionfm.cl\/wp-content\/uploads\/2024\/11\/credencial-2-2.jpeg\" alt='' title='credencial-2-2' height=\"600\" width=\"901\"  itemprop=\"thumbnailUrl\" srcset=\"https:\/\/radiorevelacionfm.cl\/wp-content\/uploads\/2024\/11\/credencial-2-2.jpeg 901w, https:\/\/radiorevelacionfm.cl\/wp-content\/uploads\/2024\/11\/credencial-2-2-300x200.jpeg 300w, https:\/\/radiorevelacionfm.cl\/wp-content\/uploads\/2024\/11\/credencial-2-2-768x511.jpeg 768w, https:\/\/radiorevelacionfm.cl\/wp-content\/uploads\/2024\/11\/credencial-2-2-705x469.jpeg 705w, https:\/\/radiorevelacionfm.cl\/wp-content\/uploads\/2024\/11\/credencial-2-2-450x300.jpeg 450w, https:\/\/radiorevelacionfm.cl\/wp-content\/uploads\/2024\/11\/credencial-2-2-600x400.jpeg 600w\" sizes=\"(max-width: 901px) 100vw, 901px\" \/><\/div><\/div><\/div><\/div><div class=\"flex_column av_one_full  flex_column_div av-zero-column-padding first  avia-builder-el-2  el_after_av_one_full  el_before_av_one_full  column-top-margin\" style='border-radius:0px; '><section class=\"av_textblock_section \"  itemscope=\"itemscope\" itemtype=\"https:\/\/schema.org\/BlogPosting\" itemprop=\"blogPost\" ><div class='avia_textblock  '   itemprop=\"text\" ><p style=\"text-align: center;\"><strong><span style=\"font-size: 18pt;\">En marcha Casen 2024 que buscar\u00e1 conocer la realidad de 1633 hogares en Ays\u00e9n<\/span><\/strong><\/p>\n<div id=\"gtx-trans\" style=\"position: absolute; left: -50px; top: 4.31534px;\">\n<div class=\"gtx-trans-icon\"><\/div>\n<\/div>\n<\/div><\/section><\/div><div class=\"flex_column av_one_full  flex_column_div av-zero-column-padding first  avia-builder-el-4  el_after_av_one_full  el_before_av_hr  column-top-margin\" style='border-radius:0px; '><section class=\"av_textblock_section \"  itemscope=\"itemscope\" itemtype=\"https:\/\/schema.org\/BlogPosting\" itemprop=\"blogPost\" ><div class='avia_textblock  '   itemprop=\"text\" ><p style=\"text-align: justify;\">A nivel pa\u00eds se encuestar\u00e1n de forma aleatoria a m\u00e1s de 74 mil hogares, instrumento a cargo del Ministerio de Desarrollo Social y Familia que busca medir la pobreza y desigualdad para dise\u00f1ar e implementar pol\u00edticas p\u00fablicas con perspectiva territorial.<\/p>\n<p style=\"text-align: justify;\">Desplegados en 8 comunas de la regi\u00f3n estar\u00e1n m\u00e1s de 25 encuestadores para llevar a cabo un nuevo proceso de la Encuesta de Caracterizaci\u00f3n Socioecon\u00f3mica, Casen 2024, cuya muestra objetivo medir\u00e1 1.633 hogares en la regi\u00f3n de Ays\u00e9n, lo que representa un aumento del 16.9% respecto a la muestra anterior.<\/p>\n<p style=\"text-align: justify;\">Con el objetivo de conocer la situaci\u00f3n de los hogares y de la poblaci\u00f3n en Chile para el dise\u00f1o y evaluaci\u00f3n de las pol\u00edticas sociales, la encuesta Casen se inici\u00f3 en todo el pa\u00eds el 1 de noviembre y culmina el 31 de enero de 2025, a cargo del Ministerio de Desarrollo Social y Familia a trav\u00e9s del Centro de Microdatos de la Universidad de Chile.<\/p>\n<p style=\"text-align: justify;\">La Seremi de Desarrollo Social y Familia, Karina Acevedo Auad relev\u00f3 este instrumento que permite medir la pobreza y la desigualdad en todo el territorio nacional y que en esta versi\u00f3n busca llegar a m\u00e1s de 74 mil hogares a nivel pa\u00eds, mientras que en Ays\u00e9n ser\u00e1n 1633<\/p>\n<p style=\"text-align: justify;\">\u00a0\u00abM\u00e1s de 25 encuestadores\u00a0estar\u00e1n trabajando en la regi\u00f3n, llegando incluso a las localidades m\u00e1s apartadas, como Isla Victoria\u00a0en Ays\u00e9n y Balsa Baker\u00a0en la comuna de Cochrane. Este instrumento tan valioso, nos permitir\u00e1 tener una completa radiograf\u00eda de la pobreza y desigualdad con miras a dise\u00f1ar e implementar pol\u00edticas p\u00fablicas atingentes. Esa ha sido la impronta del presidente Boric y lo pudimos ver reflejado en el aumento de la Pensi\u00f3n Garantizada Universal, entre otros\u00bb.<\/p>\n<p style=\"text-align: justify;\">Haciendo hincapi\u00e9 en la relevancia de participar de este proceso, Karina Acevedo Auad se\u00f1al\u00f3 \u00abLa selecci\u00f3n de los encuestados es aleatoria, es por eso que si tiene m\u00e1s de 18 a\u00f1os es muy importante que pueda contestar la encuesta ya que es de car\u00e1cter voluntario, es completamente confidencial y an\u00f3nima. Todos los encuestadores llevar\u00e1n una credencial con su nombre, RUT y fotograf\u00eda y queremos contarles que ya se encuentran encuestando en la comuna de Coyhaique y Cisnes\u00bb.<\/p>\n<p style=\"text-align: justify;\">ANTECEDENTES<\/p>\n<p style=\"text-align: justify;\">La Encuesta Casen 2024, aborda tem\u00e1ticas tales como: educaci\u00f3n, trabajo, ingresos, salud, Identidades, redes y participaci\u00f3n, Vivienda, as\u00ed como tambi\u00e9n informaci\u00f3n de caracterizaci\u00f3n de los integrantes del hogar, por lo que en total es una hora aproximadamente lo que puede tomar la aplicaci\u00f3n de la encuesta ya que incorpora nuevas tem\u00e1ticas a consultar una muy relevante es en el m\u00f3dulo ingresos\u00a0con la\u00a0incorporaci\u00f3n del SUF autom\u00e1tico, Bolsillo Familiar Electr\u00f3nico y el Subsidio el\u00e9ctrico. Adem\u00e1s, un cambio relevante es una nueva bater\u00eda de preguntas para capturar los ingresos por pensiones.<\/p>\n<p style=\"text-align: justify;\">En el a\u00f1o 2022 la regi\u00f3n de Ays\u00e9n registr\u00f3 una incidencia de pobreza en la poblaci\u00f3n de 4,0%, ubic\u00e1ndose por debajo del promedio nacional que fue de 6,5% y en cuanto a la extrema pobreza ponder\u00f3 un 1,0% siendo la m\u00e1s baja a nivel pa\u00eds. En el sitio web\u00a0<a href=\"http:\/\/www.microdatos.cl\/consulta-encuestador\">www.microdatos.cl\/consulta-encuestador<\/a>\u00a0se podr\u00e1 verificar la identidad de los encuestadores solo digitando su n\u00famero de RUT.<\/p>\n<\/div><\/section><\/div><div  style='height:50px' class='hr hr-invisible   avia-builder-el-6  el_after_av_one_full  el_before_av_social_share '><span class='hr-inner ' ><span class='hr-inner-style'><\/span><\/span><\/div><\/p>\n<div  class='av-social-sharing-box  avia-builder-el-7  el_after_av_hr  el_before_av_hr  '><div class='av-share-box'><h5 class='av-share-link-description av-no-toc '>Compartir esta noticia<\/h5><ul class='av-share-box-list noLightbox'><li class='av-share-link av-social-link-facebook' ><a target=\"_blank\" aria-label=\"Compartir en Facebook\" href='https:\/\/www.facebook.com\/sharer.php?u=https:\/\/radiorevelacionfm.cl\/?p=48108&#038;t=En%20marcha%20Casen%202024%20que%20buscar%C3%A1%20conocer%20la%20realidad%20de%201633%20hogares%20en%20Ays%C3%A9n' aria-hidden='false' data-av_icon='\ue8f3' data-av_iconfont='entypo-fontello' title='' data-avia-related-tooltip='Compartir en Facebook' rel=\"noopener\"><span class='avia_hidden_link_text'>Compartir en Facebook<\/span><\/a><\/li><li class='av-share-link av-social-link-twitter' ><a target=\"_blank\" aria-label=\"Compartir en Twitter\" href='https:\/\/twitter.com\/share?text=En%20marcha%20Casen%202024%20que%20buscar%C3%A1%20conocer%20la%20realidad%20de%201633%20hogares%20en%20Ays%C3%A9n&#038;url=https:\/\/radiorevelacionfm.cl\/?p=48108' aria-hidden='false' data-av_icon='\ue8f1' data-av_iconfont='entypo-fontello' title='' data-avia-related-tooltip='Compartir en Twitter' rel=\"noopener\"><span class='avia_hidden_link_text'>Compartir en Twitter<\/span><\/a><\/li><li class='av-share-link av-social-link-whatsapp' ><a target=\"_blank\" aria-label=\"Compartir en Whatsapp\" href='https:\/\/api.whatsapp.com\/send?text=https:\/\/radiorevelacionfm.cl\/?p=48108' aria-hidden='false' data-av_icon='\uf232' data-av_iconfont='entypo-fontello' title='' data-avia-related-tooltip='Compartir en Whatsapp' rel=\"noopener\"><span class='avia_hidden_link_text'>Compartir en Whatsapp<\/span><\/a><\/li><li class='av-share-link av-social-link-linkedin' ><a target=\"_blank\" aria-label=\"Compartir en LinkedIn\" href='https:\/\/linkedin.com\/shareArticle?mini=true&#038;title=En%20marcha%20Casen%202024%20que%20buscar%C3%A1%20conocer%20la%20realidad%20de%201633%20hogares%20en%20Ays%C3%A9n&#038;url=https:\/\/radiorevelacionfm.cl\/?p=48108' aria-hidden='false' data-av_icon='\ue8fc' data-av_iconfont='entypo-fontello' title='' data-avia-related-tooltip='Compartir en LinkedIn' rel=\"noopener\"><span class='avia_hidden_link_text'>Compartir en LinkedIn<\/span><\/a><\/li><li class='av-share-link av-social-link-mail' ><a  aria-label=\"Compartir por correo\" href='mailto:?subject=En%20marcha%20Casen%202024%20que%20buscar%C3%A1%20conocer%20la%20realidad%20de%201633%20hogares%20en%20Ays%C3%A9n&#038;body=https:\/\/radiorevelacionfm.cl\/?p=48108' aria-hidden='false' data-av_icon='\ue805' data-av_iconfont='entypo-fontello' title='' data-avia-related-tooltip='Compartir por correo'><span class='avia_hidden_link_text'>Compartir por correo<\/span><\/a><\/li><\/ul><\/div><\/div>\n<div  style='height:50px' class='hr hr-invisible   avia-builder-el-8  el_after_av_social_share  el_before_av_comments_list '><span class='hr-inner ' ><span class='hr-inner-style'><\/span><\/span><\/div>\n<div  class='av-buildercomment  av-blog-meta-html-info-disabled av-blog-meta-tag-disabled  '><\/div>\n","protected":false},"excerpt":{"rendered":"","protected":false},"author":1,"featured_media":48109,"comment_status":"open","ping_status":"open","sticky":false,"template":"","format":"standard","meta":{"footnotes":""},"categories":[38],"tags":[],"class_list":["post-48108","post","type-post","status-publish","format-standard","has-post-thumbnail","hentry","category-regional"],"jetpack_featured_media_url":"https:\/\/radiorevelacionfm.cl\/wp-content\/uploads\/2024\/11\/credencial-2-2.jpeg","_links":{"self":[{"href":"https:\/\/radiorevelacionfm.cl\/index.php?rest_route=\/wp\/v2\/posts\/48108","targetHints":{"allow":["GET"]}}],"collection":[{"href":"https:\/\/radiorevelacionfm.cl\/index.php?rest_route=\/wp\/v2\/posts"}],"about":[{"href":"https:\/\/radiorevelacionfm.cl\/index.php?rest_route=\/wp\/v2\/types\/post"}],"author":[{"embeddable":true,"href":"https:\/\/radiorevelacionfm.cl\/index.php?rest_route=\/wp\/v2\/users\/1"}],"replies":[{"embeddable":true,"href":"https:\/\/radiorevelacionfm.cl\/index.php?rest_route=%2Fwp%2Fv2%2Fcomments&post=48108"}],"version-history":[{"count":1,"href":"https:\/\/radiorevelacionfm.cl\/index.php?rest_route=\/wp\/v2\/posts\/48108\/revisions"}],"predecessor-version":[{"id":48110,"href":"https:\/\/radiorevelacionfm.cl\/index.php?rest_route=\/wp\/v2\/posts\/48108\/revisions\/48110"}],"wp:featuredmedia":[{"embeddable":true,"href":"https:\/\/radiorevelacionfm.cl\/index.php?rest_route=\/wp\/v2\/media\/48109"}],"wp:attachment":[{"href":"https:\/\/radiorevelacionfm.cl\/index.php?rest_route=%2Fwp%2Fv2%2Fmedia&parent=48108"}],"wp:term":[{"taxonomy":"category","embeddable":true,"href":"https:\/\/radiorevelacionfm.cl\/index.php?rest_route=%2Fwp%2Fv2%2Fcategories&post=48108"},{"taxonomy":"post_tag","embeddable":true,"href":"https:\/\/radiorevelacionfm.cl\/index.php?rest_route=%2Fwp%2Fv2%2Ftags&post=48108"}],"curies":[{"name":"wp","href":"https:\/\/api.w.org\/{rel}","templated":true}]}}